{"id":474844,"date":"2025-10-19T13:17:32","date_gmt":"2025-10-19T13:17:32","guid":{"rendered":"https:\/\/www.europesays.com\/fr\/474844\/"},"modified":"2025-10-19T13:17:32","modified_gmt":"2025-10-19T13:17:32","slug":"isere-une-jeune-femme-de-24-ans-meurt-poignardee-par-sa-voisine-a-grenoble-2","status":"publish","type":"post","link":"https:\/\/www.europesays.com\/fr\/474844\/","title":{"rendered":"Is\u00e8re. Une jeune femme de 24 ans meurt poignard\u00e9e par sa voisine, \u00e0 Grenoble"},"content":{"rendered":"<p>Une querelle entre deux familles habitant le m\u00eame immeuble, \u00e0 Grenoble, semble \u00eatre \u00e0 l\u2019origine d\u2019une trag\u00e9die survenue ce samedi soir r\u00e9sultant dans le meurtre d&rsquo;une jeune femme de 24 ans, rapporte <a href=\"https:\/\/www.ledauphine.com\/faits-divers-justice\/2025\/10\/18\/une-jeune-femme-tuee-d-un-coup-de-couteau-lors-d-un-differend-de-voisinage\" target=\"_blank\" rel=\"nofollow noopener\">Le Dauphin\u00e9 Lib\u00e9r\u00e9<\/a>. <\/p>\n<p>Ce contenu est bloqu\u00e9 car vous n&rsquo;avez pas accept\u00e9 les cookies et autres traceurs.<\/p>\n<p>En cliquant sur \u00ab J\u2019accepte \u00bb, les cookies et autres traceurs seront d\u00e9pos\u00e9s et vous pourrez visualiser les contenus  (<a href=\"\" class=\"consentModule_policy\" target=\"_blank\" title=\"Consulter la politique de protection des donn\u00e9es du fournisseur\">plus d&rsquo;informations<\/a>).<\/p>\n<p>En cliquant sur \u00ab J\u2019accepte tous les cookies \u00bb, vous autorisez des d\u00e9p\u00f4ts de cookies et autres traceurs pour le stockage de vos donn\u00e9es sur nos sites et applications \u00e0 des fins de personnalisation et de ciblage publicitaire.<\/p>\n<p class=\"consentModule_secondaryText\">Vous gardez la possibilit\u00e9 de retirer votre consentement \u00e0 tout moment en consultant notre <a href=\"https:\/\/www.dna.fr\/protection-des-donnees\" target=\"_blank\" title=\"Consulter notre politique de protection des donn\u00e9es\" rel=\"nofollow noopener\">politique de protection des donn\u00e9es<\/a>. <br \/>&#13;<br \/>\n            <a href=\"https:\/\/www.dna.fr\/faits-divers-justice\/2025\/10\/19\/javascript:Didomi.notice.show()\" class=\"consentModule_cmp\" rel=\"nofollow noopener\" target=\"_blank\">G\u00e9rer mes choix<\/a>&#13;\n        <\/p>\n<p>&#13;<br \/>\n                        J&rsquo;accepte&#13;<br \/>\n            J&rsquo;accepte tous les cookies&#13;\n        <\/p>\n<p>Les sapeurs-pompiers ont \u00e9t\u00e9 mobilis\u00e9s aux alentours de 20h30 pour porter secours \u00e0 une jeune femme de 24 ans qui venait d\u2019\u00eatre gravement bless\u00e9e \u00e0 l\u2019arme blanche et qui gisait dans un appartement de la rue Danton, dans le quartier Chorier-Berriat. Les secours n\u2019ont malheureusement pas r\u00e9ussi \u00e0 sauver la victime, celle-ci succombant \u00e0 ses blessures avant son arriv\u00e9e \u00e0 l\u2019h\u00f4pital.<\/p>\n<p>Selon les premi\u00e8res constatations et auditions de t\u00e9moins, une voisine de la victime, \u00e2g\u00e9e de 20 ans est suspect\u00e9e d\u2019avoir port\u00e9 le ou les coups de couteau. Elle a \u00e9t\u00e9 interpell\u00e9e et plac\u00e9e en garde \u00e0 vue \u00e0 l\u2019h\u00f4tel de police.<\/p>\n<p class=\"note\"><strong>&gt;&gt; Lire l&rsquo;article complet du <a href=\"https:\/\/www.ledauphine.com\/faits-divers-justice\/2025\/10\/18\/une-jeune-femme-tuee-d-un-coup-de-couteau-lors-d-un-differend-de-voisinage\" target=\"_blank\" rel=\"nofollow noopener\">Dauphin\u00e9 Lib\u00e9r\u00e9<\/a><\/strong><\/p>\n","protected":false},"excerpt":{"rendered":"Une querelle entre deux familles habitant le m\u00eame immeuble, \u00e0 Grenoble, semble \u00eatre \u00e0 l\u2019origine d\u2019une trag\u00e9die survenue&hellip;\n","protected":false},"author":2,"featured_media":474379,"comment_status":"","ping_status":"","sticky":false,"template":"","format":"standard","meta":{"footnotes":""},"categories":[9566],"tags":[1111,11,2430,1777,674,274,107,1011,27,329,2731,12,25],"class_list":{"0":"post-474844","1":"post","2":"type-post","3":"status-publish","4":"format-standard","5":"has-post-thumbnail","7":"category-grenoble","8":"tag-actu","9":"tag-actualites","10":"tag-auvergne-rhone-alpes","11":"tag-eu","12":"tag-europe","13":"tag-faits-divers-justice","14":"tag-fil-info","15":"tag-fr","16":"tag-france","17":"tag-france-monde","18":"tag-grenoble","19":"tag-news","20":"tag-republique-francaise"},"share_on_mastodon":{"url":"https:\/\/pubeurope.com\/@fr\/115401028008530273","error":""},"_links":{"self":[{"href":"https:\/\/www.europesays.com\/fr\/wp-json\/wp\/v2\/posts\/474844","targetHints":{"allow":["GET"]}}],"collection":[{"href":"https:\/\/www.europesays.com\/fr\/wp-json\/wp\/v2\/posts"}],"about":[{"href":"https:\/\/www.europesays.com\/fr\/wp-json\/wp\/v2\/types\/post"}],"author":[{"embeddable":true,"href":"https:\/\/www.europesays.com\/fr\/wp-json\/wp\/v2\/users\/2"}],"replies":[{"embeddable":true,"href":"https:\/\/www.europesays.com\/fr\/wp-json\/wp\/v2\/comments?post=474844"}],"version-history":[{"count":0,"href":"https:\/\/www.europesays.com\/fr\/wp-json\/wp\/v2\/posts\/474844\/revisions"}],"wp:featuredmedia":[{"embeddable":true,"href":"https:\/\/www.europesays.com\/fr\/wp-json\/wp\/v2\/media\/474379"}],"wp:attachment":[{"href":"https:\/\/www.europesays.com\/fr\/wp-json\/wp\/v2\/media?parent=474844"}],"wp:term":[{"taxonomy":"category","embeddable":true,"href":"https:\/\/www.europesays.com\/fr\/wp-json\/wp\/v2\/categories?post=474844"},{"taxonomy":"post_tag","embeddable":true,"href":"https:\/\/www.europesays.com\/fr\/wp-json\/wp\/v2\/tags?post=474844"}],"curies":[{"name":"wp","href":"https:\/\/api.w.org\/{rel}","templated":true}]}}