{"id":474845,"date":"2025-10-19T13:18:10","date_gmt":"2025-10-19T13:18:10","guid":{"rendered":"https:\/\/www.europesays.com\/fr\/474845\/"},"modified":"2025-10-19T13:18:10","modified_gmt":"2025-10-19T13:18:10","slug":"disparue-durant-cinq-heures-une-fillette-de-4-ans-retrouvee-saine-et-sauve-sur-le-bord-dune-route-en-ille-et-vilaine","status":"publish","type":"post","link":"https:\/\/www.europesays.com\/fr\/474845\/","title":{"rendered":"Disparue durant cinq\u00a0heures, une fillette de 4 ans retrouv\u00e9e saine et sauve sur le bord d\u2019une route en Ille-et-Vilaine"},"content":{"rendered":"<p>Une fillette de quatre ans se trouvait avec ses parents chez des amis o\u00f9 ils passaient la soir\u00e9e samedi, sur la commune de Saint-Gilles (35), pr\u00e8s de Pac\u00e9. Pour une raison qui reste \u00e0 d\u00e9terminer elle aurait alors \u00e9chapp\u00e9 \u00e0 la surveillance de ses parents. Ces derniers ont donn\u00e9 l\u2019alerte apr\u00e8s avoir constat\u00e9 sa disparition vers 19 h 30.<\/p>\n<p>Une \u00e9quipe cynophile et un h\u00e9licopt\u00e8re<\/p>\n<p>Rapidement, des moyens cons\u00e9quents ont \u00e9t\u00e9 d\u00e9ploy\u00e9s pour la retrouver. Une cinquantaine de gendarmes, ont \u00e9t\u00e9 d\u00e9p\u00each\u00e9s sur place, appuy\u00e9s par une \u00e9quipe cynophile et un h\u00e9licopt\u00e8re. Des pompiers \u00e9taient \u00e9galement mobilis\u00e9s avec un drone de reconnaissance.<\/p>\n<p>De nombreuses patrouilles ont ainsi \u00e9t\u00e9 organis\u00e9es au cours de la nuit. Ce sont finalement des gendarmes qui, sillonnant le secteur, ont pu retrouver la fillette saine et sauve vers 1 h du matin, apr\u00e8s cinq heures de recherche.<\/p>\n<p>L\u2019enfant se trouvait en bordure d\u2019une route, \u00e0 environ un kilom\u00e8tre du domicile des amis chez qui la famille se trouvait en d\u00e9but de soir\u00e9e. Prise en charge par les secours la petite fille a finalement \u00e9t\u00e9 transport\u00e9e vers le CHR Pontchaillou de Rennes pour des examens.<\/p>\n","protected":false},"excerpt":{"rendered":"Une fillette de quatre ans se trouvait avec ses parents chez des amis o\u00f9 ils passaient la soir\u00e9e&hellip;\n","protected":false},"author":2,"featured_media":474846,"comment_status":"","ping_status":"","sticky":false,"template":"","format":"standard","meta":{"footnotes":""},"categories":[2821],"tags":[1111,11,829,765,1777,674,118,1011,27,848,12,584,25],"class_list":{"0":"post-474845","1":"post","2":"type-post","3":"status-publish","4":"format-standard","5":"has-post-thumbnail","7":"category-rennes","8":"tag-actu","9":"tag-actualites","10":"tag-bretagne","11":"tag-en-continu","12":"tag-eu","13":"tag-europe","14":"tag-faits-divers","15":"tag-fr","16":"tag-france","17":"tag-ille-et-vilaine","18":"tag-news","19":"tag-rennes","20":"tag-republique-francaise"},"share_on_mastodon":{"url":"https:\/\/pubeurope.com\/@fr\/115401032190023597","error":""},"_links":{"self":[{"href":"https:\/\/www.europesays.com\/fr\/wp-json\/wp\/v2\/posts\/474845","targetHints":{"allow":["GET"]}}],"collection":[{"href":"https:\/\/www.europesays.com\/fr\/wp-json\/wp\/v2\/posts"}],"about":[{"href":"https:\/\/www.europesays.com\/fr\/wp-json\/wp\/v2\/types\/post"}],"author":[{"embeddable":true,"href":"https:\/\/www.europesays.com\/fr\/wp-json\/wp\/v2\/users\/2"}],"replies":[{"embeddable":true,"href":"https:\/\/www.europesays.com\/fr\/wp-json\/wp\/v2\/comments?post=474845"}],"version-history":[{"count":0,"href":"https:\/\/www.europesays.com\/fr\/wp-json\/wp\/v2\/posts\/474845\/revisions"}],"wp:featuredmedia":[{"embeddable":true,"href":"https:\/\/www.europesays.com\/fr\/wp-json\/wp\/v2\/media\/474846"}],"wp:attachment":[{"href":"https:\/\/www.europesays.com\/fr\/wp-json\/wp\/v2\/media?parent=474845"}],"wp:term":[{"taxonomy":"category","embeddable":true,"href":"https:\/\/www.europesays.com\/fr\/wp-json\/wp\/v2\/categories?post=474845"},{"taxonomy":"post_tag","embeddable":true,"href":"https:\/\/www.europesays.com\/fr\/wp-json\/wp\/v2\/tags?post=474845"}],"curies":[{"name":"wp","href":"https:\/\/api.w.org\/{rel}","templated":true}]}}