{"id":474853,"date":"2025-10-19T13:24:17","date_gmt":"2025-10-19T13:24:17","guid":{"rendered":"https:\/\/www.europesays.com\/fr\/474853\/"},"modified":"2025-10-19T13:24:17","modified_gmt":"2025-10-19T13:24:17","slug":"attention-les-trouvailles-on-chine-au-vide-greniers-de-la-rue-joffre-a-nantes-aujourdhui","status":"publish","type":"post","link":"https:\/\/www.europesays.com\/fr\/474853\/","title":{"rendered":"Attention les trouvailles\u00a0! On chine au vide-greniers de la rue Joffre, \u00e0 Nantes, aujourd\u2019hui"},"content":{"rendered":"<p>Les p\u00e9pites sont de sortie ce week-end et prennent place rue Mar\u00e9chal-Joffre et rue Geoffroy-Drouet. Ces rues parmi les plus anim\u00e9es de Nantes seront occup\u00e9es, dimanche, par le vide-greniers du secteur.<\/p>\n<p>L\u2019occasion de venir chiner toutes sortes d\u2019objets ou de v\u00eatements, et esp\u00e9rer repartir avec de nouvelles trouvailles. Avec, aussi, le dr\u00f4le de concert de Philippe Mijo, \u00e0 11\u00a0h. Bars et points de restauration propos\u00e9s tout au long de la journ\u00e9e.<\/p>\n<p><strong>Dimanche 19\u00a0octobre<\/strong>, de 8\u00a0h \u00e0 18\u00a0h, rue Mar\u00e9chal-Joffre, \u00e0 Nantes. Bus ligne 4, arr\u00eat Foch-Cath\u00e9drale, ou Bus 11, 12, C1, arr\u00eat Sophie -Tr\u00e9buchet. Gratuit.<\/p>\n<p>\u00a0<\/p>\n","protected":false},"excerpt":{"rendered":"Les p\u00e9pites sont de sortie ce week-end et prennent place rue Mar\u00e9chal-Joffre et rue Geoffroy-Drouet. Ces rues parmi&hellip;\n","protected":false},"author":2,"featured_media":474854,"comment_status":"","ping_status":"","sticky":false,"template":"","format":"standard","meta":{"footnotes":""},"categories":[2818],"tags":[1111,11,33192,309,1777,674,1011,27,33193,59819,766,12,2636,25,3640,59818,3365],"class_list":{"0":"post-474853","1":"post","2":"type-post","3":"status-publish","4":"format-standard","5":"has-post-thumbnail","7":"category-nantes","8":"tag-actu","9":"tag-actualites","10":"tag-aujourd","11":"tag-chine","12":"tag-eu","13":"tag-europe","14":"tag-fr","15":"tag-france","16":"tag-hui","17":"tag-joffre","18":"tag-nantes","19":"tag-news","20":"tag-pays-de-la-loire","21":"tag-republique-francaise","22":"tag-rue","23":"tag-trouvailles","24":"tag-vide-greniers"},"share_on_mastodon":{"url":"https:\/\/pubeurope.com\/@fr\/115401055491424415","error":""},"_links":{"self":[{"href":"https:\/\/www.europesays.com\/fr\/wp-json\/wp\/v2\/posts\/474853","targetHints":{"allow":["GET"]}}],"collection":[{"href":"https:\/\/www.europesays.com\/fr\/wp-json\/wp\/v2\/posts"}],"about":[{"href":"https:\/\/www.europesays.com\/fr\/wp-json\/wp\/v2\/types\/post"}],"author":[{"embeddable":true,"href":"https:\/\/www.europesays.com\/fr\/wp-json\/wp\/v2\/users\/2"}],"replies":[{"embeddable":true,"href":"https:\/\/www.europesays.com\/fr\/wp-json\/wp\/v2\/comments?post=474853"}],"version-history":[{"count":0,"href":"https:\/\/www.europesays.com\/fr\/wp-json\/wp\/v2\/posts\/474853\/revisions"}],"wp:featuredmedia":[{"embeddable":true,"href":"https:\/\/www.europesays.com\/fr\/wp-json\/wp\/v2\/media\/474854"}],"wp:attachment":[{"href":"https:\/\/www.europesays.com\/fr\/wp-json\/wp\/v2\/media?parent=474853"}],"wp:term":[{"taxonomy":"category","embeddable":true,"href":"https:\/\/www.europesays.com\/fr\/wp-json\/wp\/v2\/categories?post=474853"},{"taxonomy":"post_tag","embeddable":true,"href":"https:\/\/www.europesays.com\/fr\/wp-json\/wp\/v2\/tags?post=474853"}],"curies":[{"name":"wp","href":"https:\/\/api.w.org\/{rel}","templated":true}]}}