{"id":474861,"date":"2025-10-19T13:28:10","date_gmt":"2025-10-19T13:28:10","guid":{"rendered":"https:\/\/www.europesays.com\/fr\/474861\/"},"modified":"2025-10-19T13:28:10","modified_gmt":"2025-10-19T13:28:10","slug":"histoire-le-double-jeu-du-resistant-achille-viadieu-originaire-de-toulouse-et-homme-aux-multiples-facettes","status":"publish","type":"post","link":"https:\/\/www.europesays.com\/fr\/474861\/","title":{"rendered":"Histoire. Le \u00ab\u00a0double jeu\u00a0\u00bb du r\u00e9sistant Achille Viadieu, originaire de Toulouse et homme aux multiples facettes"},"content":{"rendered":"<p>            Par<br \/>\n        <strong><br \/>\n            <a href=\"https:\/\/actu.fr\/auteur\/redaction-toulouse\" title=\"Consulter tous les articles de R\u00e9daction de Toulouse\" target=\"_blank\" rel=\"noopener\">R\u00e9daction de Toulouse<\/a><br \/>\n        <\/strong><\/p>\n<p>        Publi\u00e9 le<\/p>\n<p>            19 oct. 2025 \u00e0 14h20        <\/p>\n<p>\u00c9voquer la figure d\u2019<strong>Achille Viadieu<\/strong>, c\u2019est partir \u00e0 la d\u00e9couverte <a href=\"https:\/\/actu.fr\/toulouse\/\" target=\"_blank\" rel=\"noopener\">d\u2019un homme aux multiples facette<\/a>s dans la tourmente des ann\u00e9es d\u2019Occupation.\u00a0 Ce jeune p\u00e8re de famille, comptable \u00e0 la SNCF, m\u00e8ne en apparence une vie paisible. Affect\u00e9 dans une unit\u00e9 d\u2019a\u00e9rostiers puis d\u00e9mobilis\u00e9 apr\u00e8s l\u2019armistice du 22 juin 1940, il bascule dans la clandestinit\u00e9 trois ans plus tard.<\/p>\n<p>Chef r\u00e9gional du RNP<\/p>\n<p class=\" wall-content\"><strong>Marcel Taillandier<\/strong>, adjudant-chef radio dans les services sp\u00e9ciaux de la D\u00e9fense Nationale, le recrute parmi les militaires, les policiers, les civils, infiltr\u00e9s dans les administrations et les services allemands afin de constituer une \u00e9quipe de renseignement et de contre-espionnage sous le pseudonyme de \u00a0\u00bb Morhange \u00ab\u00a0.<\/p>\n<p class=\" wall-content\">Au cours de l\u2019\u00e9t\u00e9 1943, il arrive \u00e0 infiltrer le Rassemblement national populaire (RNP) de <strong>Marcel D\u00e9at<\/strong>, l\u2019un des trois principaux partis collaborationnistes avec le Parti populaire fran\u00e7ais (PPF) de <strong>Jacques Doriot<\/strong> et le Parti franciste de <strong>Marcel Bucard<\/strong>. Appr\u00e9ci\u00e9 par les cadres dirigeants, il s\u2019impose \u00e0 la t\u00eate du mouvement r\u00e9gional en novembre. Au fil des semaines, il arrive \u00e0 tisser des relations privil\u00e9gi\u00e9es avec certains officiers du SD (Sicherheitsdienst, Service de s\u00fbret\u00e9 en fran\u00e7ais, commun\u00e9ment raccourci en <strong>Gestapo<\/strong>), dont <strong>le redoutable Stubbe et Lehmann<\/strong>, l\u2019un de ses adjoints qu\u2019il invite parfois \u00e0 son domicile de la rue Valade. Une strat\u00e9gie qui lui permet d\u2019avoir acc\u00e8s \u00e0 des informations confidentielles sur les actions pr\u00e9vues contre les r\u00e9sistants, d\u2019obtenir les indispensables Ausweis (laisser-passer permettant de circuler) et de fournir les membres du r\u00e9seau Morhange en faux-papiers.<\/p>\n<p>Une derni\u00e8re op\u00e9ration fatale<\/p>\n<p class=\" wall-content\">Mais ses nombreux d\u00e9placements, <strong>notamment \u00e0 Barcelone<\/strong> o\u00f9 se trouve l\u2019antenne des services sp\u00e9ciaux fran\u00e7ais d\u2019Alger, ne passent pas inaper\u00e7us. L\u2019\u00e9tau se resserre. En mai 1944, son \u00e9pouse Aline est interrog\u00e9e puis rel\u00e2ch\u00e9e. Alors qu\u2019il doit repartir pour la capitale catalane, Achille Viadieu pr\u00e9pare avec ses camarades une op\u00e9ration commando afin de neutraliser Georges Pujol, un ancien inspecteur des Renseignements g\u00e9n\u00e9raux pass\u00e9 dans les rangs allemands.<\/p>\n<p class=\" wall-content\">Reconnu <strong>place du Capitole<\/strong> par des gestapistes et des miliciens, il est pourchass\u00e9 en voiture \u00e0 travers la ville puis abattu par une rafale de mitraillettes, le 2 juin 1944, rue des R\u00e9collets (rebaptis\u00e9e \u00e0 son nom apr\u00e8s-guerre) alors qu\u2019il tente de leur \u00e9chapper avec son complice le policier Jacques Combatalade. \u00c9lev\u00e9 au rang de capitaine \u00e0 titre posthume, son nom figure sur le monument aux morts de Castelnau-Durban, son village ari\u00e9geois natal, et sur celui \u00e9rig\u00e9 \u00e0 Ramatuelle (Var) au M\u00e9morial d\u00e9di\u00e9 aux membres des services de renseignements et de contre-espionnage tu\u00e9s ou disparus lors d\u2019actions de r\u00e9sistance entre 1940 et 1945.<\/p>\n<p class=\" wall-content\">Personnalisez votre actualit\u00e9 en ajoutant vos villes et m\u00e9dias en favori avec <a href=\"https:\/\/moncompte.actu.fr\" title=\"D\u00e9couvez Mon Actu\" rel=\"nofollow noopener\" data-trk=\"{&quot;cta&quot;:{&quot;action&quot;:&quot;https:\\\/\\\/moncompte.actu.fr&quot;,&quot;category&quot;:&quot;mon compte&quot;,&quot;from&quot;:&quot;article footer&quot;,&quot;name&quot;:&quot;Mon actu&quot;,&quot;type&quot;:&quot;cta&quot;}}\" target=\"_blank\">Mon Actu<\/a>.<\/p>\n","protected":false},"excerpt":{"rendered":"Par R\u00e9daction de Toulouse Publi\u00e9 le 19 oct. 2025 \u00e0 14h20 \u00c9voquer la figure d\u2019Achille Viadieu, c\u2019est partir&hellip;\n","protected":false},"author":2,"featured_media":474862,"comment_status":"","ping_status":"","sticky":false,"template":"","format":"standard","meta":{"footnotes":""},"categories":[2816],"tags":[1111,11,1777,674,1011,27,937,1652,12,2680,25,935,2312],"class_list":{"0":"post-474861","1":"post","2":"type-post","3":"status-publish","4":"format-standard","5":"has-post-thumbnail","7":"category-toulouse","8":"tag-actu","9":"tag-actualites","10":"tag-eu","11":"tag-europe","12":"tag-fr","13":"tag-france","14":"tag-histoire","15":"tag-loisirs-culture","16":"tag-news","17":"tag-occitanie","18":"tag-republique-francaise","19":"tag-seconde-guerre-mondiale","20":"tag-toulouse"},"share_on_mastodon":{"url":"https:\/\/pubeurope.com\/@fr\/115401071332806966","error":""},"_links":{"self":[{"href":"https:\/\/www.europesays.com\/fr\/wp-json\/wp\/v2\/posts\/474861","targetHints":{"allow":["GET"]}}],"collection":[{"href":"https:\/\/www.europesays.com\/fr\/wp-json\/wp\/v2\/posts"}],"about":[{"href":"https:\/\/www.europesays.com\/fr\/wp-json\/wp\/v2\/types\/post"}],"author":[{"embeddable":true,"href":"https:\/\/www.europesays.com\/fr\/wp-json\/wp\/v2\/users\/2"}],"replies":[{"embeddable":true,"href":"https:\/\/www.europesays.com\/fr\/wp-json\/wp\/v2\/comments?post=474861"}],"version-history":[{"count":0,"href":"https:\/\/www.europesays.com\/fr\/wp-json\/wp\/v2\/posts\/474861\/revisions"}],"wp:featuredmedia":[{"embeddable":true,"href":"https:\/\/www.europesays.com\/fr\/wp-json\/wp\/v2\/media\/474862"}],"wp:attachment":[{"href":"https:\/\/www.europesays.com\/fr\/wp-json\/wp\/v2\/media?parent=474861"}],"wp:term":[{"taxonomy":"category","embeddable":true,"href":"https:\/\/www.europesays.com\/fr\/wp-json\/wp\/v2\/categories?post=474861"},{"taxonomy":"post_tag","embeddable":true,"href":"https:\/\/www.europesays.com\/fr\/wp-json\/wp\/v2\/tags?post=474861"}],"curies":[{"name":"wp","href":"https:\/\/api.w.org\/{rel}","templated":true}]}}