{"id":474863,"date":"2025-10-19T13:29:13","date_gmt":"2025-10-19T13:29:13","guid":{"rendered":"https:\/\/www.europesays.com\/fr\/474863\/"},"modified":"2025-10-19T13:29:13","modified_gmt":"2025-10-19T13:29:13","slug":"mes-chansons-sont-des-morceaux-de-vie","status":"publish","type":"post","link":"https:\/\/www.europesays.com\/fr\/474863\/","title":{"rendered":"Mes chansons sont des morceaux de vie"},"content":{"rendered":"<p>            Par<br \/>\n        <strong><br \/>\n            <a href=\"https:\/\/actu.fr\/auteur\/redaction-toulouse\" title=\"Consulter tous les articles de R\u00e9daction de Toulouse\" target=\"_blank\" rel=\"noopener\">R\u00e9daction de Toulouse<\/a><br \/>\n        <\/strong><\/p>\n<p>        Publi\u00e9 le<\/p>\n<p>            19 oct. 2025 \u00e0 15h22        <\/p>\n<p>Avec son premier single \u00ab\u00a0Voil\u00e0\u00a0\u00bb, <strong>Barbara Pravi<\/strong> imposait il y a quatre ans une voix chaude et puissante, une personnalit\u00e9 forte, un charisme impressionnant. D\u00e9sign\u00e9e pour repr\u00e9senter la France \u00e0 l\u2019Eurovision, elle terminait deuxi\u00e8me et empochait dans la foul\u00e9e le prix Sacem pour son premier album, \u00ab\u00a0On n\u2019enferme pas les oiseaux\u00a0\u00bb. Plus de 150 dates (dans plus de 20 pays) plus loin, la Parisienne d\u2019origine serbe et iranienne revient avec un beau disque tr\u00e8s personnel, \u00ab\u00a0Pieva\u00a0\u00bb, et un concert \u2013 pardon, un spectacle \u2013 le mardi 21 octobre 2025 au Bikini. <a href=\"https:\/\/actu.fr\/toulouse\/\" target=\"_blank\" rel=\"noopener\">Actu Toulouse<\/a> a pu lui poser quelques questions avant son concert. Rencontre.\u00a0<\/p>\n<p>\u00ab\u00a0Mes albums sont des morceaux de vie\u00a0\u00bb<\/p>\n<p class=\"ac-article-content__question wall-content\"><strong class=\"color-primary\">Actu : <\/strong>L&rsquo;histoire de ce disque est tr\u00e8s belle : tout part d&rsquo;une lettre&#8230;\n<\/p>\n<p class=\" wall-content\"><strong class=\"color-primary\">Barbara Pravi : <\/strong>Je connaissais d\u00e9j\u00e0 cette histoire, celle d&rsquo;une anc\u00eatre tzigane morte en 1750. Elle vendait des marchandises, dans sa colline en Serbie. On l&rsquo;appelait \u00ab\u00a0La Pieva\u00a0\u00bb car elle chantait sans cesse. D&rsquo;ailleurs, mon vrai nom est Pjevi\u0107, qui signifie \u00ab\u00a0les enfants de la chanteuse\u00a0\u00bb : elle a donn\u00e9 son nom, ou son surnom, \u00e0 notre famille. Mon grand-p\u00e8re Deda m&rsquo;a rappel\u00e9 cette histoire avec cette lettre qu&rsquo;il m&rsquo;a donn\u00e9e \u00e0 sa mort, dans laquelle il \u00e9crivait : \u00ab\u00a0Toi qui as choisi cette voie, regarde d&rsquo;o\u00f9 tu viens, souviens-toi de qui \u00e9tait La Pieva&#8230;\u00a0\u00bb<\/p>\n<p class=\"ac-article-content__question wall-content\">C&rsquo;est cette histoire qui donne \u00e0 votre album sa profondeur, sa richesse&#8230;\n<\/p>\n<p class=\" wall-content\"><strong class=\"color-primary\">Barbara Pravi : <\/strong>Il s&rsquo;intitule \u00ab\u00a0La Pieva\u00a0\u00bb, mais ce n&rsquo;est pas un album sur mon anc\u00eatre. Le point de d\u00e9part global du disque a \u00e9t\u00e9 de plonger dans mon intimit\u00e9. Et demander au public de me suivre, de recevoir ces moments de ma vie. C&rsquo;est ainsi que je fais des albums : ce sont des morceaux de vie.<\/p>\n<p>\u00ab\u00a0C\u2019est un spectacle, plus qu\u2019un concert\u00a0\u00bb<\/p>\n<p class=\"ac-article-content__question wall-content\">Repenser \u00e0 cette fameuse lettre a d\u00fb raviver des souvenirs intimes : la musique aide-t-elle \u00e0 leur donner vie, \u00e0 les partager avec le public ?\n<\/p>\n<p class=\" wall-content\"><strong class=\"color-primary\">Barbara Pravi : <\/strong>La musique sert \u00e0 exprimer ce qui se passe dans la t\u00eate et dans le c\u0153ur. Elle est en prise avec les \u00e9motions, la vie tout simplement. Et c&rsquo;est ce que faisait La Pieva : elle chantait ses r\u00e9coltes, les montagnes, les rencontres. Elle racontait la vie.<\/p>\n<p class=\"ac-article-content__question wall-content\">Le disque s&rsquo;ouvre sur ces paroles : \u00ab\u00a0Si je regarde dans le miroir \/ Suis-je fi\u00e8re de ce que je vois [&#8230;] De ce qui br\u00fble en moi\u00a0\u00bb. L&rsquo;\u00eates-vous, fi\u00e8re ?\n<\/p>\n<p class=\" wall-content\"><strong class=\"color-primary\">Barbara Pravi : <\/strong>J&rsquo;ai toujours cette envie de transformer ce que je suis en \u00ab\u00a0\u00eatre humain\u00a0\u00bb. C&rsquo;est cela, \u00eatre humain : faire du bien aux autres, respecter les autres. De cela, je suis fi\u00e8re &#8211; de plus en plus fi\u00e8re.<\/p>\n<p>Votre r\u00e9gion, votre actu !<\/p>\n<p>Recevez chaque jour les infos qui comptent pour vous.<\/p>\n<p>\t<a href=\"https:\/\/actu.fr\/newsletter\" class=\"ac-btn ac-btn--corner ac-btn--medium ac-btn--blue800\" target=\"_blank\" rel=\"noopener\">S&rsquo;incrire<\/a><br \/>\n\u00ab\u00a0Le fil rouge de ce spectacle est la v\u00e9rit\u00e9 !\u00a0\u00bb<\/p>\n<p class=\"ac-article-content__question wall-content\">Les chansons sont courtes et pourraient \u00eatre des pages d&rsquo;un journal intime &#8211; en musique&#8230;\n<\/p>\n<p class=\" wall-content\"><strong class=\"color-primary\">Barbara Pravi : <\/strong>C&rsquo;est exactement cela : tout ce que j&rsquo;\u00e9cris se retrouve dans mes chansons, je ne change presque pas. Je suis tr\u00e8s \u00ab\u00a0premier degr\u00e9\u00a0\u00bb.<\/p>\n<p class=\"ac-article-content__question wall-content\">Qu&rsquo;apporte la sc\u00e8ne \u00e0 ces chansons si personnelles ?\n<\/p>\n<p class=\" wall-content\"><strong class=\"color-primary\">Barbara Pravi : <\/strong>La sc\u00e8ne est avant tout un moment de partage, de connexion. Avant, quand je jouais dans de petites salles, j&rsquo;aimais passer un moment avec le public apr\u00e8s le concert, bavarder un peu. Aujourd&rsquo;hui, ces dix ou vingt minutes sont devenues une heure trente : je ne peux donc plus le faire ! Aussi, c&rsquo;est important de tout donner durant le spectacle &#8211; car c&rsquo;est un spectacle, plus qu&rsquo;un concert &#8211; et j&rsquo;aimerais que le public passe par plein d&rsquo;\u00e9motions, comme quand il regarde un film. Le fil rouge de ce spectacle est la v\u00e9rit\u00e9. C&rsquo;est tr\u00e8s dense, tr\u00e8s g\u00e9n\u00e9reux. C&rsquo;est comme si j&rsquo;invitais plein de potes chez moi, dans mon salon.<\/p>\n<p class=\" wall-content\"><strong>Propos recueillis par Yves GABAY<\/strong><\/p>\n<p>Barbara Pravi en concert mardi 21 octobre \u00e0 19h30 au <a href=\"https:\/\/lebikini.com\/2025\/10\/21\/barbara-pravi\" target=\"_blank\" rel=\"noopener\">Bikini<\/a> (parc technologique du Canal), Ramonville St Agne. Tarif : 32\u20ac \/ 38\u20ac sur place. T\u00e9l. : 05 62 24 09 50.\u00a0<\/p>\n<p class=\" wall-content\">Personnalisez votre actualit\u00e9 en ajoutant vos villes et m\u00e9dias en favori avec <a href=\"https:\/\/moncompte.actu.fr\" title=\"D\u00e9couvez Mon Actu\" rel=\"nofollow noopener\" data-trk=\"{&quot;cta&quot;:{&quot;action&quot;:&quot;https:\\\/\\\/moncompte.actu.fr&quot;,&quot;category&quot;:&quot;mon compte&quot;,&quot;from&quot;:&quot;article footer&quot;,&quot;name&quot;:&quot;Mon actu&quot;,&quot;type&quot;:&quot;cta&quot;}}\" target=\"_blank\">Mon Actu<\/a>.<\/p>\n","protected":false},"excerpt":{"rendered":"Par R\u00e9daction de Toulouse Publi\u00e9 le 19 oct. 2025 \u00e0 15h22 Avec son premier single \u00ab\u00a0Voil\u00e0\u00a0\u00bb, Barbara Pravi&hellip;\n","protected":false},"author":2,"featured_media":474864,"comment_status":"","ping_status":"","sticky":false,"template":"","format":"standard","meta":{"footnotes":""},"categories":[2816],"tags":[1111,11,1777,674,1011,27,3478,1652,12,2680,25,1341,2312],"class_list":{"0":"post-474863","1":"post","2":"type-post","3":"status-publish","4":"format-standard","5":"has-post-thumbnail","7":"category-toulouse","8":"tag-actu","9":"tag-actualites","10":"tag-eu","11":"tag-europe","12":"tag-fr","13":"tag-france","14":"tag-le-bikini","15":"tag-loisirs-culture","16":"tag-news","17":"tag-occitanie","18":"tag-republique-francaise","19":"tag-sortir-a-toulouse","20":"tag-toulouse"},"share_on_mastodon":{"url":"https:\/\/pubeurope.com\/@fr\/115401075129234128","error":""},"_links":{"self":[{"href":"https:\/\/www.europesays.com\/fr\/wp-json\/wp\/v2\/posts\/474863","targetHints":{"allow":["GET"]}}],"collection":[{"href":"https:\/\/www.europesays.com\/fr\/wp-json\/wp\/v2\/posts"}],"about":[{"href":"https:\/\/www.europesays.com\/fr\/wp-json\/wp\/v2\/types\/post"}],"author":[{"embeddable":true,"href":"https:\/\/www.europesays.com\/fr\/wp-json\/wp\/v2\/users\/2"}],"replies":[{"embeddable":true,"href":"https:\/\/www.europesays.com\/fr\/wp-json\/wp\/v2\/comments?post=474863"}],"version-history":[{"count":0,"href":"https:\/\/www.europesays.com\/fr\/wp-json\/wp\/v2\/posts\/474863\/revisions"}],"wp:featuredmedia":[{"embeddable":true,"href":"https:\/\/www.europesays.com\/fr\/wp-json\/wp\/v2\/media\/474864"}],"wp:attachment":[{"href":"https:\/\/www.europesays.com\/fr\/wp-json\/wp\/v2\/media?parent=474863"}],"wp:term":[{"taxonomy":"category","embeddable":true,"href":"https:\/\/www.europesays.com\/fr\/wp-json\/wp\/v2\/categories?post=474863"},{"taxonomy":"post_tag","embeddable":true,"href":"https:\/\/www.europesays.com\/fr\/wp-json\/wp\/v2\/tags?post=474863"}],"curies":[{"name":"wp","href":"https:\/\/api.w.org\/{rel}","templated":true}]}}