{"id":474867,"date":"2025-10-19T13:32:21","date_gmt":"2025-10-19T13:32:21","guid":{"rendered":"https:\/\/www.europesays.com\/fr\/474867\/"},"modified":"2025-10-19T13:32:21","modified_gmt":"2025-10-19T13:32:21","slug":"bfm-marseille-provence-lance-sa-nouvelle-grille-ce-lundi-20-octobre","status":"publish","type":"post","link":"https:\/\/www.europesays.com\/fr\/474867\/","title":{"rendered":"BFM Marseille Provence lance sa nouvelle grille ce lundi 20 octobre"},"content":{"rendered":"<p><a href=\"https:\/\/www.laprovence.com\/article\/region\/2638816542932915\/inauguration-du-siege-de-la-provence-suivez-en-direct-lemission-de-bfm-marseille\" target=\"_blank\" rel=\"noopener\">BFM Marseille Provence<\/a> (cha\u00eene appartenant CMA CGM, propri\u00e9taire de La Provence) lance ce lundi 20 octobre d\u00e8s 7h sa nouvelle grille de programmes.<\/p>\n<p>Dans un communiqu\u00e9, la cha\u00eene explique vouloir proposer \u00ab\u00a0de nombreux nouveaux rendez-vous pour \u00eatre au plus pr\u00e8s des\u00a0t\u00e9l\u00e9spectateurs marseillais, le matin comme le soir\u00a0\u00bb.<\/p>\n<p>Les t\u00e9l\u00e9spectateurs retrouveront de 7h \u00e0 10h l\u2019\u00e9mission \u00ab\u00a0Bonjour Marseille\u00a0\u00bb pr\u00e9sent\u00e9e par St\u00e9phane Maggiolini. Plusieurs rendez-vous au programme\u00a0: le Caf\u00e9 de l\u2019info \u00e0 8h15, BFM et vous \u00e0 7h15 du lundi au jeudi, On a RDV mais aussi une nouveaut\u00e9 \u00ab\u00a0talk\u00a0\u00bb intitul\u00e9e Les Tchatcheurs.<\/p>\n<p>En soir\u00e9e, Jean Lazuech pr\u00e9sentera \u00ab\u00a0Bonsoir Marseille\u00a0\u00bb de 18 \u00e0 20h avec des focus th\u00e9matiques. \u00c0 19h, l\u2019\u00e9mission quotidienne \u00ab\u00a0Virage Marseille\u00a0\u00bb propose l\u2019actualit\u00e9 et des d\u00e9bats autour de l\u2019OM et du foot local.<\/p>\n<p>Parmi les nouveaut\u00e9s, plusieurs magazines pr\u00e9sent\u00e9s par Sophie H\u00e9brard du lundi au mercredi, ainsi que le vendredi.<\/p>\n<p>Du c\u00f4t\u00e9 du sport, alors que les meilleures affiches footballistiques du National arrivent sur les locales de BFM, l\u2019antenne Marseille Provence diffusera les matches du SC Aubagne-Air Bel. Au rayon hockey sur glace, les rencontres des Spartiates seront diffus\u00e9es.<\/p>\n<p>BFM Marseille Provence est \u00e0 retrouver sur le canal 30 de la TNT R\u00e9gionale, les box canal 37\/284\/516 (SFR), 362 (Bouygues), 331 (Free), 342 (Orange).<\/p>\n","protected":false},"excerpt":{"rendered":"BFM Marseille Provence (cha\u00eene appartenant CMA CGM, propri\u00e9taire de La Provence) lance ce lundi 20 octobre d\u00e8s 7h&hellip;\n","protected":false},"author":2,"featured_media":474868,"comment_status":"","ping_status":"","sticky":false,"template":"","format":"standard","meta":{"footnotes":""},"categories":[2814],"tags":[17,1111,11,21895,1777,674,1011,27,45513,9447,884,500,12,2043,1186,882,25,104],"class_list":{"0":"post-474867","1":"post","2":"type-post","3":"status-publish","4":"format-standard","5":"has-post-thumbnail","7":"category-marseille","8":"tag-17","9":"tag-actu","10":"tag-actualites","11":"tag-bfm","12":"tag-eu","13":"tag-europe","14":"tag-fr","15":"tag-france","16":"tag-grille","17":"tag-lance","18":"tag-marseille","19":"tag-medias","20":"tag-news","21":"tag-nouvelle","22":"tag-provence","23":"tag-provence-alpes-cote-dazur","24":"tag-republique-francaise","25":"tag-societe"},"share_on_mastodon":{"url":"https:\/\/pubeurope.com\/@fr\/115401086995970763","error":""},"_links":{"self":[{"href":"https:\/\/www.europesays.com\/fr\/wp-json\/wp\/v2\/posts\/474867","targetHints":{"allow":["GET"]}}],"collection":[{"href":"https:\/\/www.europesays.com\/fr\/wp-json\/wp\/v2\/posts"}],"about":[{"href":"https:\/\/www.europesays.com\/fr\/wp-json\/wp\/v2\/types\/post"}],"author":[{"embeddable":true,"href":"https:\/\/www.europesays.com\/fr\/wp-json\/wp\/v2\/users\/2"}],"replies":[{"embeddable":true,"href":"https:\/\/www.europesays.com\/fr\/wp-json\/wp\/v2\/comments?post=474867"}],"version-history":[{"count":0,"href":"https:\/\/www.europesays.com\/fr\/wp-json\/wp\/v2\/posts\/474867\/revisions"}],"wp:featuredmedia":[{"embeddable":true,"href":"https:\/\/www.europesays.com\/fr\/wp-json\/wp\/v2\/media\/474868"}],"wp:attachment":[{"href":"https:\/\/www.europesays.com\/fr\/wp-json\/wp\/v2\/media?parent=474867"}],"wp:term":[{"taxonomy":"category","embeddable":true,"href":"https:\/\/www.europesays.com\/fr\/wp-json\/wp\/v2\/categories?post=474867"},{"taxonomy":"post_tag","embeddable":true,"href":"https:\/\/www.europesays.com\/fr\/wp-json\/wp\/v2\/tags?post=474867"}],"curies":[{"name":"wp","href":"https:\/\/api.w.org\/{rel}","templated":true}]}}