{"id":474874,"date":"2025-10-19T13:37:11","date_gmt":"2025-10-19T13:37:11","guid":{"rendered":"https:\/\/www.europesays.com\/fr\/474874\/"},"modified":"2025-10-19T13:37:11","modified_gmt":"2025-10-19T13:37:11","slug":"nos-methodes-marquent-les-esprits-les-defenseurs-des-arbres-sont-de-tous-les-combats-en-ile-de-france","status":"publish","type":"post","link":"https:\/\/www.europesays.com\/fr\/474874\/","title":{"rendered":"\u00ab\u00a0Nos m\u00e9thodes marquent les esprits\u00a0\u00bb\u00a0: les d\u00e9fenseurs des arbres sont de tous les combats en \u00cele-de-France"},"content":{"rendered":"<p class=\"paragraph text_align_left lp-f-body-02\">Avec eux, c\u2019est un peu mon arbre, ma bataille ! Depuis cinq ans, cette association a fait une entr\u00e9e fracassante dans l\u2019univers d\u00e9j\u00e0 tr\u00e8s dense des d\u00e9fenseurs de l\u2019environnement. Face aux menaces de tron\u00e7onneuse un peu partout en \u00cele-de-France, le Groupe national de surveillance des arbres (GNSA) veille.<\/p>\n<p class=\"paragraph text_align_left lp-f-body-02\">Le dernier groupe local \u00e0 avoir fait parler de lui a \u00e9t\u00e9 cr\u00e9\u00e9 d\u00e9but septembre \u00e0 Bois-Colombes (Hauts-de-Seine). Son objectif : <a href=\"https:\/\/www.leparisien.fr\/hauts-de-seine-92\/ca-na-pas-de-sens-a-bois-colombes-la-mobilisation-samplifie-contre-le-sacrifice-darbres-pour-le-supermetro-07-09-2025-ESU74AFAYNDJ3H2VMLXQEPVKNE.php\" target=\"_self\" rel=\"noopener\">sauver les 18 platanes de la place du march\u00e9<\/a> menac\u00e9s par l\u2019installation de la base vie du chantier de la gare du Grand Paris Express. Heureux hasard du calendrier, quelques jours plus tard, des n\u00e9gociations entre la ville et la Soci\u00e9t\u00e9 des grands projets (SGP) se soldaient par le sauvetage desdits sp\u00e9cimens.<\/p>\n","protected":false},"excerpt":{"rendered":"Avec eux, c\u2019est un peu mon arbre, ma bataille ! Depuis cinq ans, cette association a fait une&hellip;\n","protected":false},"author":2,"featured_media":474875,"comment_status":"","ping_status":"","sticky":false,"template":"","format":"standard","meta":{"footnotes":""},"categories":[1592],"tags":[1111,11,1777,674,1011,27,3746,3314,662,1944,12,626,25],"class_list":{"0":"post-474874","1":"post","2":"type-post","3":"status-publish","4":"format-standard","5":"has-post-thumbnail","7":"category-ile-de-france","8":"tag-actu","9":"tag-actualites","10":"tag-eu","11":"tag-europe","12":"tag-fr","13":"tag-france","14":"tag-futurs","15":"tag-hauts-de-seine","16":"tag-ile-de-france","17":"tag-ma-ville","18":"tag-news","19":"tag-paris","20":"tag-republique-francaise"},"share_on_mastodon":{"url":"https:\/\/pubeurope.com\/@fr\/115401106702510306","error":""},"_links":{"self":[{"href":"https:\/\/www.europesays.com\/fr\/wp-json\/wp\/v2\/posts\/474874","targetHints":{"allow":["GET"]}}],"collection":[{"href":"https:\/\/www.europesays.com\/fr\/wp-json\/wp\/v2\/posts"}],"about":[{"href":"https:\/\/www.europesays.com\/fr\/wp-json\/wp\/v2\/types\/post"}],"author":[{"embeddable":true,"href":"https:\/\/www.europesays.com\/fr\/wp-json\/wp\/v2\/users\/2"}],"replies":[{"embeddable":true,"href":"https:\/\/www.europesays.com\/fr\/wp-json\/wp\/v2\/comments?post=474874"}],"version-history":[{"count":0,"href":"https:\/\/www.europesays.com\/fr\/wp-json\/wp\/v2\/posts\/474874\/revisions"}],"wp:featuredmedia":[{"embeddable":true,"href":"https:\/\/www.europesays.com\/fr\/wp-json\/wp\/v2\/media\/474875"}],"wp:attachment":[{"href":"https:\/\/www.europesays.com\/fr\/wp-json\/wp\/v2\/media?parent=474874"}],"wp:term":[{"taxonomy":"category","embeddable":true,"href":"https:\/\/www.europesays.com\/fr\/wp-json\/wp\/v2\/categories?post=474874"},{"taxonomy":"post_tag","embeddable":true,"href":"https:\/\/www.europesays.com\/fr\/wp-json\/wp\/v2\/tags?post=474874"}],"curies":[{"name":"wp","href":"https:\/\/api.w.org\/{rel}","templated":true}]}}