{"id":474876,"date":"2025-10-19T13:38:13","date_gmt":"2025-10-19T13:38:13","guid":{"rendered":"https:\/\/www.europesays.com\/fr\/474876\/"},"modified":"2025-10-19T13:38:13","modified_gmt":"2025-10-19T13:38:13","slug":"un-terrible-echec-pour-stephane-bern-le-braquage-du-louvre-va-donner-un-coup-au-moral-des-francais","status":"publish","type":"post","link":"https:\/\/www.europesays.com\/fr\/474876\/","title":{"rendered":"\u00abUn terrible \u00e9chec \u00bb : pour St\u00e9phane Bern, le braquage du Louvre \u00ab va donner un coup au moral des Fran\u00e7ais \u00bb"},"content":{"rendered":"<p class=\"paragraph text_align_left lp-f-body-02\">Actuellement \u00e0 Marseille pour le tournage d\u2019un t\u00e9l\u00e9film pour France 3, St\u00e9phane Bern, animateur, com\u00e9dien et surtout ardent d\u00e9fenseur du patrimoine, avait du mal \u00e0 d\u00e9col\u00e9rer ce dimanche. \u00ab Effondr\u00e9 \u00bb, il nous a r\u00e9pondu quelques heures apr\u00e8s <a href=\"https:\/\/www.leparisien.fr\/faits-divers\/direct-braquage-au-musee-du-louvre-des-bijoux-voles-les-voleurs-en-fuite-19-10-2025-VJLHIAMSDZB47GFDQ7MP445ARU.php\" target=\"_blank\" rel=\"noreferrer nofollow noopener\">le braquage spectaculaire du Louvre<\/a>.<\/p>\n<p class=\"paragraph text_align_left lp-f-body-02\"><b>Col\u00e8re, tristesse\u2026 Quel sentiment pr\u00e9domine apr\u00e8s l\u2019annonce de ce vol hors norme ?<\/b><\/p>\n","protected":false},"excerpt":{"rendered":"Actuellement \u00e0 Marseille pour le tournage d\u2019un t\u00e9l\u00e9film pour France 3, St\u00e9phane Bern, animateur, com\u00e9dien et surtout ardent&hellip;\n","protected":false},"author":2,"featured_media":474877,"comment_status":"","ping_status":"","sticky":false,"template":"","format":"standard","meta":{"footnotes":""},"categories":[1888],"tags":[1111,1928,11,1927,872,1777,674,118,1011,27,12,1926,626,1925,25],"class_list":{"0":"post-474876","1":"post","2":"type-post","3":"status-publish","4":"format-standard","5":"has-post-thumbnail","7":"category-paris","8":"tag-actu","9":"tag-actu-paris","10":"tag-actualites","11":"tag-actualites-paris","12":"tag-culture-et-loisirs","13":"tag-eu","14":"tag-europe","15":"tag-faits-divers","16":"tag-fr","17":"tag-france","18":"tag-news","19":"tag-news-paris","20":"tag-paris","21":"tag-paris-news","22":"tag-republique-francaise"},"share_on_mastodon":{"url":"https:\/\/pubeurope.com\/@fr\/115401110684996375","error":""},"_links":{"self":[{"href":"https:\/\/www.europesays.com\/fr\/wp-json\/wp\/v2\/posts\/474876","targetHints":{"allow":["GET"]}}],"collection":[{"href":"https:\/\/www.europesays.com\/fr\/wp-json\/wp\/v2\/posts"}],"about":[{"href":"https:\/\/www.europesays.com\/fr\/wp-json\/wp\/v2\/types\/post"}],"author":[{"embeddable":true,"href":"https:\/\/www.europesays.com\/fr\/wp-json\/wp\/v2\/users\/2"}],"replies":[{"embeddable":true,"href":"https:\/\/www.europesays.com\/fr\/wp-json\/wp\/v2\/comments?post=474876"}],"version-history":[{"count":0,"href":"https:\/\/www.europesays.com\/fr\/wp-json\/wp\/v2\/posts\/474876\/revisions"}],"wp:featuredmedia":[{"embeddable":true,"href":"https:\/\/www.europesays.com\/fr\/wp-json\/wp\/v2\/media\/474877"}],"wp:attachment":[{"href":"https:\/\/www.europesays.com\/fr\/wp-json\/wp\/v2\/media?parent=474876"}],"wp:term":[{"taxonomy":"category","embeddable":true,"href":"https:\/\/www.europesays.com\/fr\/wp-json\/wp\/v2\/categories?post=474876"},{"taxonomy":"post_tag","embeddable":true,"href":"https:\/\/www.europesays.com\/fr\/wp-json\/wp\/v2\/tags?post=474876"}],"curies":[{"name":"wp","href":"https:\/\/api.w.org\/{rel}","templated":true}]}}