{"id":474894,"date":"2025-10-19T13:48:15","date_gmt":"2025-10-19T13:48:15","guid":{"rendered":"https:\/\/www.europesays.com\/fr\/474894\/"},"modified":"2025-10-19T13:48:15","modified_gmt":"2025-10-19T13:48:15","slug":"lue-veut-elargir-le-programme-erasmus-a-lafrique-du-nord-et-au-moyen-orient","status":"publish","type":"post","link":"https:\/\/www.europesays.com\/fr\/474894\/","title":{"rendered":"L\u2019UE veut \u00e9largir le programme Erasmus \u00e0 l\u2019Afrique du Nord et au Moyen-Orient"},"content":{"rendered":"<p>                                            Monde\n                                                                            <\/p>\n<p>\n                                            Dans le cadre du Pacte pour la M\u00e9diterran\u00e9e, l\u2019Union europ\u00e9enne envisage d\u2019\u00e9tendre le programme Erasmus \u00e0 plusieurs nations du Proche-Orient.                                        <\/p>\n<p>                                                Publi\u00e9 le 19 octobre 2025 \u00e0 14h54                                                                                            <\/p>\n<p>                                            <img loading=\"lazy\" width=\"1024\" height=\"683\" src=\"https:\/\/www.europesays.com\/fr\/wp-content\/uploads\/2025\/10\/ursula.jpg\" class=\"attachment-post-thumbnail size-post-thumbnail wp-post-image\" alt=\"Ursula von der Leyen. \u00a9 Jean-Francois Badias\/AP\/SIPA\" decoding=\"async\"  \/><\/p>\n<p>                                            Ursula von der Leyen. \u00a9 Jean-Francois Badias\/AP\/SIPA<\/p>\n<p data-start=\"97\" data-end=\"880\">Le 16 octobre 2025, <a href=\"https:\/\/north-africa-middle-east-gulf.ec.europa.eu\/what-we-do\/pact-mediterranean_en\" target=\"_blank\" rel=\"noopener nofollow\">l\u2019Union europ\u00e9enne a d\u00e9voil\u00e9<\/a> son \u00ab\u202fPacte pour la M\u00e9diterran\u00e9e\u202f\u00bb, s\u2019inscrivant dans la continuit\u00e9 du processus de Barcelone de 1995 et de l\u2019Agenda pour la M\u00e9diterran\u00e9e de 2021. Sous le slogan \u00ab\u202fUne mer, un pacte, un avenir\u202f\u00bb, ce projet vise \u00e0 renforcer les liens avec dix pays du Sud : Alg\u00e9rie, \u00c9gypte, Isra\u00ebl, Jordanie, Liban, Libye, Maroc, Palestine, Syrie et Tunisie, selon une approche de gouvernance dite \u00ab\u202fflexible\u202f\u00bb, permettant \u00e0 chaque partenaire de s\u2019impliquer selon ses choix. Organis\u00e9 autour de trois grands axes\u202f: Personnes, \u00c9conomies durables et S\u00e9curit\u00e9, il mobilise 6 milliards d\u2019euros de fonds europ\u00e9ens pour catalyser jusqu\u2019\u00e0 27 milliards d\u2019investissements, notamment gr\u00e2ce \u00e0 des instruments tels que la Banque europ\u00e9enne d\u2019investissement.<\/p>\n<p><a href=\"https:\/\/www.valeursactuelles.com\/monde\/commission-europeenne-ursula-von-der-leyen-veut-doubler-le-budget-com-en-siphonnant-des-fonds-pour-lagriculture-ou-erasmus\" class=\"h-flex h-align-items-center h-border-tb h-ptb-15\" rel=\"nofollow noopener\" target=\"_blank\">A\u00a0LIRE\u00a0Commission europ\u00e9enne : Ursula von der Leyen veut doubler le budget com\u2019 en siphonnant des fonds pour l\u2019agriculture ou Erasmus<\/a>                    <img decoding=\"async\" src=\"https:\/\/www.europesays.com\/fr\/wp-content\/uploads\/2025\/10\/1760881695_290_maxresdefault.jpg\" alt=\"Vid\u00e9o YouTube\" style=\"width: 100%; height: auto; display: block;\"\/><\/p>\n<p>                        Chargement\u2026                    <\/p>\n<p data-start=\"882\" data-end=\"1685\">\u00ab\u202fLe Pacte est le r\u00e9sultat d\u2019un vaste processus de consultation avec les 10 partenaires du sud de la M\u00e9diterran\u00e9e, les \u00c9tats membres de l\u2019UE, le Parlement europ\u00e9en\u202f\u00bb, affirme le document, comme si les dialogues avec la soci\u00e9t\u00e9 civile et les jeunes pouvaient masquer les fractures g\u00e9opolitiques. Gaza en conflit, Liban et Syrie en ruines, Libye instable\u202f: l\u2019Europe, \u00e9puis\u00e9e par la crise \u00e9conomique et la guerre en Ukraine, imagine un \u00ab\u202fespace m\u00e9diterran\u00e9en commun\u202f\u00bb aux contours flous. \u00ab\u202fLa r\u00e9gion m\u00e9diterran\u00e9enne se trouve au carrefour de trois continents, Europe, Afrique et Asie et constitue un pont vital pour le partenariat \u00e9conomique, l\u2019\u00e9change culturel et le dialogue entre ces r\u00e9gions diverses\u202f\u00bb, souligne le texte, en occultant que ce \u00ab\u202fpont\u202f\u00bb comporte aussi ses risques d\u2019instabilit\u00e9.<\/p>\n<p>La Cocarde \u00e9tudiante s\u2019oppose au projet<\/p>\n<p data-start=\"1732\" data-end=\"2397\">Dans le pilier \u00ab\u202fPersonnes\u202f\u00bb, pr\u00e9sent\u00e9 comme la \u00ab\u202fforce motrice du changement\u202f\u00bb, <a href=\"https:\/\/www.valeursactuelles.com\/clubvaleurs\/societe\/lislamisme-derdogan-infiltre-leurope-via-erasmus\" target=\"_blank\" rel=\"noopener nofollow\">Erasmus+<\/a> sera \u00e9tendu \u00e0 la recherche, la culture, la jeunesse et le sport, avec une \u00ab\u202fUniversit\u00e9 m\u00e9diterran\u00e9enne\u202f\u00bb d\u00e9livrant dipl\u00f4mes conjoints et micro-certificats. \u00ab\u202fEn investissant dans les personnes, en soutenant leurs choix d\u2019apprentissage, de croissance et de mobilit\u00e9, le Pacte aidera \u00e0 renforcer les liens culturels, acad\u00e9miques, sociaux et \u00e9conomiques qui rendront la coop\u00e9ration entre l\u2019UE et le sud de la M\u00e9diterran\u00e9e encore plus forte et r\u00e9siliente\u202f\u00bb, note le document, sans mentionner l\u2019\u00e9cart de diplomation\u202f: 44,1\u202f% en Europe contre 32,7\u202f% dans six pays du Sud.<\/p>\n<p><a href=\"https:\/\/www.valeursactuelles.com\/clubvaleurs\/societe\/erasmus-avant-erasmus-la-longue-histoire-des-jeunes-partis-etudier-ailleurs-en-europe\" class=\"h-flex h-align-items-center h-border-tb h-ptb-15\" rel=\"nofollow noopener\" target=\"_blank\">A\u00a0LIRE\u00a0Erasmus avant Erasmus : la longue histoire des jeunes partis \u00e9tudier ailleurs en Europe<\/a><\/p>\n<blockquote class=\"twitter-tweet\">\n<p dir=\"ltr\" lang=\"fr\">\ud83d\udea8 L\u2019UE VEUT INT\u00c9GRER LES PAYS ARABES AU PROGRAMME ERASMUS.<\/p>\n<p>Au programme : passer le budget de l\u2019UE pour cette r\u00e9gion \u00e0 42 milliards d\u2019euros et cr\u00e9er un \u00ab\u00a0pont entre les continents\u00a0\u00bb.<\/p>\n<p>Envoyer les \u00e9tudiants fran\u00e7ais en Syrie, en Libye ou en Palestine, quelle id\u00e9e merveilleuse ! <a href=\"https:\/\/t.co\/H8iYBu74hI\" rel=\"nofollow\">pic.twitter.com\/H8iYBu74hI<\/a><\/p>\n<p>\u2014 La Cocarde \u00c9tudiante (@CocardeEtud) <a href=\"https:\/\/twitter.com\/CocardeEtud\/status\/1978867166762971153?ref_src=twsrc%5Etfw\" rel=\"nofollow noopener\" target=\"_blank\">October 16, 2025<\/a><\/p>\n<\/blockquote>\n<p data-start=\"2399\" data-end=\"3184\">Le pacte souligne que \u00ab\u202f\u00e9largir les voies de migration du travail entre l\u2019UE et le Sud m\u00e9diterran\u00e9en, y compris pour les travailleurs saisonniers, reste d\u2019une importance cruciale pour matcher (sic) offre et demande sur les march\u00e9s du travail et promouvoir la croissance \u00e9conomique\u202f\u00bb. Il pr\u00e9voit \u00e9galement un service civique m\u00e9diterran\u00e9en pour la jeunesse, une Assembl\u00e9e parlementaire des 18\u201130 ans et des \u00e9changes culturels via Creative Europe. La Cocarde \u00e9tudiante, syndicat de droite, a r\u00e9agi sur X\u202f: \u00ab\u202fL\u2019UE veut int\u00e9grer les pays arabes au programme Erasmus. Au programme\u202f: passer le budget de l\u2019UE pour cette r\u00e9gion \u00e0 42 milliards d\u2019euros et cr\u00e9er un \u00ab\u00a0pont entre les continents\u00a0\u00bb. Envoyer les \u00e9tudiants fran\u00e7ais en Syrie, en Libye ou en Palestine, quelle id\u00e9e merveilleuse\u202f!\u202f\u00bb<\/p>\n<p>                                                                    <script async src=\"https:\/\/platform.twitter.com\/widgets.js\" charset=\"utf-8\"><\/script><\/p>\n","protected":false},"excerpt":{"rendered":"Monde Dans le cadre du Pacte pour la M\u00e9diterran\u00e9e, l\u2019Union europ\u00e9enne envisage d\u2019\u00e9tendre le programme Erasmus \u00e0 plusieurs&hellip;\n","protected":false},"author":2,"featured_media":474895,"comment_status":"","ping_status":"","sticky":false,"template":"","format":"standard","meta":{"footnotes":""},"categories":[1586],"tags":[11,879,8273,6379,1777,674,1779,1011,27,59824,3257,12,25,1778,364],"class_list":{"0":"post-474894","1":"post","2":"type-post","3":"status-publish","4":"format-standard","5":"has-post-thumbnail","7":"category-europe","8":"tag-actualites","9":"tag-afrique","10":"tag-erasmus","11":"tag-etudiants","12":"tag-eu","13":"tag-europe","14":"tag-european-union","15":"tag-fr","16":"tag-france","17":"tag-la-cocarde-etudiante","18":"tag-moyen-orient","19":"tag-news","20":"tag-republique-francaise","21":"tag-ue","22":"tag-union-europeenne"},"share_on_mastodon":{"url":"https:\/\/pubeurope.com\/@fr\/115401150455554011","error":""},"_links":{"self":[{"href":"https:\/\/www.europesays.com\/fr\/wp-json\/wp\/v2\/posts\/474894","targetHints":{"allow":["GET"]}}],"collection":[{"href":"https:\/\/www.europesays.com\/fr\/wp-json\/wp\/v2\/posts"}],"about":[{"href":"https:\/\/www.europesays.com\/fr\/wp-json\/wp\/v2\/types\/post"}],"author":[{"embeddable":true,"href":"https:\/\/www.europesays.com\/fr\/wp-json\/wp\/v2\/users\/2"}],"replies":[{"embeddable":true,"href":"https:\/\/www.europesays.com\/fr\/wp-json\/wp\/v2\/comments?post=474894"}],"version-history":[{"count":0,"href":"https:\/\/www.europesays.com\/fr\/wp-json\/wp\/v2\/posts\/474894\/revisions"}],"wp:featuredmedia":[{"embeddable":true,"href":"https:\/\/www.europesays.com\/fr\/wp-json\/wp\/v2\/media\/474895"}],"wp:attachment":[{"href":"https:\/\/www.europesays.com\/fr\/wp-json\/wp\/v2\/media?parent=474894"}],"wp:term":[{"taxonomy":"category","embeddable":true,"href":"https:\/\/www.europesays.com\/fr\/wp-json\/wp\/v2\/categories?post=474894"},{"taxonomy":"post_tag","embeddable":true,"href":"https:\/\/www.europesays.com\/fr\/wp-json\/wp\/v2\/tags?post=474894"}],"curies":[{"name":"wp","href":"https:\/\/api.w.org\/{rel}","templated":true}]}}