{"id":474906,"date":"2025-10-19T14:01:20","date_gmt":"2025-10-19T14:01:20","guid":{"rendered":"https:\/\/www.europesays.com\/fr\/474906\/"},"modified":"2025-10-19T14:01:20","modified_gmt":"2025-10-19T14:01:20","slug":"mort-de-sam-rivers-bassiste-et-cofondateur-du-groupe-limp-bizkit-a-lage-de-48-ans","status":"publish","type":"post","link":"https:\/\/www.europesays.com\/fr\/474906\/","title":{"rendered":"Mort de Sam Rivers, bassiste et cofondateur du groupe Limp Bizkit, \u00e0 l&rsquo;\u00e2ge de 48 ans"},"content":{"rendered":"<p>\u00ab\u00a0Aujourd&rsquo;hui nous avons perdu notre fr\u00e8re. Notre camarade de groupe. Notre battement de c\u0153ur\u00a0\u00bb, ont \u00e9crit le chanteur Fred Durst, le guitariste Wes Borland, le batteur John Otto et DJ Lethal (platines) dans une publication sur Instagram, qui ne pr\u00e9cise pas la cause de la mort de Sam Rivers. Il \u00ab\u00a0n&rsquo;\u00e9tait pas seulement notre bassiste, il \u00e9tait de la magie pure&#8230; D\u00e8s la premi\u00e8re note que nous avons jou\u00e9e ensemble, Sam a amen\u00e9 une lumi\u00e8re et un rythme qui n&rsquo;auraient jamais pu \u00eatre remplac\u00e9s. Son talent \u00e9tait naturel, sa pr\u00e9sence inoubliable, son c\u0153ur gros comme \u00e7a\u00a0\u00bb, ajoutent les musiciens. \u00ab\u00a0Ta musique ne s&rsquo;arr\u00eate jamais\u00a0\u00bb, ont-ils \u00e9crit, rendant hommage \u00e0 une \u00ab\u00a0v\u00e9ritable l\u00e9gende des l\u00e9gendes\u00a0\u00bb.<\/p>\n<p>Limp Bizkit, groupe de nu metal &#8211; prononcer \u00ab\u00a0new\u00a0\u00bb \u00e0 l&rsquo;anglaise &#8211; aux accents rap, cr\u00e9\u00e9 en 1994 par Sam Rivers et Fred Durst, a sorti son premier album \u00ab\u00a0Three Dollar Bill, Y&rsquo;all\u00a0\u00bb en 1997. Le troisi\u00e8me opus, \u00ab\u00a0Chocolate Starfish and the Hot Dog Flavored Water\u00a0\u00bb, avait obtenu un disque d&rsquo;or pour ses ventes en France (100.000 exemplaires).<\/p>\n<p>Sam Rivers, qui avait quitt\u00e9 le groupe en 2015 l&rsquo;avait rejoint en 2018, participant au dernier album en date du groupe \u00ab\u00a0Still Sucks\u00a0\u00bb (2021).<\/p>\n","protected":false},"excerpt":{"rendered":"\u00ab\u00a0Aujourd&rsquo;hui nous avons perdu notre fr\u00e8re. Notre camarade de groupe. Notre battement de c\u0153ur\u00a0\u00bb, ont \u00e9crit le chanteur&hellip;\n","protected":false},"author":2,"featured_media":474907,"comment_status":"","ping_status":"","sticky":false,"template":"","format":"standard","meta":{"footnotes":""},"categories":[1359],"tags":[17,59826,5393,251,58,59,1011,27,2705,59827,18,973,59825,13805],"class_list":{"0":"post-474906","1":"post","2":"type-post","3":"status-publish","4":"format-standard","5":"has-post-thumbnail","7":"category-people","8":"tag-17","9":"tag-bassiste","10":"tag-cofondateur","11":"tag-culture","12":"tag-divertissement","13":"tag-entertainment","14":"tag-fr","15":"tag-france","16":"tag-groupe","17":"tag-limp","18":"tag-mort","19":"tag-people","20":"tag-rivers","21":"tag-sam"},"share_on_mastodon":{"url":"https:\/\/pubeurope.com\/@fr\/115401201096168177","error":""},"_links":{"self":[{"href":"https:\/\/www.europesays.com\/fr\/wp-json\/wp\/v2\/posts\/474906","targetHints":{"allow":["GET"]}}],"collection":[{"href":"https:\/\/www.europesays.com\/fr\/wp-json\/wp\/v2\/posts"}],"about":[{"href":"https:\/\/www.europesays.com\/fr\/wp-json\/wp\/v2\/types\/post"}],"author":[{"embeddable":true,"href":"https:\/\/www.europesays.com\/fr\/wp-json\/wp\/v2\/users\/2"}],"replies":[{"embeddable":true,"href":"https:\/\/www.europesays.com\/fr\/wp-json\/wp\/v2\/comments?post=474906"}],"version-history":[{"count":0,"href":"https:\/\/www.europesays.com\/fr\/wp-json\/wp\/v2\/posts\/474906\/revisions"}],"wp:featuredmedia":[{"embeddable":true,"href":"https:\/\/www.europesays.com\/fr\/wp-json\/wp\/v2\/media\/474907"}],"wp:attachment":[{"href":"https:\/\/www.europesays.com\/fr\/wp-json\/wp\/v2\/media?parent=474906"}],"wp:term":[{"taxonomy":"category","embeddable":true,"href":"https:\/\/www.europesays.com\/fr\/wp-json\/wp\/v2\/categories?post=474906"},{"taxonomy":"post_tag","embeddable":true,"href":"https:\/\/www.europesays.com\/fr\/wp-json\/wp\/v2\/tags?post=474906"}],"curies":[{"name":"wp","href":"https:\/\/api.w.org\/{rel}","templated":true}]}}