{"id":474919,"date":"2025-10-19T14:09:10","date_gmt":"2025-10-19T14:09:10","guid":{"rendered":"https:\/\/www.europesays.com\/fr\/474919\/"},"modified":"2025-10-19T14:09:10","modified_gmt":"2025-10-19T14:09:10","slug":"star-academy-2026-bastiaan-a-un-lien-tout-particulier-avec-la-presidente-de-lassemblee-nationale","status":"publish","type":"post","link":"https:\/\/www.europesays.com\/fr\/474919\/","title":{"rendered":"Star Academy 2026 : Bastiaan a un lien tout particulier avec la pr\u00e9sidente de l\u2019Assembl\u00e9e nationale"},"content":{"rendered":"<p>      R\u00e9sum\u00e9<\/p>\n<p>Bastiaan, com\u00e9dien et candidat de la Star Academy 2026, b\u00e9n\u00e9ficie du soutien de la pr\u00e9sidente de l\u2019Assembl\u00e9e nationale, qui partage ses racines dans les Yvelines.<\/p>\n<p>        Sommaire<\/p>\n<p><strong>D\u00e9cid\u00e9ment, tout le monde conna\u00eet Bastiaan<\/strong> ! Le jeune homme, qui a int\u00e9gr\u00e9 la saison 13 de la Star Academy, <a href=\"https:\/\/www.public.fr\/star-academy-2026-bastiaan-connait-tres-bien-marion-cotillard-et-guillaume-canet\" target=\"_blank\" rel=\"noopener\">n&rsquo;est pas un inconnu<\/a>. Sur Instagram, l&rsquo;annonce de sa participation a surpris Vanessa Demouy et Artemisia Toussaint. Et pour cause : <strong>com\u00e9dien, il fait partie de l&rsquo;agence DS Talents<\/strong>, gr\u00e2ce \u00e0 laquelle il a obtenu des r\u00f4les dans diverses s\u00e9ries fran\u00e7aises. On l&rsquo;a vu dans l&rsquo;\u00e9pisode Chanter la vie de Jos\u00e9phine, ange gardien en 2023, et il joue depuis plus de cinq ans dans la s\u00e9rie Askip sur France 4, ainsi que dans son spin-off, Karma, qui sera diffus\u00e9 l&rsquo;ann\u00e9e prochaine.<\/p>\n<p>Bastiaan a aussi d&rsquo;autres connaissances&#8230; <strong>Il conna\u00eet \u00e9galement Mayer<\/strong>, <a href=\"https:\/\/www.public.fr\/il-ma-brise-le-coeur-et-les-cotes-mayer-secret-story-a-peine-marie-le-divorce-deja-annonce\" target=\"_blank\" rel=\"noopener\">candidat embl\u00e9matique de Secret Story<\/a>. En plein live sur Twitch hier, alors qu&rsquo;il regardait la Star Academy, le meilleur ami d&rsquo;Ethan et Romy a d\u00e9couvert que son ami participait au t\u00e9l\u00e9-crochet. Ils font effectivement partie de la m\u00eame agence, DS Talents, et <strong>sont tous deux repr\u00e9sent\u00e9s par la m\u00eame agente : Nathalie Dubourdieu<\/strong>.<\/p>\n<p>Une d\u00e9put\u00e9e fi\u00e8re de son tr\u00e8s cher Bastiaan <\/p>\n<p>Mais ce n&rsquo;est pas tout ! Sur X, <a href=\"https:\/\/vsd.fr\/47736-diner-detat-a-versailles-yael-braun-pivet-craque-pour-mick-jagger\/\" target=\"_blank\" rel=\"noopener\">la pr\u00e9sidente de l&rsquo;Assembl\u00e9e nationale<\/a> Ya\u00ebl Braun-Pivet s&rsquo;est elle aussi invit\u00e9e au show. <strong>D\u00e9put\u00e9e de la cinqui\u00e8me circonscription des Yvelines<\/strong>, elle soutient d&#8217;embl\u00e9e Bastiaan. Et pour cause : le jeune homme de 22 ans vit \u00e0 Mesnil-le-Roi, qui fait partie de sa circonscription. Cette petite ville des Yvelines, situ\u00e9e dans l&rsquo;arrondissement de Saint-Germain-en-Laye, compte quelques 6300 habitants, parmi lesquels Bastiaan et sa famille.<\/p>\n<p><strong>\u00ab\u00a0Fi\u00e8re de voir un talent du Mesnil-le-Roi briller sur le plateau de la Star Academy !\u00a0\u00bb<\/strong> a d\u00e9clar\u00e9 Ya\u00ebl Braun-Pivet. Et de poursuivre : \u00ab\u00a0Bravo Bastiaan, profite de chaque instant, on est tous derri\u00e8re toi !\u00a0\u00bb. Il y a quelques mois, c&rsquo;est l&rsquo;ex-Premier ministre Gabriel Attal <a href=\"https:\/\/www.public.fr\/victoire-de-romy-a-secret-story-gabriel-attal-sen-mele\" target=\"_blank\" rel=\"noopener\">qui avait r\u00e9v\u00e9l\u00e9 sa passion pour Secret Story<\/a>. Il <strong>avait publiquement soutenu Romy<\/strong>, qui avait remport\u00e9 le programme. Les programmes de TF1 nous rassemblent ! A noter que le lancement de la saison 13 de la Star Academy, que Ya\u00ebl Braun-Pivet a suivi, a cartonn\u00e9 en f\u00e9d\u00e9rant 3,26 millions de personnes.<\/p>\n<p>      Mentionn\u00e9s dans cet article<\/p>\n<p>      Sur le m\u00eame sujet<\/p>\n","protected":false},"excerpt":{"rendered":"R\u00e9sum\u00e9 Bastiaan, com\u00e9dien et candidat de la Star Academy 2026, b\u00e9n\u00e9ficie du soutien de la pr\u00e9sidente de l\u2019Assembl\u00e9e&hellip;\n","protected":false},"author":2,"featured_media":474920,"comment_status":"","ping_status":"","sticky":false,"template":"","format":"standard","meta":{"footnotes":""},"categories":[8],"tags":[416,422,58,59,1011,27,5095,199],"class_list":{"0":"post-474919","1":"post","2":"type-post","3":"status-publish","4":"format-standard","5":"has-post-thumbnail","7":"category-divertissement","8":"tag-assemblee-nationale","9":"tag-depute","10":"tag-divertissement","11":"tag-entertainment","12":"tag-fr","13":"tag-france","14":"tag-star-academy","15":"tag-tf1"},"share_on_mastodon":{"url":"https:\/\/pubeurope.com\/@fr\/115401232760656917","error":""},"_links":{"self":[{"href":"https:\/\/www.europesays.com\/fr\/wp-json\/wp\/v2\/posts\/474919","targetHints":{"allow":["GET"]}}],"collection":[{"href":"https:\/\/www.europesays.com\/fr\/wp-json\/wp\/v2\/posts"}],"about":[{"href":"https:\/\/www.europesays.com\/fr\/wp-json\/wp\/v2\/types\/post"}],"author":[{"embeddable":true,"href":"https:\/\/www.europesays.com\/fr\/wp-json\/wp\/v2\/users\/2"}],"replies":[{"embeddable":true,"href":"https:\/\/www.europesays.com\/fr\/wp-json\/wp\/v2\/comments?post=474919"}],"version-history":[{"count":0,"href":"https:\/\/www.europesays.com\/fr\/wp-json\/wp\/v2\/posts\/474919\/revisions"}],"wp:featuredmedia":[{"embeddable":true,"href":"https:\/\/www.europesays.com\/fr\/wp-json\/wp\/v2\/media\/474920"}],"wp:attachment":[{"href":"https:\/\/www.europesays.com\/fr\/wp-json\/wp\/v2\/media?parent=474919"}],"wp:term":[{"taxonomy":"category","embeddable":true,"href":"https:\/\/www.europesays.com\/fr\/wp-json\/wp\/v2\/categories?post=474919"},{"taxonomy":"post_tag","embeddable":true,"href":"https:\/\/www.europesays.com\/fr\/wp-json\/wp\/v2\/tags?post=474919"}],"curies":[{"name":"wp","href":"https:\/\/api.w.org\/{rel}","templated":true}]}}