{"id":474923,"date":"2025-10-19T14:11:11","date_gmt":"2025-10-19T14:11:11","guid":{"rendered":"https:\/\/www.europesays.com\/fr\/474923\/"},"modified":"2025-10-19T14:11:11","modified_gmt":"2025-10-19T14:11:11","slug":"cest-quoi-cette-taxe-sur-les-vehicules-doccasion-qui-arrive-en-2026","status":"publish","type":"post","link":"https:\/\/www.europesays.com\/fr\/474923\/","title":{"rendered":"C\u2019est quoi cette taxe sur les v\u00e9hicules d\u2019occasion qui arrive en 2026 ?"},"content":{"rendered":"<p class=\"mb-4 text-lg md:leading-8 break-words\"><strong>\u00e7a fait malus &#8211; Le 1er\u00a0janvier prochain, certains v\u00e9hicules d\u2019occasion seront soumis \u00e0 une nouvelle taxe\u00a0: leurs nouveaux propri\u00e9taires devront payer le malus \u00e9cologique dont le v\u00e9hicule avait \u00e9t\u00e9 exon\u00e9r\u00e9<\/strong><\/p>\n<p class=\"mb-4 text-lg md:leading-8 break-words\">On le sait, les d\u00e9buts de mois r\u00e9servent souvent de mauvaises surprises <a href=\"https:\/\/www.20minutes.fr\/dossier\/fiscalite?at_medium=RSS%20feed&amp;at_campaign=ynews&amp;utm_source=yahoo&amp;utm_medium=rss&amp;utm_campaign=news_feed&amp;utm_content=in_article_link\" rel=\"nofollow noopener\" target=\"_blank\" data-ylk=\"slk:fiscales;elm:context_link;itc:0;sec:content-canvas\" class=\"link \">fiscales<\/a>. Alors les d\u00e9buts d\u2019ann\u00e9e, n\u2019en parlons pas. Ou plut\u00f4t si, parlons-en\u00a0: parce que le 1er\u00a0janvier 2026, une \u00ab\u00a0nouvelle\u00a0\u00bb <a href=\"https:\/\/www.20minutes.fr\/economie\/taxe\/?at_medium=RSS%20feed&amp;at_campaign=ynews&amp;utm_source=yahoo&amp;utm_medium=rss&amp;utm_campaign=news_feed&amp;utm_content=in_article_link\" rel=\"nofollow noopener\" target=\"_blank\" data-ylk=\"slk:taxe;elm:context_link;itc:0;sec:content-canvas\" class=\"link \">taxe <\/a>entrera en vigueur. Elle va concerner les acheteurs de <a href=\"https:\/\/www.20minutes.fr\/dossier\/voiture?at_medium=RSS%20feed&amp;at_campaign=ynews&amp;utm_source=yahoo&amp;utm_medium=rss&amp;utm_campaign=news_feed&amp;utm_content=in_article_link\" rel=\"nofollow noopener\" target=\"_blank\" data-ylk=\"slk:certains v\u00e9hicules;elm:context_link;itc:0;sec:content-canvas\" class=\"link \">certains v\u00e9hicules<\/a> d\u2019occasion et pourrait leur faire mal au portefeuille. Explications.<\/p>\n<p class=\"mb-4 text-lg md:leading-8 break-words\">En r\u00e9alit\u00e9, il ne s\u2019agit pas d\u2019une nouvelle taxe mais plut\u00f4t d\u2019une taxe d\u00e9j\u00e0 existante, qui s\u2019appliquera de mani\u00e8re r\u00e9troactive \u00e0 des v\u00e9hicules qui en avaient \u00e9t\u00e9 exon\u00e9r\u00e9s. On parle ici de la \u00ab\u00a0taxe sur les \u00e9missions de dioxyde de carbone des v\u00e9hicules de tourisme\u00a0\u00bb, aussi appel\u00e9e \u00ab\u00a0malus \u00e9cologique\u00a0\u00bb, et de la taxe au poids, instaur\u00e9e en\u00a02019. Et c\u2019est l\u2019article\u00a029 de la loi de finance du 14\u00a0f\u00e9vrier 2025 qui va apporter quelques modifications au r\u00e9gime en vigueur jusqu\u2019\u00e0 aujourd\u2019hui.<\/p>\n<p>Malus \u00e9cologique r\u00e9troactif<\/p>\n<p class=\"mb-4 text-lg md:leading-8 break-words\">Pour rappel, lors de l\u2019achat d\u2019un v\u00e9hicule neuf, le nouveau propri\u00e9taire doit payer un malus \u00e9cologique en fonction des \u00e9missions de CO\u00b2. En\u00a02026, il en co\u00fbtera 50 euros pour une voiture qui crache 108\u00a0g de CO\u00b2 au kilom\u00e8tre, et 80.000 euros si la voiture d\u00e9passe le seuil de 191\u00a0g de CO\u00b2 au kilom\u00e8tre. Le montant de la taxe est revaloris\u00e9 chaque ann\u00e9e, et les conditions vont \u00eatre \u00e9tendues aux v\u00e9hicules achet\u00e9s \u00e0 partir de\u00a02015 qui avaient \u00e9t\u00e9 exon\u00e9r\u00e9s pour certaines raisons.<\/p>\n<p class=\"mb-4 text-lg md:leading-8 break-words\">\u00ab\u00a0Il y a beaucoup de fausses informations qui circulent parce que cette taxe ne va finalement concerner que tr\u00e8s peu de v\u00e9hicules\u00a0\u00bb, affirme aupr\u00e8s de 20(&#8230;)<\/p>\n<p class=\"mb-4 text-lg md:leading-8 break-words\"><a href=\"https:\/\/www.20minutes.fr\/auto\/4179251-20251019-quoi-taxe-vehicules-occasion-arrive-2026?at_medium=RSS%20feed&amp;at_campaign=ynews&amp;utm_source=yahoo&amp;utm_medium=rss&amp;utm_campaign=news_feed&amp;utm_content=read_more_link&quot;\" rel=\"nofollow noopener\" target=\"_blank\" data-ylk=\"slk:Lire la suite sur 20minutes;elm:context_link;itc:0;sec:content-canvas\" class=\"link \">Lire la suite sur 20minutes<\/a><\/p>\n<p>\u00c0 lire aussi :<br \/><a href=\"https:\/\/www.20minutes.fr\/politique\/assemblee_nationale\/4117988-20241026-divisee-assemblee-rejette-nouveau-malus-voitures-diesel-essence?at_medium=RSS%20feed&amp;at_campaign=ynews&amp;utm_source=yahoo&amp;utm_medium=rss&amp;utm_campaign=news_feed&amp;utm_content=related_content_link\" rel=\"nofollow noopener\" target=\"_blank\" data-ylk=\"slk:Divis\u00e9e, l\u2019Assembl\u00e9e rejette le nouveau malus des voitures diesel et essence;elm:context_link;itc:0;sec:content-canvas\" class=\"link \">Divis\u00e9e, l\u2019Assembl\u00e9e rejette le nouveau malus des voitures diesel et essence<\/a><br \/><a href=\"https:\/\/www.20minutes.fr\/economie\/4123870-20241128-automobile-malus-alourdi-bonus-rabote-attend-2025?at_medium=RSS%20feed&amp;at_campaign=ynews&amp;utm_source=yahoo&amp;utm_medium=rss&amp;utm_campaign=news_feed&amp;utm_content=related_content_link\" rel=\"nofollow noopener\" target=\"_blank\" data-ylk=\"slk:Automobile\u00a0: Malus alourdi, bonus rabot\u00e9, ce qui vous attend en\u00a02025;elm:context_link;itc:0;sec:content-canvas\" class=\"link \">Automobile\u00a0: Malus alourdi, bonus rabot\u00e9, ce qui vous attend en\u00a02025<\/a><\/p>\n","protected":false},"excerpt":{"rendered":"\u00e7a fait malus &#8211; Le 1er\u00a0janvier prochain, certains v\u00e9hicules d\u2019occasion seront soumis \u00e0 une nouvelle taxe\u00a0: leurs nouveaux&hellip;\n","protected":false},"author":2,"featured_media":474924,"comment_status":"","ping_status":"","sticky":false,"template":"","format":"standard","meta":{"footnotes":""},"categories":[6],"tags":[35,33,34,1011,27,2549,59831,59832],"class_list":{"0":"post-474923","1":"post","2":"type-post","3":"status-publish","4":"format-standard","5":"has-post-thumbnail","7":"category-economie","8":"tag-business","9":"tag-economie","10":"tag-economy","11":"tag-fr","12":"tag-france","13":"tag-taxe","14":"tag-vehicules-doccasion","15":"tag-vehicules-de-tourisme"},"share_on_mastodon":{"url":"https:\/\/pubeurope.com\/@fr\/115401240405825851","error":""},"_links":{"self":[{"href":"https:\/\/www.europesays.com\/fr\/wp-json\/wp\/v2\/posts\/474923","targetHints":{"allow":["GET"]}}],"collection":[{"href":"https:\/\/www.europesays.com\/fr\/wp-json\/wp\/v2\/posts"}],"about":[{"href":"https:\/\/www.europesays.com\/fr\/wp-json\/wp\/v2\/types\/post"}],"author":[{"embeddable":true,"href":"https:\/\/www.europesays.com\/fr\/wp-json\/wp\/v2\/users\/2"}],"replies":[{"embeddable":true,"href":"https:\/\/www.europesays.com\/fr\/wp-json\/wp\/v2\/comments?post=474923"}],"version-history":[{"count":0,"href":"https:\/\/www.europesays.com\/fr\/wp-json\/wp\/v2\/posts\/474923\/revisions"}],"wp:featuredmedia":[{"embeddable":true,"href":"https:\/\/www.europesays.com\/fr\/wp-json\/wp\/v2\/media\/474924"}],"wp:attachment":[{"href":"https:\/\/www.europesays.com\/fr\/wp-json\/wp\/v2\/media?parent=474923"}],"wp:term":[{"taxonomy":"category","embeddable":true,"href":"https:\/\/www.europesays.com\/fr\/wp-json\/wp\/v2\/categories?post=474923"},{"taxonomy":"post_tag","embeddable":true,"href":"https:\/\/www.europesays.com\/fr\/wp-json\/wp\/v2\/tags?post=474923"}],"curies":[{"name":"wp","href":"https:\/\/api.w.org\/{rel}","templated":true}]}}