{"id":474925,"date":"2025-10-19T14:12:21","date_gmt":"2025-10-19T14:12:21","guid":{"rendered":"https:\/\/www.europesays.com\/fr\/474925\/"},"modified":"2025-10-19T14:12:21","modified_gmt":"2025-10-19T14:12:21","slug":"larmee-de-terre-francaise-a-lambition-de-peser-face-a-la-menace-russe","status":"publish","type":"post","link":"https:\/\/www.europesays.com\/fr\/474925\/","title":{"rendered":"L\u2019arm\u00e9e de Terre fran\u00e7aise a l\u2019ambition de peser face \u00e0 la menace russe"},"content":{"rendered":"<p>\n                                                Les services secrets allemands ont mis en garde, lundi, contre la Russie, pr\u00eate selon eux \u00e0 entrer en conflit militaire direct avec l\u2019Otan, menace qui pourrait se concr\u00e9tiser avant 2029. R\u00e9action ce jeudi du patron de l\u2019arm\u00e9e de Terre fran\u00e7aise, le g\u00e9n\u00e9ral Pierre Schill, \u00e0 l\u2019occasion de la pr\u00e9sentation des capacit\u00e9s des forces terrestres \u00e0 l\u2019\u00c9cole militaire, qui a plaid\u00e9 pour une d\u00e9monstration de force et de cr\u00e9dibilit\u00e9 des arm\u00e9es europ\u00e9ennes.                    <\/p>\n<p>Face \u00e0 ces menaces, le mot d\u2019ordre du chef d\u2019\u00e9tat-major de l\u2019arm\u00e9e de Terre est le suivant\u00a0: \u00eatre pr\u00eat et le faire savoir.<\/p>\n<p>\u00ab\u00a0Il y a l&rsquo;adversaire et il y a nous. On sait que depuis des ann\u00e9es, la <strong><a target=\"_self\" href=\"https:\/\/www.rfi.fr\/fr\/tag\/russie\/\" class=\"gtm-add-suggested-tag\" rel=\"noopener\">Russie<\/a><\/strong> s&rsquo;arme. On sait que depuis des ann\u00e9es, la Russie voulait faire peser cette intimidation de sa force sur son environnement et qu&rsquo;elle veut structurellement s&rsquo;\u00e9tendre. \u00c7a, c&rsquo;est l&rsquo;adversaire. Nous, c&rsquo;est d&rsquo;abord la coalition. Nous sommes membres d&rsquo;une coalition, nous sommes un continent qui a quand m\u00eame des ressources immenses. Et au sein de ce continent, il y a nous, la <strong><a target=\"_self\" href=\"https:\/\/www.rfi.fr\/fr\/tag\/france\/\" class=\"gtm-add-suggested-tag\" rel=\"noopener\">France<\/a><\/strong>. Nous avons un certain nombre de socles de notre d\u00e9fense qui sont solides. C&rsquo;est une arm\u00e9e d&#8217;emploi, c&rsquo;est la dissuasion nucl\u00e9aire. Pour \u00eatre libre dans le monde qui vient, il faut \u00eatre craint. Et pour \u00eatre craint, il faut \u00eatre fort. Oui, il y a une menace, c&rsquo;est clair, mais l&rsquo;avenir n&rsquo;est pas \u00e9crit, c&rsquo;est \u00e0 nous de l&rsquo;\u00e9crire. Et pour \u00e9crire cet avenir, il faut que nous soyons forts.\u00a0\u00bb<\/p>\n<p> Nous n\u2019avons pas trouv\u00e9 la martingale contre les drones <\/p>\n<p>\u00catre fort signifie tracer des lignes rouges. Contre la flotte fant\u00f4me, contre les incursions de drones. L\u2019Europe et l\u2019Otan cherchent la parade, on n\u2019a pas trouv\u00e9 la martingale dit le g\u00e9n\u00e9ral Schill, et la pertinence du <strong><a target=\"_self\" href=\"https:\/\/www.rfi.fr\/fr\/europe\/20250926-ue-un-mur-de-d\u00e9fense-anti-drones-\u00e0-l-\u00e9tude-apr\u00e8s-des-survols-dans-l-espace-a\u00e9rien-europ\u00e9en\" rel=\"noopener\">mur anti-drones europ\u00e9en<\/a><\/strong> reste \u00e0 ses yeux \u00e0 d\u00e9montrer\u00a0: \u00ab\u00a0Je pense que la question de la d\u00e9fense par le mur, et exclusivement par le mur, est vou\u00e9e \u00e0 l&rsquo;\u00e9chec parce qu&rsquo;elle laisse \u00e0 l&rsquo;attaquant l&rsquo;initiative et elle oblige le d\u00e9fenseur \u00e0 \u00eatre fort partout. Sur la question du mur anti-drones, il y a un \u00e9l\u00e9ment positif qui est la volont\u00e9 manifeste de r\u00e9pondre \u00e0 des attaques potentielles et \u00e0 une menace. Maintenant, tout va \u00eatre dans les modalit\u00e9s. Qu&rsquo;est-ce que veut dire le mur anti-drones ? Est-ce que c&rsquo;est un mur \u00e9tanche sur les milliers de kilom\u00e8tres de fronti\u00e8re de l&rsquo;<strong><a target=\"_self\" href=\"https:\/\/www.rfi.fr\/fr\/tag\/otan\/\" class=\"gtm-add-suggested-tag\" rel=\"noopener\">Otan<\/a><\/strong> ? Est-ce que ce sera concentr\u00e9 sur certains points ? C&rsquo;est dans les d\u00e9tails et la rapidit\u00e9 du d\u00e9ploiement que se jugera l&rsquo;efficacit\u00e9 ou la pertinence de ce sujet, entre deux extr\u00eames qui pourraient \u00eatre le fait que \u00e7a co\u00fbte tr\u00e8s cher sans \u00eatre \u00e9tanche jusqu&rsquo;\u00e0 ne rien faire \u00bb.<\/p>\n<p class=\"a-read-more\">\u00c0 lire aussi<a target=\"_self\" href=\"https:\/\/www.rfi.fr\/fr\/podcasts\/lignes-de-d\u00e9fense\/20251005-mur-anti-drones-l-union-europ\u00e9enne-veut-aller-vite\" class=\"a-read-more__link\" rel=\"noopener\">Mur anti-drones: l&rsquo;Union europ\u00e9enne veut aller vite<\/a><\/p>\n<p> Montrer sa force <\/p>\n<p>Face aux attaques hybrides men\u00e9es par Moscou, l\u2019arm\u00e9e de terre fran\u00e7aise a l\u2019ambition de peser. De changer le cours de l\u2019histoire par la puissance de l\u2019action, c\u2019est le socle de la dissuasion, mart\u00e8le Pierre Schill, \u00ab\u00a0La paix, de mon point de vue, est consubstantielle \u00e0 la notion de force. Si tu veux la paix, pr\u00e9pare la guerre. C&rsquo;est la base m\u00eame de la dissuasion et du d\u00e9couragement. Je pense que c&rsquo;est aujourd&rsquo;hui le socle de notre d\u00e9fense. Tout ce qui peut \u00eatre fait en amont pour prouver cette force par la d\u00e9monstration, c&rsquo;est-\u00e0-dire par les exercices, par la pr\u00e9sentation de nos capacit\u00e9s pour que l&rsquo;adversaire les jauge, c&rsquo;est une dimension importante. Regardez comment la <strong><a target=\"_self\" href=\"https:\/\/www.rfi.fr\/fr\/tag\/chine\/\" class=\"gtm-add-suggested-tag\" rel=\"noopener\">Chine<\/a><\/strong> a fait une d\u00e9monstration de force \u00e0 travers le d\u00e9fil\u00e9 de Tiananmen, qui dit beaucoup\u00a0!\u00a0\u00bb<\/p>\n<p>Et pour \u00e0 son tour, en dire beaucoup, de f\u00e9vrier \u00e0 avril 2026, l\u2019arm\u00e9e fran\u00e7aise m\u00e8nera l\u2019exercice Orion 26. Vaste man\u0153uvre interarm\u00e9es incluant des alli\u00e9s, et qui constituera pour le chef d\u2019\u00e9tat-major de l\u2019arm\u00e9e de Terre un signal adress\u00e9 \u00e0 nos adversaires et \u00e0 nos partenaires\u00a0: afin d\u2019\u00eatre redout\u00e9 par les premiers et reconnu par les seconds.<\/p>\n<p class=\"a-read-more\">\u00c0 lire aussi<a target=\"_self\" href=\"https:\/\/www.rfi.fr\/fr\/podcasts\/lignes-de-d\u00e9fense\/20250928-l-arm\u00e9e-de-terre-engage-une-robotisation-massive-de-ses-forces\" class=\"a-read-more__link\" rel=\"noopener\">L\u2019arm\u00e9e de terre engage une robotisation massive de ses forces<\/a><\/p>\n","protected":false},"excerpt":{"rendered":"Les services secrets allemands ont mis en garde, lundi, contre la Russie, pr\u00eate selon eux \u00e0 entrer en&hellip;\n","protected":false},"author":2,"featured_media":474926,"comment_status":"","ping_status":"","sticky":false,"template":"","format":"standard","meta":{"footnotes":""},"categories":[5],"tags":[11,554,312,674,1011,27,14,33382,12,136,132,364,28],"class_list":{"0":"post-474925","1":"post","2":"type-post","3":"status-publish","4":"format-standard","5":"has-post-thumbnail","7":"category-international","8":"tag-actualites","9":"tag-defense","10":"tag-diplomatie","11":"tag-europe","12":"tag-fr","13":"tag-france","14":"tag-international","15":"tag-lignes-de-defense","16":"tag-news","17":"tag-otan","18":"tag-russie","19":"tag-union-europeenne","20":"tag-world"},"share_on_mastodon":{"url":"https:\/\/pubeurope.com\/@fr\/115401244303384853","error":""},"_links":{"self":[{"href":"https:\/\/www.europesays.com\/fr\/wp-json\/wp\/v2\/posts\/474925","targetHints":{"allow":["GET"]}}],"collection":[{"href":"https:\/\/www.europesays.com\/fr\/wp-json\/wp\/v2\/posts"}],"about":[{"href":"https:\/\/www.europesays.com\/fr\/wp-json\/wp\/v2\/types\/post"}],"author":[{"embeddable":true,"href":"https:\/\/www.europesays.com\/fr\/wp-json\/wp\/v2\/users\/2"}],"replies":[{"embeddable":true,"href":"https:\/\/www.europesays.com\/fr\/wp-json\/wp\/v2\/comments?post=474925"}],"version-history":[{"count":0,"href":"https:\/\/www.europesays.com\/fr\/wp-json\/wp\/v2\/posts\/474925\/revisions"}],"wp:featuredmedia":[{"embeddable":true,"href":"https:\/\/www.europesays.com\/fr\/wp-json\/wp\/v2\/media\/474926"}],"wp:attachment":[{"href":"https:\/\/www.europesays.com\/fr\/wp-json\/wp\/v2\/media?parent=474925"}],"wp:term":[{"taxonomy":"category","embeddable":true,"href":"https:\/\/www.europesays.com\/fr\/wp-json\/wp\/v2\/categories?post=474925"},{"taxonomy":"post_tag","embeddable":true,"href":"https:\/\/www.europesays.com\/fr\/wp-json\/wp\/v2\/tags?post=474925"}],"curies":[{"name":"wp","href":"https:\/\/api.w.org\/{rel}","templated":true}]}}