{"id":474927,"date":"2025-10-19T14:13:14","date_gmt":"2025-10-19T14:13:14","guid":{"rendered":"https:\/\/www.europesays.com\/fr\/474927\/"},"modified":"2025-10-19T14:13:14","modified_gmt":"2025-10-19T14:13:14","slug":"ardeche-un-homme-perd-la-vie-apres-une-chute-denviron-50-metres-depuis-une-falaise","status":"publish","type":"post","link":"https:\/\/www.europesays.com\/fr\/474927\/","title":{"rendered":"Ard\u00e8che. Un homme perd la vie apr\u00e8s une chute d&rsquo;environ 50 m\u00e8tres depuis une falaise"},"content":{"rendered":"<p>Dimanche 19 octobre, vers 11 heures, un homme a, dans des circonstances qui restent \u00e0 d\u00e9terminer, \u00e9t\u00e9 victime d\u2019une chute d\u2019environ 50 m\u00e8tres depuis une falaise \u00e0 Balazuc, dans le Sud-Ard\u00e8che.<\/p>\n<p>Ce contenu est bloqu\u00e9 car vous n&rsquo;avez pas accept\u00e9 les cookies et autres traceurs.<\/p>\n<p>En cliquant sur \u00ab J\u2019accepte \u00bb, les cookies et autres traceurs seront d\u00e9pos\u00e9s et vous pourrez visualiser les contenus  (<a href=\"\" class=\"consentModule_policy\" target=\"_blank\" title=\"Consulter la politique de protection des donn\u00e9es du fournisseur\">plus d&rsquo;informations<\/a>).<\/p>\n<p>En cliquant sur \u00ab J\u2019accepte tous les cookies \u00bb, vous autorisez des d\u00e9p\u00f4ts de cookies et autres traceurs pour le stockage de vos donn\u00e9es sur nos sites et applications \u00e0 des fins de personnalisation et de ciblage publicitaire.<\/p>\n<p class=\"consentModule_secondaryText\">Vous gardez la possibilit\u00e9 de retirer votre consentement \u00e0 tout moment en consultant notre <a href=\"https:\/\/www.ledauphine.com\/protection-des-donnees\" target=\"_blank\" title=\"Consulter notre politique de protection des donn\u00e9es\" rel=\"noopener\">politique de protection des donn\u00e9es<\/a>. <br \/>&#13;<br \/>\n            <a href=\"https:\/\/www.ledauphine.com\/faits-divers-justice\/2025\/10\/19\/javascript:Didomi.notice.show()\" class=\"consentModule_cmp\" target=\"_blank\" rel=\"noopener\">G\u00e9rer mes choix<\/a>&#13;\n        <\/p>\n<p>&#13;<br \/>\n                        J&rsquo;accepte&#13;<br \/>\n            J&rsquo;accepte tous les cookies&#13;\n        <\/p>\n<p>Des t\u00e9moins ont prodigu\u00e9 les premiers gestes de r\u00e9animation, accompagn\u00e9s \u00e0 distance par un op\u00e9rateur sapeur-pompier.<\/p>\n<p>Malgr\u00e9 cette premi\u00e8re intervention, puis celle des sapeurs-pompiers et du Samu, la victime n\u2019a pas pu \u00eatre sauv\u00e9e. Deux autres t\u00e9moins, en \u00e9tat de choc, ont \u00e9t\u00e9 pris en charge par les secours et transport\u00e9s \u00e0 l\u2019h\u00f4pital.<\/p>\n<p>Les gendarmes sont en charge des investigations.<\/p>\n","protected":false},"excerpt":{"rendered":"Dimanche 19 octobre, vers 11 heures, un homme a, dans des circonstances qui restent \u00e0 d\u00e9terminer, \u00e9t\u00e9 victime&hellip;\n","protected":false},"author":2,"featured_media":474928,"comment_status":"","ping_status":"","sticky":false,"template":"","format":"standard","meta":{"footnotes":""},"categories":[4],"tags":[119,11,4646,59833,4645,274,107,1011,27,12,25],"class_list":{"0":"post-474927","1":"post","2":"type-post","3":"status-publish","4":"format-standard","5":"has-post-thumbnail","7":"category-france","8":"tag-accident","9":"tag-actualites","10":"tag-ardeche","11":"tag-balazuc","12":"tag-edition-aubenas-privas-vallee-du-rhone","13":"tag-faits-divers-justice","14":"tag-fil-info","15":"tag-fr","16":"tag-france","17":"tag-news","18":"tag-republique-francaise"},"share_on_mastodon":{"url":"https:\/\/pubeurope.com\/@fr\/115401248293881187","error":""},"_links":{"self":[{"href":"https:\/\/www.europesays.com\/fr\/wp-json\/wp\/v2\/posts\/474927","targetHints":{"allow":["GET"]}}],"collection":[{"href":"https:\/\/www.europesays.com\/fr\/wp-json\/wp\/v2\/posts"}],"about":[{"href":"https:\/\/www.europesays.com\/fr\/wp-json\/wp\/v2\/types\/post"}],"author":[{"embeddable":true,"href":"https:\/\/www.europesays.com\/fr\/wp-json\/wp\/v2\/users\/2"}],"replies":[{"embeddable":true,"href":"https:\/\/www.europesays.com\/fr\/wp-json\/wp\/v2\/comments?post=474927"}],"version-history":[{"count":0,"href":"https:\/\/www.europesays.com\/fr\/wp-json\/wp\/v2\/posts\/474927\/revisions"}],"wp:featuredmedia":[{"embeddable":true,"href":"https:\/\/www.europesays.com\/fr\/wp-json\/wp\/v2\/media\/474928"}],"wp:attachment":[{"href":"https:\/\/www.europesays.com\/fr\/wp-json\/wp\/v2\/media?parent=474927"}],"wp:term":[{"taxonomy":"category","embeddable":true,"href":"https:\/\/www.europesays.com\/fr\/wp-json\/wp\/v2\/categories?post=474927"},{"taxonomy":"post_tag","embeddable":true,"href":"https:\/\/www.europesays.com\/fr\/wp-json\/wp\/v2\/tags?post=474927"}],"curies":[{"name":"wp","href":"https:\/\/api.w.org\/{rel}","templated":true}]}}