{"id":474931,"date":"2025-10-19T14:16:48","date_gmt":"2025-10-19T14:16:48","guid":{"rendered":"https:\/\/www.europesays.com\/fr\/474931\/"},"modified":"2025-10-19T14:16:48","modified_gmt":"2025-10-19T14:16:48","slug":"premiere-ligue-j5-premier-point-pour-saint-etienne","status":"publish","type":"post","link":"https:\/\/www.europesays.com\/fr\/474931\/","title":{"rendered":"Premi\u00e8re Ligue &#8211; J5 : premier point pour SAINT-\u00c9TIENNE"},"content":{"rendered":"<p>\t\t\t\t\t <b>Vendredi 17 octobre 2025<\/b><br \/>\n\t\t\t\t\t <br \/>\n\t\t\t\t\t LE HAVRE &#8211; SAINT-\u00c9TIENNE : 0-0<br \/>\n\t\t\t\t\t <br \/>\n\t\t\t\t\t Expulsion : Marion Romanelli 47&prime; \u00e0 Saint-\u00c9tienne<\/p>\n<p><b>Samedi 18 octobre 2025<\/b>&#13;\t\t\t\t\t <br \/>DIJON &#8211; FLEURY : 1-1 (0-1)&#13;\t\t\t\t\t <br \/>0-1 Ewelina KAMCZYK 24&prime; (Laurent)&#13;\t\t\t\t\t <br \/>1-1 WANG Yanwen 57&prime; (Krezyman)&#13;\t\t\t\t\t <\/p>\n<p>PARIS FC &#8211; MARSEILLE : 6-1 (2-0)&#13;\t\t\t\t\t <br \/>1-0 Ana\u00eble LE MOGU\u00c9DEC 26&prime; (Azzaro)&#13;\t\t\t\t\t <br \/>2-0 Clara MATEO 31&prime; (Corboz)&#13;\t\t\t\t\t <br \/>3-0 Ma\u00eblle GARBINO 51&prime; s.p.&#13;\t\t\t\t\t <br \/>3-1 Melissa HERRERA 53&prime; (Le Mou\u00ebl)&#13;\t\t\t\t\t <br \/>4-1 Daphn\u00e9 CORBOZ 60&prime; (Ould Hocine)&#13;\t\t\t\t\t <br \/>5-1 Ana\u00eble LE MOGU\u00c9DEC 74&prime; (Korosec)&#13;\t\t\t\t\t <br \/>6-1 Ma\u00eblle GARBINO 85&prime; (Mateo)&#13;\t\t\t\t\t <\/p>\n<p>MONTPELLIER &#8211; LENS : 3-1 (2-0)&#13;\t\t\t\t\t <br \/>1-0 Sonia OUCHENE 18&prime; (Ngueleu)&#13;\t\t\t\t\t <br \/>2-0 Rose KADZERE 38&prime; (Ngueleu)&#13;\t\t\t\t\t <br \/>3-0 Justine ROUQUET 62&prime; (Ouchene)&#13;\t\t\t\t\t <br \/>3-1 Naomie VAGRE 90+3&prime; (Bertrand)&#13;\t\t\t\t\t <\/p>\n<p>LYON &#8211; NANTES : 6-1 (4-0)&#13;\t\t\t\t\t <br \/>1-0 Korbin SHRADER 7&prime; (Dumornay)&#13;\t\t\t\t\t <br \/>2-0 Marie-Antoinette KATOTO 10&prime; (Diani)&#13;\t\t\t\t\t <br \/>3-0 Wendie RENARD 27&prime; s.p. &#13;\t\t\t\t\t <br \/>4-0 Tabitha CHAWINGA 35&prime; (Shrader)&#13;\t\t\t\t\t <br \/>4-1 Roseline ELOISSAINT 50&prime; (Fleury)&#13;\t\t\t\t\t <br \/>5-1 Kadidiatou DIANI 57&prime; (Chawinga)&#13;\t\t\t\t\t <br \/>6-1 TARCIANE 89&prime; (Renard)&#13;\t\t\t\t\t <\/p>\n<p><b>Dimanche 19 octobre 2025<\/b>&#13;\t\t\t\t\t <br \/>STRASBOURG &#8211; PSG\n\t\t\t\t <\/p>\n","protected":false},"excerpt":{"rendered":"Vendredi 17 octobre 2025 LE HAVRE &#8211; SAINT-\u00c9TIENNE : 0-0 Expulsion : Marion Romanelli 47&prime; \u00e0 Saint-\u00c9tienne Samedi&hellip;\n","protected":false},"author":2,"featured_media":474932,"comment_status":"","ping_status":"","sticky":false,"template":"","format":"standard","meta":{"footnotes":""},"categories":[9653],"tags":[1111,11,2430,12437,12442,1777,674,1295,2257,63,1011,27,12440,12,25,4001,8359,12439,12441,12438],"class_list":{"0":"post-474931","1":"post","2":"type-post","3":"status-publish","4":"format-standard","5":"has-post-thumbnail","7":"category-saint-etienne","8":"tag-actu","9":"tag-actualites","10":"tag-auvergne-rhone-alpes","11":"tag-bleues","12":"tag-championnat-de-france-feminin","13":"tag-eu","14":"tag-europe","15":"tag-feminin","16":"tag-foot","17":"tag-football","18":"tag-fr","19":"tag-france","20":"tag-frauen-fussball","21":"tag-news","22":"tag-republique-francaise","23":"tag-saint-etienne","24":"tag-soccer","25":"tag-vrouwenvoetbal","26":"tag-women-national-teams","27":"tag-women-soccer"},"share_on_mastodon":{"url":"https:\/\/pubeurope.com\/@fr\/115401263896975469","error":""},"_links":{"self":[{"href":"https:\/\/www.europesays.com\/fr\/wp-json\/wp\/v2\/posts\/474931","targetHints":{"allow":["GET"]}}],"collection":[{"href":"https:\/\/www.europesays.com\/fr\/wp-json\/wp\/v2\/posts"}],"about":[{"href":"https:\/\/www.europesays.com\/fr\/wp-json\/wp\/v2\/types\/post"}],"author":[{"embeddable":true,"href":"https:\/\/www.europesays.com\/fr\/wp-json\/wp\/v2\/users\/2"}],"replies":[{"embeddable":true,"href":"https:\/\/www.europesays.com\/fr\/wp-json\/wp\/v2\/comments?post=474931"}],"version-history":[{"count":0,"href":"https:\/\/www.europesays.com\/fr\/wp-json\/wp\/v2\/posts\/474931\/revisions"}],"wp:featuredmedia":[{"embeddable":true,"href":"https:\/\/www.europesays.com\/fr\/wp-json\/wp\/v2\/media\/474932"}],"wp:attachment":[{"href":"https:\/\/www.europesays.com\/fr\/wp-json\/wp\/v2\/media?parent=474931"}],"wp:term":[{"taxonomy":"category","embeddable":true,"href":"https:\/\/www.europesays.com\/fr\/wp-json\/wp\/v2\/categories?post=474931"},{"taxonomy":"post_tag","embeddable":true,"href":"https:\/\/www.europesays.com\/fr\/wp-json\/wp\/v2\/tags?post=474931"}],"curies":[{"name":"wp","href":"https:\/\/api.w.org\/{rel}","templated":true}]}}