{"id":47494,"date":"2025-04-23T20:50:18","date_gmt":"2025-04-23T20:50:18","guid":{"rendered":"https:\/\/www.europesays.com\/fr\/47494\/"},"modified":"2025-04-23T20:50:18","modified_gmt":"2025-04-23T20:50:18","slug":"apres-le-jet-de-projectile-le-dossier-mis-en-instruction-au-regard-de-la-gravite-des-faits","status":"publish","type":"post","link":"https:\/\/www.europesays.com\/fr\/47494\/","title":{"rendered":"apr\u00e8s le jet de projectile, le dossier mis en instruction \u00ab\u00a0au regard de la gravit\u00e9 des faits\u00a0\u00bb"},"content":{"rendered":"<p>Une d\u00e9cision attendue. Trois jours apr\u00e8s l&rsquo;incident survenu lors du derby entre Saint-\u00c9tienne et Lyon, avec <a href=\"https:\/\/fr.news.yahoo.com\/sport\/saint-etienne-lyon-supporter-verts-175416212.html\" data-ylk=\"slk:un arbitre de touche heurt\u00e9 \u00e0 la t\u00eate;elm:context_link;itc:0;sec:content-canvas;outcm:mb_qualified_link;_E:mb_qualified_link;ct:story;\" class=\"link  yahoo-link\" target=\"_blank\" rel=\"noopener\">un arbitre de touche heurt\u00e9 \u00e0 la t\u00eate<\/a> par un objet jet\u00e9 depuis une tribune, la commission de discipline de la LFP a d\u00e9cid\u00e9 ce mercredi de placer le dossier en instruction. Une d\u00e9cision sera rendue le 7 mai 2025.<\/p>\n<p>\u00ab\u00a0Comportement des supporters de l\u2019AS Saint-\u00c9tienne : usage d&rsquo;engins pyrotechniques, jets d&rsquo;objets ayant port\u00e9 atteinte \u00e0 l&rsquo;int\u00e9grit\u00e9 physique d&rsquo;un officiel et interruption de la rencontre. Au regard de la gravit\u00e9 des faits et du risque de r\u00e9it\u00e9ration, la Commission de Discipline de la LFP d\u00e9cide de mettre le dossier en instruction. La d\u00e9cision sera rendue \u00e0 l\u2019issue de la s\u00e9ance du mercredi 7 mai 2025, au cours de laquelle l\u2019instructeur remettra son rapport\u00a0\u00bb, fait savoir la commission.<\/p>\n<p>Dimanche, juste avant la mi-temps, alors que Saint-Etienne menait 1-0 et au moment o\u00f9 les Lyonnais s&rsquo;appr\u00eataient \u00e0 jouer une touche, l&rsquo;arbitre assistant Mehdi Rahmouni s&rsquo;est subitement pris la t\u00eate entre les mains, touch\u00e9 par un objet venu des tribunes. La rencontre a alors \u00e9t\u00e9 interrompue trois quarts d&rsquo;heure avant de reprendre et de se terminer sans accroc par un succ\u00e8s des Verts (2-1) \u00e0 Geoffroy-Guichard.<\/p>\n<p>Le supporter st\u00e9phanois sera jug\u00e9 le 13 octobre<\/p>\n<p>Apr\u00e8s le match, l&rsquo;auteur pr\u00e9sum\u00e9 du jet de projectile, rapidement identifi\u00e9, a \u00e9t\u00e9 interpell\u00e9 \u00e0 la sortie du stade. Au terme de pr\u00e8s de deux jours de garde \u00e0 vue, cet homme sans ant\u00e9c\u00e9dent judiciaire a \u00e9t\u00e9 d\u00e9ferr\u00e9 mardi apr\u00e8s-midi devant un magistrat st\u00e9phanois. Soup\u00e7onn\u00e9 d&rsquo;avoir jet\u00e9 une pi\u00e8ce de monnaie, il sera jug\u00e9 le 13 octobre par le tribunal de Saint-\u00c9tienne.<\/p>\n<p>Il \u00ab\u00a0a pr\u00e9cis\u00e9 \u00eatre abonn\u00e9 en tribunes Charles Paret mais n&rsquo;\u00eatre membre d&rsquo;aucune association de supporters\u00a0\u00bb, a ajout\u00e9 le parquet st\u00e9phanois aupr\u00e8s de l&rsquo;AFP.<\/p>\n<p><a href=\"https:\/\/rmcsport.bfmtv.com\/football\/ligue-1\/saint-etienne-lyon-apres-le-jet-de-projectile-le-dossier-mis-en-instruction-au-regard-de-la-gravite-des-faits_AV-202504230839.html#xtor=AL-68\" rel=\"nofollow noopener\" target=\"_blank\" data-ylk=\"slk:Article original publi\u00e9 sur RMC Sport;elm:context_link;itc:0;sec:content-canvas\" class=\"link \">Article original publi\u00e9 sur RMC Sport<\/a><\/p>\n","protected":false},"excerpt":{"rendered":"Une d\u00e9cision attendue. Trois jours apr\u00e8s l&rsquo;incident survenu lors du derby entre Saint-\u00c9tienne et Lyon, avec un arbitre&hellip;\n","protected":false},"author":2,"featured_media":47495,"comment_status":"","ping_status":"","sticky":false,"template":"","format":"standard","meta":{"footnotes":""},"categories":[9653],"tags":[1111,11,13778,2430,2331,1777,674,1011,27,203,2428,12,25,4001,13777],"class_list":{"0":"post-47494","1":"post","2":"type-post","3":"status-publish","4":"format-standard","5":"has-post-thumbnail","7":"category-saint-etienne","8":"tag-actu","9":"tag-actualites","10":"tag-association-de-supporters","11":"tag-auvergne-rhone-alpes","12":"tag-commission-de-discipline","13":"tag-eu","14":"tag-europe","15":"tag-fr","16":"tag-france","17":"tag-la-tete","18":"tag-lyon","19":"tag-news","20":"tag-republique-francaise","21":"tag-saint-etienne","22":"tag-tribunal-de-saint-etienne"},"share_on_mastodon":{"url":"https:\/\/pubeurope.com\/@fr\/114389255747508482","error":""},"_links":{"self":[{"href":"https:\/\/www.europesays.com\/fr\/wp-json\/wp\/v2\/posts\/47494","targetHints":{"allow":["GET"]}}],"collection":[{"href":"https:\/\/www.europesays.com\/fr\/wp-json\/wp\/v2\/posts"}],"about":[{"href":"https:\/\/www.europesays.com\/fr\/wp-json\/wp\/v2\/types\/post"}],"author":[{"embeddable":true,"href":"https:\/\/www.europesays.com\/fr\/wp-json\/wp\/v2\/users\/2"}],"replies":[{"embeddable":true,"href":"https:\/\/www.europesays.com\/fr\/wp-json\/wp\/v2\/comments?post=47494"}],"version-history":[{"count":0,"href":"https:\/\/www.europesays.com\/fr\/wp-json\/wp\/v2\/posts\/47494\/revisions"}],"wp:featuredmedia":[{"embeddable":true,"href":"https:\/\/www.europesays.com\/fr\/wp-json\/wp\/v2\/media\/47495"}],"wp:attachment":[{"href":"https:\/\/www.europesays.com\/fr\/wp-json\/wp\/v2\/media?parent=47494"}],"wp:term":[{"taxonomy":"category","embeddable":true,"href":"https:\/\/www.europesays.com\/fr\/wp-json\/wp\/v2\/categories?post=47494"},{"taxonomy":"post_tag","embeddable":true,"href":"https:\/\/www.europesays.com\/fr\/wp-json\/wp\/v2\/tags?post=47494"}],"curies":[{"name":"wp","href":"https:\/\/api.w.org\/{rel}","templated":true}]}}