{"id":474941,"date":"2025-10-19T14:24:16","date_gmt":"2025-10-19T14:24:16","guid":{"rendered":"https:\/\/www.europesays.com\/fr\/474941\/"},"modified":"2025-10-19T14:24:16","modified_gmt":"2025-10-19T14:24:16","slug":"un-succes-michael-delafosse-satisfait-de-la-suspension-de-la-reforme-des-retraites","status":"publish","type":"post","link":"https:\/\/www.europesays.com\/fr\/474941\/","title":{"rendered":"\u00ab\u00a0un succ\u00e8s\u00a0\u00bb, Micha\u00ebl Delafosse satisfait de la suspension de la r\u00e9forme des retraites"},"content":{"rendered":"<p>\nLe locataire socialiste de la Maison bleue est ravi de la suspension de la r\u00e9forme des retraites.<\/p>\n<p>\n\u00a9 Linda Mansouri \/ InfOccitanie. Michael Delafosse, maire pr\u00e9sident de Montpellier. .<\/p>\n<p>C\u2019\u00e9tait l\u2019une des conditions du <strong>Parti socialiste (PS) <\/strong>pour ne pas censurer le nouveau Premier ministre S\u00e9bastien Lecornu et le laisser pr\u00e9senter un budget aux parlementaires. Lors de son discours de politique g\u00e9n\u00e9rale mardi 14 octobre, le locataire de Matignon a annonc\u00e9 la suspension de la <strong>r\u00e9forme des retraites de 2023, et ce jusqu\u2019\u00e0 janvier 2028.\u00a0<\/strong><\/p>\n<p>Le vote de Fanny Dombre-Coste ne passe pas aux yeux de LFI<\/p>\n<p>Olivier Faure, premier secr\u00e9taire du PS, avec l\u2019Etat-major du parti \u00e0 la rose, ont ainsi d\u00e9cid\u00e9 de faire \u00ab\u00a0le pari\u00a0\u00bb, faisant le choix de ne pas actionner le bouton rouge de la censure. Dans l\u2019H\u00e9rault, la d\u00e9put\u00e9e socialiste de la 3e circonscription, <strong>Fanny Dombre-Coste<\/strong> (ancienne premi\u00e8re adjointe du maire de Montpellier, <a href=\"https:\/\/x.com\/Mdelafosse_Mtp\" target=\"_blank\" rel=\"nofollow\">M.Delafosse<\/a>), a \u00e9t\u00e9 fustig\u00e9e par LFI en raison de son vote contre la censure <a href=\"https:\/\/infoccitanie.fr\/castelnau-le-lez-la-deputee-fanny-dombre-coste-na-pas-vote-la-censure-alexia-laforge-lfi\/\" target=\"_blank\" rel=\"noopener\">(notre article ici).<\/a> \u00ab\u00a0Ce choix revient \u00e0 laisser passer un budget<strong>\u00a0d\u2019une brutalit\u00e9 sociale in\u00e9dite,<\/strong>\u00a0en contradiction avec le programme du Nouveau Front Populaire pour lequel elle a \u00e9t\u00e9 \u00e9lue\u00a0\u00bb, ass\u00e8ne Alexia Laforge, co-cheffe de file de La France Insoumise \u00e0 Castelnau-le-Lez, circonscription de la d\u00e9put\u00e9e.<\/p>\n<p>\u201cLes socialistes, la gauche obtiennent la suspension imm\u00e9diate de l\u2019injuste r\u00e9forme des retraites\u00a0\u00bb<\/p>\n<p>Sur X, le maire\/pr\u00e9sident de Montpellier, <a href=\"https:\/\/infoccitanie.fr\/montpellier-ce-voyage-en-chine-de-michael-delafosse-qui-pose-question\/\" target=\"_blank\" rel=\"noopener\">Micha\u00ebl Delafosse<\/a>,<strong> s\u2019est f\u00e9licit\u00e9 <\/strong>de cette suspension de la r\u00e9forme de retraite : \u201cles socialistes, la gauche obtiennent la suspension imm\u00e9diate de l\u2019injuste r\u00e9forme des retraites. C\u2019est, pour tous ceux et celles qui ont d\u00e9nonc\u00e9 son adoption sans le moindre vote, un succ\u00e8s\u201d. Le locataire de la Maison bleue y voit l\u00e0 une d\u00e9cision \u201cutile pour les Fran\u00e7ais\u201d. <\/p>\n<blockquote class=\"twitter-tweet\">\n<p lang=\"fr\" dir=\"ltr\">Alors que l\u2019extr\u00eame droite cherche le d\u00e9sordre. Il faut \u00eatre utile pour les fran\u00e7ais, les socialistes, la gauche obtient la suspension imm\u00e9diate de l\u2019injuste r\u00e9forme des retraites. C\u2019est pour tous ceux et celles qui ont d\u00e9nonc\u00e9 son adoption, sans le moindre vote, un succ\u00e8s.<\/p>\n<p>\u2014 Micha\u00ebl Delafosse (@Mdelafosse_Mtp) <a href=\"https:\/\/twitter.com\/Mdelafosse_Mtp\/status\/1978099011287445785?ref_src=twsrc%5Etfw\" target=\"_blank\" rel=\"nofollow noopener\">October 14, 2025<\/a><\/p><\/blockquote>\n<p>  <script async src=\"https:\/\/platform.twitter.com\/widgets.js\" charset=\"utf-8\"><\/script><\/p>\n","protected":false},"excerpt":{"rendered":"Le locataire socialiste de la Maison bleue est ravi de la suspension de la r\u00e9forme des retraites. \u00a9&hellip;\n","protected":false},"author":2,"featured_media":474942,"comment_status":"","ping_status":"","sticky":false,"template":"","format":"standard","meta":{"footnotes":""},"categories":[9599],"tags":[1111,11,1777,674,1011,27,11241,2208,12,2680,25],"class_list":{"0":"post-474941","1":"post","2":"type-post","3":"status-publish","4":"format-standard","5":"has-post-thumbnail","7":"category-montpellier","8":"tag-actu","9":"tag-actualites","10":"tag-eu","11":"tag-europe","12":"tag-fr","13":"tag-france","14":"tag-michael-delafosse","15":"tag-montpellier","16":"tag-news","17":"tag-occitanie","18":"tag-republique-francaise"},"share_on_mastodon":{"url":"https:\/\/pubeurope.com\/@fr\/115401291597903476","error":""},"_links":{"self":[{"href":"https:\/\/www.europesays.com\/fr\/wp-json\/wp\/v2\/posts\/474941","targetHints":{"allow":["GET"]}}],"collection":[{"href":"https:\/\/www.europesays.com\/fr\/wp-json\/wp\/v2\/posts"}],"about":[{"href":"https:\/\/www.europesays.com\/fr\/wp-json\/wp\/v2\/types\/post"}],"author":[{"embeddable":true,"href":"https:\/\/www.europesays.com\/fr\/wp-json\/wp\/v2\/users\/2"}],"replies":[{"embeddable":true,"href":"https:\/\/www.europesays.com\/fr\/wp-json\/wp\/v2\/comments?post=474941"}],"version-history":[{"count":0,"href":"https:\/\/www.europesays.com\/fr\/wp-json\/wp\/v2\/posts\/474941\/revisions"}],"wp:featuredmedia":[{"embeddable":true,"href":"https:\/\/www.europesays.com\/fr\/wp-json\/wp\/v2\/media\/474942"}],"wp:attachment":[{"href":"https:\/\/www.europesays.com\/fr\/wp-json\/wp\/v2\/media?parent=474941"}],"wp:term":[{"taxonomy":"category","embeddable":true,"href":"https:\/\/www.europesays.com\/fr\/wp-json\/wp\/v2\/categories?post=474941"},{"taxonomy":"post_tag","embeddable":true,"href":"https:\/\/www.europesays.com\/fr\/wp-json\/wp\/v2\/tags?post=474941"}],"curies":[{"name":"wp","href":"https:\/\/api.w.org\/{rel}","templated":true}]}}