{"id":474943,"date":"2025-10-19T14:25:10","date_gmt":"2025-10-19T14:25:10","guid":{"rendered":"https:\/\/www.europesays.com\/fr\/474943\/"},"modified":"2025-10-19T14:25:10","modified_gmt":"2025-10-19T14:25:10","slug":"a-quoi-sattendre-cette-semaine-en-seine-maritime","status":"publish","type":"post","link":"https:\/\/www.europesays.com\/fr\/474943\/","title":{"rendered":"\u00e0 quoi s&rsquo;attendre cette semaine en Seine-Maritime"},"content":{"rendered":"<p>            Par<br \/>\n        <strong><br \/>\n            <a href=\"https:\/\/actu.fr\/auteur\/adrien-filoche\" title=\"Consulter tous les articles de Adrien Filoche\" rel=\"nofollow noopener\" target=\"_blank\">Adrien Filoche<\/a><br \/>\n        <\/strong><\/p>\n<p>        Publi\u00e9 le<\/p>\n<p>            19 oct. 2025 \u00e0 16h02        <\/p>\n<p>Apr\u00e8s une m\u00e9t\u00e9o particuli\u00e8rement agr\u00e9able ces derniers jours, retour \u00e0 la r\u00e9alit\u00e9. En effet, cette semaine du 20 au 26\u00a0octobre 2025, on s\u2019appr\u00eate \u00e0 retrouver un temps automnal en <a href=\"https:\/\/actu.fr\/normandie\/seine-maritime_76\" rel=\"nofollow noopener\" target=\"_blank\">Seine-Maritime<\/a> si l\u2019on en croit les pr\u00e9visions de <a href=\"https:\/\/actu.fr\/tag\/meteo-france\" rel=\"nofollow noopener\" target=\"_blank\">M\u00e9t\u00e9o France<\/a>. On fait le temps.<\/p>\n<p>Des averses orageuses d\u00e8s le d\u00e9but de semaine<\/p>\n<p class=\" wall-content\">Et oui, l\u2019\u00e9t\u00e9 est bien fini.\u00a0Le temps se g\u00e2te d\u00e8s lundi avec des averses orageuses annonc\u00e9es sur l\u2019ensemble du d\u00e9partement d\u00e8s la matin\u00e9e. C\u00f4t\u00e9 temp\u00e9rature, il fera une petite quinzaine de degr\u00e9s.<\/p>\n<p class=\" wall-content\">Mardi et mercredi, la pluie et les nuages domineront dans le ciel, avec toujours une temp\u00e9rature oscillant autour de 15 degr\u00e9s. Il faudra jouer de chance pour apercevoir des \u00e9claircies.<\/p>\n<p>Baisse de temp\u00e9rature en fin de semaine<\/p>\n<p class=\" wall-content\">La mauvaise nouvelle, c\u2019est que M\u00e9t\u00e9o France ne pr\u00e9voit pas d\u2019am\u00e9lioration en fin de semaine.<\/p>\n<p class=\" wall-content\">Les averses continueront jeudi, vendredi et m\u00eame le week-end. Et ce n\u2019est pas termin\u00e9 puisque M\u00e9t\u00e9o France pr\u00e9voit une chute des temp\u00e9ratures d\u00e8s jeudi. Pr\u00e9voyez des manteaux car on passera m\u00eame sous la barre des 10 degr\u00e9s.<\/p>\n<p class=\" wall-content\">Plus de doutes, l\u2019automne est l\u00e0, l\u2019\u00e9t\u00e9 est termin\u00e9.<\/p>\n<p>Suivez l\u2019actualit\u00e9 de Rouen sur <a href=\"https:\/\/www.whatsapp.com\/channel\/0029VaKfnf99hXF2ddApFB1D\" rel=\"nofollow noopener\" target=\"_blank\">notre cha\u00eene WhatsApp<\/a> et sur <a href=\"https:\/\/www.tiktok.com\/@76actu.fr?lang=fr\" rel=\"nofollow noopener\" target=\"_blank\">notre compte TikTok<\/a>Suivez l\u2019actualit\u00e9 du\u00a0Havre sur <a href=\"https:\/\/www.whatsapp.com\/channel\/0029VaFqJYE8aKvLBwVrEe0o\" rel=\"nofollow noopener\" target=\"_blank\">notre cha\u00eene WhatsApp<\/a> et sur <a href=\"https:\/\/www.tiktok.com\/@76actu.fr?lang=fr\" rel=\"nofollow noopener\" target=\"_blank\">notre compte TikTok<\/a><\/p>\n<p class=\" wall-content\">Personnalisez votre actualit\u00e9 en ajoutant vos villes et m\u00e9dias en favori avec <a href=\"https:\/\/moncompte.actu.fr\" title=\"D\u00e9couvez Mon Actu\" rel=\"nofollow noopener\" data-trk=\"{&quot;cta&quot;:{&quot;action&quot;:&quot;https:\\\/\\\/moncompte.actu.fr&quot;,&quot;category&quot;:&quot;mon compte&quot;,&quot;from&quot;:&quot;article footer&quot;,&quot;name&quot;:&quot;Mon actu&quot;,&quot;type&quot;:&quot;cta&quot;}}\" target=\"_blank\">Mon Actu<\/a>.<\/p>\n<p>                    <script async src=\"\/\/www.tiktok.com\/embed.js\"><\/script><\/p>\n","protected":false},"excerpt":{"rendered":"Par Adrien Filoche Publi\u00e9 le 19 oct. 2025 \u00e0 16h02 Apr\u00e8s une m\u00e9t\u00e9o particuli\u00e8rement agr\u00e9able ces derniers jours,&hellip;\n","protected":false},"author":2,"featured_media":474944,"comment_status":"","ping_status":"","sticky":false,"template":"","format":"standard","meta":{"footnotes":""},"categories":[9587],"tags":[1111,11,1777,674,1011,27,2487,2357,12,5161,25,9590],"class_list":{"0":"post-474943","1":"post","2":"type-post","3":"status-publish","4":"format-standard","5":"has-post-thumbnail","7":"category-rouen","8":"tag-actu","9":"tag-actualites","10":"tag-eu","11":"tag-europe","12":"tag-fr","13":"tag-france","14":"tag-meteo","15":"tag-meteo-france","16":"tag-news","17":"tag-normandie","18":"tag-republique-francaise","19":"tag-rouen"},"share_on_mastodon":{"url":"https:\/\/pubeurope.com\/@fr\/115401295325201143","error":""},"_links":{"self":[{"href":"https:\/\/www.europesays.com\/fr\/wp-json\/wp\/v2\/posts\/474943","targetHints":{"allow":["GET"]}}],"collection":[{"href":"https:\/\/www.europesays.com\/fr\/wp-json\/wp\/v2\/posts"}],"about":[{"href":"https:\/\/www.europesays.com\/fr\/wp-json\/wp\/v2\/types\/post"}],"author":[{"embeddable":true,"href":"https:\/\/www.europesays.com\/fr\/wp-json\/wp\/v2\/users\/2"}],"replies":[{"embeddable":true,"href":"https:\/\/www.europesays.com\/fr\/wp-json\/wp\/v2\/comments?post=474943"}],"version-history":[{"count":0,"href":"https:\/\/www.europesays.com\/fr\/wp-json\/wp\/v2\/posts\/474943\/revisions"}],"wp:featuredmedia":[{"embeddable":true,"href":"https:\/\/www.europesays.com\/fr\/wp-json\/wp\/v2\/media\/474944"}],"wp:attachment":[{"href":"https:\/\/www.europesays.com\/fr\/wp-json\/wp\/v2\/media?parent=474943"}],"wp:term":[{"taxonomy":"category","embeddable":true,"href":"https:\/\/www.europesays.com\/fr\/wp-json\/wp\/v2\/categories?post=474943"},{"taxonomy":"post_tag","embeddable":true,"href":"https:\/\/www.europesays.com\/fr\/wp-json\/wp\/v2\/tags?post=474943"}],"curies":[{"name":"wp","href":"https:\/\/api.w.org\/{rel}","templated":true}]}}