{"id":474947,"date":"2025-10-19T14:29:14","date_gmt":"2025-10-19T14:29:14","guid":{"rendered":"https:\/\/www.europesays.com\/fr\/474947\/"},"modified":"2025-10-19T14:29:14","modified_gmt":"2025-10-19T14:29:14","slug":"a-rennes-ce-bar-de-quartier-va-bientot-fermer","status":"publish","type":"post","link":"https:\/\/www.europesays.com\/fr\/474947\/","title":{"rendered":"\u00c0 Rennes, ce bar de quartier va bient\u00f4t fermer"},"content":{"rendered":"<p>L\u2019\u00e9tablissement ne passe pas inaper\u00e7u avec sa fa\u00e7ade color\u00e9e. \u00c0 l\u2019angle de la rue de la Carri\u00e8re et de la route de Lorient, non loin des jardins de la Confluence, le bar les 400 coups est bien connu notamment des habitants du quartier. En 2019 deux associ\u00e9s reprennent les locaux d\u2019un bar qui faisait \u00e9galement restaurant routier. \u00ab On a d\u00e9cid\u00e9 de refaire vivre l\u2019endroit en y proposant du vin nature et des bi\u00e8res artisanales bretonnes. \u00c0 l\u2019\u00e9poque il n\u2019y avait pas encore trop de bars \u00e0 le proposer. On s\u2019est dit que c\u2019\u00e9tait int\u00e9ressant de faire conna\u00eetre des gens qui ont d\u00e9velopp\u00e9 leurs petites brasseries locales venant de Liffr\u00e9, Saint-Jacques-de-la-Lande ou de Pl\u00e9lan-le-Grand \u00bb explique le g\u00e9rant des lieux. Apr\u00e8s des travaux pour modifier l\u2019endroit Les 400 coups a ouvert ses portes. Au fil du temps le bar est devenu un lieu de rencontre et d\u2019amateur de bonnes bi\u00e8res. On y croisait quelques habitu\u00e9s bien s\u00fbr mais aussi des gens de passage \u00ab comme le Roazhon Park n\u2019est pas tr\u00e8s loin les jours de match les supporters s\u2019arr\u00eatent \u00bb souligne le responsable.<\/p>\n<p><img decoding=\"async\" src=\"https:\/\/www.europesays.com\/fr\/wp-content\/uploads\/2025\/10\/68f4ef4ee3703552f6037942.1.jpeg\" width=\"480\" height=\"300\" class=\"web_golden_m\" loading=\"lazy\" alt=\"\u00c0 Rennes, ce bar de quartier va bient\u00f4t fermer\"\/> (Le T\u00e9l\u00e9gramme\/Erwan Miloux)\u00ab Il n\u2019y a d\u00e9j\u00e0 pas beaucoup de vie \u00bb<\/p>\n<p>Un lieu de convivialit\u00e9 donc, avec les diffusions des matchs de foot de l\u2019\u00e9quipe de Rennes et de rugby avec le RC Vannes, mais aussi des soir\u00e9es concert ou Stand up et d\u2019improvisation avec notamment la troupe des Bizh. Mais le bar va fermer ses portes \u00e0 la fin du mois d\u2019octobre. \u00ab On souhaitait pouvoir poursuivre notre activit\u00e9. Mais on a appris derni\u00e8rement que le bail commercial ne serait pas renouvel\u00e9 \u00bb note le g\u00e9rant qui pr\u00e9cise \u00ab On ne sait ce qu\u2019il va y avoir apr\u00e8s. Le propri\u00e9taire de l\u2019immeuble poss\u00e8de aussi des appartements qui se trouvent au-dessus \u00bb. En face de l\u2019\u00e9tablissement un vaste chantier de construction de logements en en cours \u00e0 la place de constructions anciennes qui ont disparu. \u00ab \u00c0 Rennes ce sont des situations qui vont arriver de plus en plus. On voit beaucoup d\u2019immeubles, de maisons rachet\u00e9s par des promoteurs immobiliers. Un bar dans le centre de Rennes ne va pas \u00eatre ras\u00e9. Mais dans les zones plus ext\u00e9rieures \u00e7a va arriver de plus en plus. C\u2019est dommage car dans certains quartiers il n\u2019y a d\u00e9j\u00e0 pas beaucoup de vie \u00bb<\/p>\n<p><img decoding=\"async\" src=\"https:\/\/www.europesays.com\/fr\/wp-content\/uploads\/2025\/10\/68f4ef4ed125a57dc40fa163.1.jpeg\" width=\"480\" height=\"300\" class=\"web_golden_m\" loading=\"lazy\" alt=\"\u00c0 Rennes, ce bar de quartier va bient\u00f4t fermer\"\/> (Le T\u00e9l\u00e9gramme\/Erwan Miloux)\u00ab Ouvrir un autre bar dans le m\u00eame esprit \u00bb<\/p>\n<p>La fermeture de l\u2019\u00e9tablissement est d\u00e9j\u00e0 programm\u00e9e pour le 26 octobre prochain. D\u2019ici l\u00e0 une partie du mobilier du bar est \u00e0 vendre. Une vente aux ench\u00e8res a d\u00e9j\u00e0 eu lieu derni\u00e8rement. Reste encore des banquettes, des tables, et m\u00eame la d\u00e9coration int\u00e9rieure. Ici on trouve une radio des ann\u00e9es 50, l\u00e0 une reproduction d\u2019un dessin de Lapicque ou encore une trompette luminaire. Les habitu\u00e9s peuvent aussi r\u00e9server des objets qu\u2019ils emporteront en souvenir : \u00ab Adeline par exemple veut la petite grenouille qui est pos\u00e9e derri\u00e8re le comptoir \u00bb. M\u00eame le stock de boissons est \u00e0 vendre via internet \u00ab -50 % sur les bi\u00e8res et -25 % sur le vin \u00bb. Mais si l\u2019aventure des 400 coups s\u2019arr\u00eate, une autre pourrait voir le jour : \u00ab On souhaite ouvrir un autre bar dans le m\u00eame esprit ailleurs \u00e0 Rennes. On a toujours la licence, mais \u00e7a reste difficile de trouver un endroit. Nous allons bient\u00f4t lancer un financement participatif sur Ulule pour appuyer notre projet \u00bb explique le g\u00e9rant.<\/p>\n<p>Mais avant de mettre un point final \u00e0 son histoire les 400 coups compte terminer dans la bonne humeur avec au programme des derniers jours d\u2019ouverture des improvisations des Bizh et un concert du groupe Brokend le 21 octobre et la diffusion du match Rennes-Nice le dimanche 26 octobre.<\/p>\n","protected":false},"excerpt":{"rendered":"L\u2019\u00e9tablissement ne passe pas inaper\u00e7u avec sa fa\u00e7ade color\u00e9e. \u00c0 l\u2019angle de la rue de la Carri\u00e8re et&hellip;\n","protected":false},"author":2,"featured_media":474948,"comment_status":"","ping_status":"","sticky":false,"template":"","format":"standard","meta":{"footnotes":""},"categories":[2821],"tags":[1111,11,829,765,1777,674,1011,27,848,12,584,25],"class_list":{"0":"post-474947","1":"post","2":"type-post","3":"status-publish","4":"format-standard","5":"has-post-thumbnail","7":"category-rennes","8":"tag-actu","9":"tag-actualites","10":"tag-bretagne","11":"tag-en-continu","12":"tag-eu","13":"tag-europe","14":"tag-fr","15":"tag-france","16":"tag-ille-et-vilaine","17":"tag-news","18":"tag-rennes","19":"tag-republique-francaise"},"share_on_mastodon":{"url":"https:\/\/pubeurope.com\/@fr\/115401311791044105","error":""},"_links":{"self":[{"href":"https:\/\/www.europesays.com\/fr\/wp-json\/wp\/v2\/posts\/474947","targetHints":{"allow":["GET"]}}],"collection":[{"href":"https:\/\/www.europesays.com\/fr\/wp-json\/wp\/v2\/posts"}],"about":[{"href":"https:\/\/www.europesays.com\/fr\/wp-json\/wp\/v2\/types\/post"}],"author":[{"embeddable":true,"href":"https:\/\/www.europesays.com\/fr\/wp-json\/wp\/v2\/users\/2"}],"replies":[{"embeddable":true,"href":"https:\/\/www.europesays.com\/fr\/wp-json\/wp\/v2\/comments?post=474947"}],"version-history":[{"count":0,"href":"https:\/\/www.europesays.com\/fr\/wp-json\/wp\/v2\/posts\/474947\/revisions"}],"wp:featuredmedia":[{"embeddable":true,"href":"https:\/\/www.europesays.com\/fr\/wp-json\/wp\/v2\/media\/474948"}],"wp:attachment":[{"href":"https:\/\/www.europesays.com\/fr\/wp-json\/wp\/v2\/media?parent=474947"}],"wp:term":[{"taxonomy":"category","embeddable":true,"href":"https:\/\/www.europesays.com\/fr\/wp-json\/wp\/v2\/categories?post=474947"},{"taxonomy":"post_tag","embeddable":true,"href":"https:\/\/www.europesays.com\/fr\/wp-json\/wp\/v2\/tags?post=474947"}],"curies":[{"name":"wp","href":"https:\/\/api.w.org\/{rel}","templated":true}]}}