{"id":474951,"date":"2025-10-19T14:32:19","date_gmt":"2025-10-19T14:32:19","guid":{"rendered":"https:\/\/www.europesays.com\/fr\/474951\/"},"modified":"2025-10-19T14:32:19","modified_gmt":"2025-10-19T14:32:19","slug":"le-racing-mene-par-le-psg-0-1","status":"publish","type":"post","link":"https:\/\/www.europesays.com\/fr\/474951\/","title":{"rendered":"le Racing men\u00e9 par le PSG (0-1)"},"content":{"rendered":"<p>&#13;<br \/>\n                                                    En direct&#13;<br \/>\n                        &#13;\n                                            <\/p>\n<p>Moins de 48h apr\u00e8s le choc au sommet en Ligue 1 au Parc entre le PSG et le Racing (3-3), les Strasbourgeoises re\u00e7oivent les Parisiennes, ce dimanche, pour le compte de la 5e journ\u00e9e de D1 f\u00e9minine. A la pause, les prot\u00e9g\u00e9es de Vincent Nogueira tiennent le vice-champion de France en respect (0-0).<\/p>\n<p>&#13;<br \/>\n              R\u00e9my Sauer &#8211; &#13;<br \/>\n        &#13;<br \/>\n          Aujourd&rsquo;hui \u00e0 14:00&#13;<br \/>\n    &#13;<br \/>\n                  | mis \u00e0 jour aujourd&rsquo;hui \u00e0 16:29&#13;<br \/>\n              &#8211; Temps de lecture : &#13;<br \/>\n  &#13;\n<\/p>\n<ul class=\"galerieContent carousel-wrapper__slides\" id=\"457c9fdf-4703-47ac-b764-dbb361966279\">        &#13;<\/p>\n<li class=\"carousel-wrapper__slides--slide item\" id=\"slide-1\">&#13;<br \/>\n                                    &#13;<br \/>\n                        <a class=\"chocolat-image GA-tracking\" data-ga_type=\"click\" data-ga_category=\"D\u00e9tail\" data-ga_action=\"zoomer\" data-ga_label=\"aggrandir image\" href=\"https:\/\/cdn-s-www.dna.fr\/images\/382CC0D1-B0F2-483A-AF0A-6C3CC10C365D\/NW_raw\/elise-bonet-fait-bonne-garde-photo-jean-marc-loos-1760879328.jpg\" title=\"Elise Bonet fait bonne garde. Photo Jean-Marc Loos\" target=\"_blank\" rel=\"noopener\">&#13;<br \/>\n                            <img decoding=\"async\" src=\"https:\/\/www.europesays.com\/fr\/wp-content\/uploads\/2025\/10\/elise-bonet-fait-bonne-garde-photo-jean-marc-loos-1760879328.jpg\"   alt=\"Elise Bonet fait bonne garde. Photo Jean-Marc Loos\" fetchpriority=\"high\" data-mobile=\"NW_detail_M|1760879328\" data-base=\"NW_detail|1760879328\"\/>&#13;<br \/>\n                        <\/a>&#13;<\/p>\n<p>Elise Bonet fait bonne garde. Photo Jean-Marc Loos<\/p>\n<p>                        &#13;<br \/>\n                                           &#13;\n                <\/li>\n<p>&#13;<br \/>\n            &#13;<\/p>\n<li class=\"carousel-wrapper__slides--slide item slideWithPub\" id=\"slide-2\">&#13;<br \/>\n                        &#13;<br \/>\n                            <a class=\"chocolat-image\" title=\"Publicit\u00e9\" href=\"data:image\/gif;base64,R0lGODlhAQABAAD\/ACwAAAAAAQABAAACADs=\">&#13;<br \/>\n                                <img decoding=\"async\" src=\"data:image\/gif;base64,R0lGODlhAQABAAD\/ACwAAAAAAQABAAACADs=\" alt=\"Publicit\u00e9\" loading=\"lazy\" fetchpriority=\"low\"\/>&#13;<br \/>\n                            <\/a>&#13;<br \/>\n                        &#13;\n                    <\/li>\n<p>&#13;<\/p>\n<li class=\"carousel-wrapper__slides--slide item\" id=\"slide-3\">&#13;<br \/>\n                                    &#13;<br \/>\n                        <a class=\"chocolat-image GA-tracking\" data-ga_type=\"click\" data-ga_category=\"D\u00e9tail\" data-ga_action=\"zoomer\" data-ga_label=\"aggrandir image\" href=\"https:\/\/cdn-s-www.dna.fr\/images\/97A3F7B7-8BCE-4602-868D-7288BF60E779\/NW_raw\/le-racing-aura-bien-besoin-du-sens-de-la-finition-d-ines-konan-(a-droite)-meilleure-buteuse-de-d1-pour-tenter-de-faire-vaciller-le-psg-photo-jean-marc-loos-1760870299.jpg\" title=\"Le Racing aura bien besoin du sens de la finition d&#039;In\u00e8s Konan (\u00e0 droite), meilleure buteuse de D1, pour tenter de faire vaciller le PSG. Photo Jean-Marc Loos\" target=\"_blank\" rel=\"noopener\">&#13;<br \/>\n                            <img decoding=\"async\" src=\"https:\/\/www.europesays.com\/fr\/wp-content\/uploads\/2025\/10\/le-racing-aura-bien-besoin-du-sens-de-la-finition-d-ines-konan-(a-droite)-meilleure-buteuse-de-d1-po.jpeg\"   alt=\"Le Racing aura bien besoin du sens de la finition d'In\u00e8s Konan (\u00e0 droite), meilleure buteuse de D1, pour tenter de faire vaciller le PSG. Photo Jean-Marc Loos\" loading=\"lazy\" fetchpriority=\"low\" data-mobile=\"NW_detail_M|1760870299\" data-base=\"NW_detail|1760870299\"\/>&#13;<br \/>\n                        <\/a>&#13;<\/p>\n<p>Le Racing aura bien besoin du sens de la finition d&rsquo;In\u00e8s Konan (\u00e0 droite), meilleure buteuse de D1, pour tenter de faire vaciller le PSG. Photo Jean-Marc Loos<\/p>\n<p>                        &#13;<br \/>\n                                           &#13;\n                <\/li>\n<p>&#13;<br \/>\n            &#13;\n                <\/ul>\n","protected":false},"excerpt":{"rendered":"&#13; En direct&#13; &#13; Moins de 48h apr\u00e8s le choc au sommet en Ligue 1 au Parc entre&hellip;\n","protected":false},"author":2,"featured_media":474952,"comment_status":"","ping_status":"","sticky":false,"template":"","format":"standard","meta":{"footnotes":""},"categories":[2820],"tags":[1111,11,2649,3545,2880,1777,674,107,63,1011,27,775,3544,12,43577,25,517,640],"class_list":{"0":"post-474951","1":"post","2":"type-post","3":"status-publish","4":"format-standard","5":"has-post-thumbnail","7":"category-strasbourg","8":"tag-actu","9":"tag-actualites","10":"tag-bas-rhin","11":"tag-direct-sport","12":"tag-edition-strasbourg","13":"tag-eu","14":"tag-europe","15":"tag-fil-info","16":"tag-football","17":"tag-fr","18":"tag-france","19":"tag-grand-est","20":"tag-matchs-en-direct","21":"tag-news","22":"tag-racing-club-strasbourg-feminin","23":"tag-republique-francaise","24":"tag-sport","25":"tag-strasbourg"},"share_on_mastodon":{"url":"https:\/\/pubeurope.com\/@fr\/115401323640505023","error":""},"_links":{"self":[{"href":"https:\/\/www.europesays.com\/fr\/wp-json\/wp\/v2\/posts\/474951","targetHints":{"allow":["GET"]}}],"collection":[{"href":"https:\/\/www.europesays.com\/fr\/wp-json\/wp\/v2\/posts"}],"about":[{"href":"https:\/\/www.europesays.com\/fr\/wp-json\/wp\/v2\/types\/post"}],"author":[{"embeddable":true,"href":"https:\/\/www.europesays.com\/fr\/wp-json\/wp\/v2\/users\/2"}],"replies":[{"embeddable":true,"href":"https:\/\/www.europesays.com\/fr\/wp-json\/wp\/v2\/comments?post=474951"}],"version-history":[{"count":0,"href":"https:\/\/www.europesays.com\/fr\/wp-json\/wp\/v2\/posts\/474951\/revisions"}],"wp:featuredmedia":[{"embeddable":true,"href":"https:\/\/www.europesays.com\/fr\/wp-json\/wp\/v2\/media\/474952"}],"wp:attachment":[{"href":"https:\/\/www.europesays.com\/fr\/wp-json\/wp\/v2\/media?parent=474951"}],"wp:term":[{"taxonomy":"category","embeddable":true,"href":"https:\/\/www.europesays.com\/fr\/wp-json\/wp\/v2\/categories?post=474951"},{"taxonomy":"post_tag","embeddable":true,"href":"https:\/\/www.europesays.com\/fr\/wp-json\/wp\/v2\/tags?post=474951"}],"curies":[{"name":"wp","href":"https:\/\/api.w.org\/{rel}","templated":true}]}}