{"id":474973,"date":"2025-10-19T14:45:14","date_gmt":"2025-10-19T14:45:14","guid":{"rendered":"https:\/\/www.europesays.com\/fr\/474973\/"},"modified":"2025-10-19T14:45:14","modified_gmt":"2025-10-19T14:45:14","slug":"les-cinq-gardes-a-vue-relaches","status":"publish","type":"post","link":"https:\/\/www.europesays.com\/fr\/474973\/","title":{"rendered":"les cinq gard\u00e9s \u00e0 vue rel\u00e2ch\u00e9s"},"content":{"rendered":"<p>Les cinq personnes plac\u00e9es en garde \u00e0 vue dans l\u2019enqu\u00eate sur le meurtre d\u2019un chr\u00e9tien d\u2019Irak en septembre \u00e0 Lyon ont \u00e9t\u00e9 rel\u00e2ch\u00e9es sans poursuites \u00e0 ce stade, a indiqu\u00e9 dimanche une source judiciaire.<\/p>\n<p>Le 10\u00a0septembre, Ashur Sarnaya, un chr\u00e9tien d\u2019Irak de 45 ans, tr\u00e8s pr\u00e9sent sur les r\u00e9seaux sociaux o\u00f9 il postait r\u00e9guli\u00e8rement des vid\u00e9os \u00e9voquant sa foi, a \u00e9t\u00e9 attaqu\u00e9 au pied de son immeuble, dans un quartier r\u00e9sidentiel de Lyon.<\/p>\n<p>En situation de handicap, il se trouvait dans son fauteuil roulant, en train de faire un live sur le r\u00e9seau Tik Tok, quand il a \u00e9t\u00e9 frapp\u00e9 au cou avec une arme blanche. Son assaillant s\u2019\u00e9tait enfui \u00e0 pied, tandis que la victime succombait \u00e0 ses blessures.<\/p>\n<p>Un grand couteau saisi<\/p>\n<p>Ces <a href=\"https:\/\/www.lejsl.com\/faits-divers-justice\/2025\/10\/16\/assassinat-d-un-chretien-irakien-en-fauteuil-roulant-cinq-personnes-en-garde-a-vue\" target=\"_blank\" rel=\"noopener\">cinq personnes avaient \u00e9t\u00e9 arr\u00eat\u00e9es \u00e0 Lyon jeudi<\/a>, dans cette enqu\u00eate d\u00e9sormais men\u00e9e par des juges d\u2019instruction antiterroristes parisiens. Elles \u00e9taient toutes en contact avec <a href=\"https:\/\/www.lejsl.com\/faits-divers-justice\/2025\/10\/03\/meurtre-d-un-chretien-irakien-a-lyon-un-suspect-arrete-en-italie\" target=\"_blank\" rel=\"noopener\">l\u2019homme suspect\u00e9 de ce crime et interpell\u00e9 en Italie<\/a>, un ressortissant alg\u00e9rien de 28 ans, selon des sources proches du dossier. Selon une source polici\u00e8re fran\u00e7aise, des \u00ab\u200ainvestigations techniques tr\u00e8s pouss\u00e9es\u200a\u00bb ont rapidement permis aux enqu\u00eateurs d\u2019identifier le suspect.<\/p>\n<p>Arriv\u00e9 en bus \u00e0 Milan d\u00e8s le 12\u00a0septembre, l\u2019homme avait fait \u00e9tape \u00e0 Rome avant de se diriger vers le sud du pays. Le 2\u00a0octobre, il a \u00e9t\u00e9 arr\u00eat\u00e9 \u00e0 Andria, chez des compatriotes, dans le cadre d\u2019un mandat d\u2019arr\u00eat europ\u00e9en. Un grand couteau a \u00e9t\u00e9 saisi lors de son interpellation, selon la police italienne. La France a demand\u00e9 son transfert, mais ce ressortissant alg\u00e9rien se trouvait encore en Italie jeudi, selon deux sources proches du dossier.<\/p>\n<p>L\u2019enqu\u00eate, ouverte initialement pour homicide volontaire, avait \u00e9t\u00e9 rapidement requalifi\u00e9e en enqu\u00eate pour assassinat par le parquet de Lyon, mais les enqu\u00eateurs restaient prudents sur le mobile du crime. Le 9\u00a0octobre, l\u2019enqu\u00eate a \u00e9t\u00e9 \u00e9tendue aux infractions d\u2019\u00ab\u200aassassinat en relation avec une entreprise terroriste\u200a\u00bb et \u00ab\u200aassociation de malfaiteurs terroriste criminelle\u200a\u00bb.<\/p>\n<p>Le p\u00f4le terroriste parisien, qui \u00e9tait en observation depuis un moment, a donc repris le dossier sans pr\u00e9ciser les \u00e9l\u00e9ments ayant conduit \u00e0 sa saisine.<\/p>\n","protected":false},"excerpt":{"rendered":"Les cinq personnes plac\u00e9es en garde \u00e0 vue dans l\u2019enqu\u00eate sur le meurtre d\u2019un chr\u00e9tien d\u2019Irak en septembre&hellip;\n","protected":false},"author":2,"featured_media":474974,"comment_status":"","ping_status":"","sticky":false,"template":"","format":"standard","meta":{"footnotes":""},"categories":[1889],"tags":[1111,11,2430,271,272,1777,674,274,107,1011,27,329,2428,12,5889,25],"class_list":{"0":"post-474973","1":"post","2":"type-post","3":"status-publish","4":"format-standard","5":"has-post-thumbnail","7":"category-lyon","8":"tag-actu","9":"tag-actualites","10":"tag-auvergne-rhone-alpes","11":"tag-crime","12":"tag-delit-et-contravention","13":"tag-eu","14":"tag-europe","15":"tag-faits-divers-justice","16":"tag-fil-info","17":"tag-fr","18":"tag-france","19":"tag-france-monde","20":"tag-lyon","21":"tag-news","22":"tag-religion-croyance","23":"tag-republique-francaise"},"share_on_mastodon":{"url":"https:\/\/pubeurope.com\/@fr\/115401374140798132","error":""},"_links":{"self":[{"href":"https:\/\/www.europesays.com\/fr\/wp-json\/wp\/v2\/posts\/474973","targetHints":{"allow":["GET"]}}],"collection":[{"href":"https:\/\/www.europesays.com\/fr\/wp-json\/wp\/v2\/posts"}],"about":[{"href":"https:\/\/www.europesays.com\/fr\/wp-json\/wp\/v2\/types\/post"}],"author":[{"embeddable":true,"href":"https:\/\/www.europesays.com\/fr\/wp-json\/wp\/v2\/users\/2"}],"replies":[{"embeddable":true,"href":"https:\/\/www.europesays.com\/fr\/wp-json\/wp\/v2\/comments?post=474973"}],"version-history":[{"count":0,"href":"https:\/\/www.europesays.com\/fr\/wp-json\/wp\/v2\/posts\/474973\/revisions"}],"wp:featuredmedia":[{"embeddable":true,"href":"https:\/\/www.europesays.com\/fr\/wp-json\/wp\/v2\/media\/474974"}],"wp:attachment":[{"href":"https:\/\/www.europesays.com\/fr\/wp-json\/wp\/v2\/media?parent=474973"}],"wp:term":[{"taxonomy":"category","embeddable":true,"href":"https:\/\/www.europesays.com\/fr\/wp-json\/wp\/v2\/categories?post=474973"},{"taxonomy":"post_tag","embeddable":true,"href":"https:\/\/www.europesays.com\/fr\/wp-json\/wp\/v2\/tags?post=474973"}],"curies":[{"name":"wp","href":"https:\/\/api.w.org\/{rel}","templated":true}]}}