{"id":474978,"date":"2025-10-19T14:49:13","date_gmt":"2025-10-19T14:49:13","guid":{"rendered":"https:\/\/www.europesays.com\/fr\/474978\/"},"modified":"2025-10-19T14:49:13","modified_gmt":"2025-10-19T14:49:13","slug":"lun-des-bijoux-derobes-a-ete-retrouve-aux-abords-de-ledifice","status":"publish","type":"post","link":"https:\/\/www.europesays.com\/fr\/474978\/","title":{"rendered":"l&rsquo;un des bijoux d\u00e9rob\u00e9s a \u00e9t\u00e9 retrouv\u00e9 aux abords de l&rsquo;\u00e9difice"},"content":{"rendered":"<p>            Par<br \/>\n        <strong><br \/>\n            <a href=\"https:\/\/actu.fr\/auteur\/redaction-paris\" title=\"Consulter tous les articles de R\u00e9daction Paris\" target=\"_blank\" rel=\"noopener\">R\u00e9daction Paris<\/a><br \/>\n        <\/strong><\/p>\n<p>        Publi\u00e9 le<\/p>\n<p>            19 oct. 2025 \u00e0 16h02        <\/p>\n<p>Premi\u00e8re <strong>bonne nouvelle<\/strong> dans l\u2019affaire du <a href=\"https:\/\/actu.fr\/ile-de-france\/paris_75056\/paris-un-braquage-a-eu-lieu-ce-dimanche-matin-musee-du-louvre-l-etablissement-ferme-toute-la-journee_63320743.html\" target=\"_blank\" rel=\"noopener\">vol digne d\u2019une sc\u00e8ne de film<\/a> qui a eu lieu ce matin du dimanche 18\u00a0octobre au <a href=\"https:\/\/actu.fr\/tag\/louvre\" target=\"_blank\" rel=\"noopener\">mus\u00e9e du Louvre<\/a>, en plein Paris. L\u2019un des bijoux \u00ab\u2009d\u2019une valeur inestimable\u2009\u00bb qui avaient \u00e9t\u00e9 d\u00e9rob\u00e9s a pu \u00eatre <strong>retrouv\u00e9<\/strong>, a annonc\u00e9 \u00e0 la mi-journ\u00e9e la ministre de la Culture <a href=\"https:\/\/actu.fr\/tag\/rachida-dati\" target=\"_blank\" rel=\"noopener\">Rachida Dati<\/a>. Sans pr\u00e9ciser de quel type de bijou il s\u2019agissait, la ministre a expliqu\u00e9 que cette pi\u00e8ce du butin des voleurs a \u00e9t\u00e9 r\u00e9cup\u00e9r\u00e9e par les enqu\u00eateurs <strong>\u00ab\u2009aux abords\u2009\u00bb du mus\u00e9e<\/strong> et qu\u2019elle est actuellement \u00ab\u2009en cours d\u2019<strong>\u00e9valuation<\/strong>\u2009\u00bb.<\/p>\n<p>\u00ab\u2009Une\u2009vraie valeur patrimoniale\u2009\u00bb<\/p>\n<p class=\" wall-content\">Ce dimanche matin, les cambrioleurs se sont introduits au niveau 1 du mus\u00e9e en utilisant une camionnette \u00e9quip\u00e9e d\u2019un monte-charge. Ils ont ensuite bris\u00e9 une fen\u00eatre \u00e0 l\u2019aide de disqueuses avant de p\u00e9n\u00e9trer dans la <strong>galerie d\u2019Apollon<\/strong>, un espace o\u00f9 sont notamment conserv\u00e9s les joyaux de la Couronne fran\u00e7aise ainsi que des pi\u00e8ces ayant appartenu \u00e0 Napol\u00e9on et \u00e0 l\u2019imp\u00e9ratrice Eug\u00e9nie.<\/p>\n<p class=\" wall-content\">Plusieurs m\u00e9dias affirment d\u2019ailleurs que c\u2019est la <strong>couronne d\u2019Eug\u00e9nie<\/strong>, couverte de milliers de pierres pr\u00e9cieuses, qui a \u00e9t\u00e9 retrouv\u00e9e aux abords du mus\u00e9e et qu\u2019elle est endommag\u00e9e. La liste des diff\u00e9rentes pi\u00e8ces vol\u00e9es n\u2019a pas encore \u00e9t\u00e9 communiqu\u00e9e mais en plus de qualifier leur valeur d\u2019\u00ab\u2009inestimable\u2009\u00bb, le ministre de l\u2019Int\u00e9rieur Laurent Nu\u00f1ez a expliqu\u00e9 qu\u2019elles avaient \u00ab\u2009une vraie valeur patrimoniale\u2009\u00bb.<\/p>\n<p class=\" wall-content\">L\u2019enqu\u00eate a \u00e9t\u00e9 confi\u00e9e \u00e0 la brigade de repr\u00e9sentation du banditisme et le ministre dit avoir \u00ab\u2009bon espoir\u2009\u00bb que soient \u00ab\u2009tr\u00e8s rapidement\u2009\u00bb retrouv\u00e9s \u00e0 la fois les bijoux et les \u00ab\u2009trois ou quatre suspects\u2009\u00bb, qui ont pris la fuite sur des scooters puissants de type Tmax, apr\u00e8s \u00ab\u2009presque quatre minutes\u2009\u00bb sur place selon la ministre de la Culture Rachida Dati. Selon Laurent Nu\u00f1ez, il s\u2019agit de malfaiteurs \u00ab\u2009chevronn\u00e9s\u2009\u00bb qui pourraient \u00eatre \u00ab\u2009\u00e9trangers\u2009\u00bb. Un scooter a \u00e9t\u00e9 retrouv\u00e9 apr\u00e8s leur fuite.<\/p>\n<p>Le Louvre ferm\u00e9 ce dimanche<\/p>\n<p class=\" wall-content\">Sur X, le mus\u00e9e, qui a accueilli pr\u00e8s de <strong>9\u00a0millions de visiteurs<\/strong> en 2024, dont 80\u2009% d\u2019\u00e9trangers, a annonc\u00e9 sa fermeture dimanche pour \u00ab\u2009raisons exceptionnelles\u2009\u00bb. Sa direction a pr\u00e9cis\u00e9 \u00e0 l\u2019AFP vouloir ainsi \u00ab\u2009pr\u00e9server les traces et indices pour l\u2019enqu\u00eate\u2009\u00bb.<\/p>\n<p class=\" wall-content\">Interrog\u00e9 sur de possibles failles dans le dispositif de surveillance, le ministre de l\u2019Int\u00e9rieur a expliqu\u00e9 que Le Louvre b\u00e9n\u00e9ficiait d\u2019un dispositif de s\u00e9curit\u00e9 important tout en relevant que la s\u00e9curit\u00e9 des mus\u00e9es fran\u00e7ais \u00e9tait fragile. \u00ab\u2009On sait tr\u00e8s bien qu\u2019il y a une grande <strong>vuln\u00e9rabilit\u00e9<\/strong> dans les mus\u00e9es fran\u00e7ais\u2009\u00bb, a-t-il d\u00e9clar\u00e9, rappelant qu\u2019un \u00ab\u2009plan de s\u00e9curit\u00e9\u2009\u00bb r\u00e9cemment lanc\u00e9 par le minist\u00e8re de la Culture \u00ab\u2009n\u2019\u00e9pargnait pas\u2009\u00bb le mus\u00e9e du Louvre. Des propos qui font \u00e9cho \u00e0 plusieurs cambriolages qui ont r\u00e9cemment vis\u00e9 des mus\u00e9es en France, en septembre \u00e0 Limoges et au Mus\u00e9um d\u2019Histoire naturelle de Paris, ainsi qu\u2019en novembre\u00a02024 au mus\u00e9e parisien Cognacq-Jay.<\/p>\n<p class=\" wall-content\">Avec AFP.<\/p>\n<p class=\" wall-content\">Personnalisez votre actualit\u00e9 en ajoutant vos villes et m\u00e9dias en favori avec <a href=\"https:\/\/moncompte.actu.fr\" title=\"D\u00e9couvez Mon Actu\" rel=\"nofollow noopener\" data-trk=\"{&quot;cta&quot;:{&quot;action&quot;:&quot;https:\\\/\\\/moncompte.actu.fr&quot;,&quot;category&quot;:&quot;mon compte&quot;,&quot;from&quot;:&quot;article footer&quot;,&quot;name&quot;:&quot;Mon actu&quot;,&quot;type&quot;:&quot;cta&quot;}}\" target=\"_blank\">Mon Actu<\/a>.<\/p>\n","protected":false},"excerpt":{"rendered":"Par R\u00e9daction Paris Publi\u00e9 le 19 oct. 2025 \u00e0 16h02 Premi\u00e8re bonne nouvelle dans l\u2019affaire du vol digne&hellip;\n","protected":false},"author":2,"featured_media":474979,"comment_status":"","ping_status":"","sticky":false,"template":"","format":"standard","meta":{"footnotes":""},"categories":[1888],"tags":[1111,1928,11,1927,1777,674,118,1011,27,11274,3094,12,1926,626,1925,417,25],"class_list":{"0":"post-474978","1":"post","2":"type-post","3":"status-publish","4":"format-standard","5":"has-post-thumbnail","7":"category-paris","8":"tag-actu","9":"tag-actu-paris","10":"tag-actualites","11":"tag-actualites-paris","12":"tag-eu","13":"tag-europe","14":"tag-faits-divers","15":"tag-fr","16":"tag-france","17":"tag-louvre","18":"tag-musee-du-louvre","19":"tag-news","20":"tag-news-paris","21":"tag-paris","22":"tag-paris-news","23":"tag-rachida-dati","24":"tag-republique-francaise"},"share_on_mastodon":{"url":"https:\/\/pubeurope.com\/@fr\/115401389850156512","error":""},"_links":{"self":[{"href":"https:\/\/www.europesays.com\/fr\/wp-json\/wp\/v2\/posts\/474978","targetHints":{"allow":["GET"]}}],"collection":[{"href":"https:\/\/www.europesays.com\/fr\/wp-json\/wp\/v2\/posts"}],"about":[{"href":"https:\/\/www.europesays.com\/fr\/wp-json\/wp\/v2\/types\/post"}],"author":[{"embeddable":true,"href":"https:\/\/www.europesays.com\/fr\/wp-json\/wp\/v2\/users\/2"}],"replies":[{"embeddable":true,"href":"https:\/\/www.europesays.com\/fr\/wp-json\/wp\/v2\/comments?post=474978"}],"version-history":[{"count":0,"href":"https:\/\/www.europesays.com\/fr\/wp-json\/wp\/v2\/posts\/474978\/revisions"}],"wp:featuredmedia":[{"embeddable":true,"href":"https:\/\/www.europesays.com\/fr\/wp-json\/wp\/v2\/media\/474979"}],"wp:attachment":[{"href":"https:\/\/www.europesays.com\/fr\/wp-json\/wp\/v2\/media?parent=474978"}],"wp:term":[{"taxonomy":"category","embeddable":true,"href":"https:\/\/www.europesays.com\/fr\/wp-json\/wp\/v2\/categories?post=474978"},{"taxonomy":"post_tag","embeddable":true,"href":"https:\/\/www.europesays.com\/fr\/wp-json\/wp\/v2\/tags?post=474978"}],"curies":[{"name":"wp","href":"https:\/\/api.w.org\/{rel}","templated":true}]}}