{"id":474988,"date":"2025-10-19T14:54:19","date_gmt":"2025-10-19T14:54:19","guid":{"rendered":"https:\/\/www.europesays.com\/fr\/474988\/"},"modified":"2025-10-19T14:54:19","modified_gmt":"2025-10-19T14:54:19","slug":"les-bombradements-russes-privent-des-milliers-dukrainiens-delectricite","status":"publish","type":"post","link":"https:\/\/www.europesays.com\/fr\/474988\/","title":{"rendered":"Les bombradements russes privent des milliers d&rsquo;Ukrainiens d\u2019\u00e9lectricit\u00e9"},"content":{"rendered":"<p>\n                    Publi\u00e9 le                 18\/10\/2025 &#8211; 14:39 UTC+2<br \/>\n                \u2022Mis \u00e0 jour<br \/>\n                                     14:45\n                                        <\/p>\n<p>          <img decoding=\"async\" class=\"c-ad__placeholder__logo\" src=\"https:\/\/static.euronews.com\/website\/images\/logos\/logo-euronews-stacked-outlined-72x72-grey-9.svg\" width=\"72\" height=\"72\" alt=\"\" loading=\"lazy\"\/><br \/>\n          PUBLICIT\u00c9<\/p>\n<p>Des milliers de personnes ont \u00e9t\u00e9 priv\u00e9es d&rsquo;\u00e9lectricit\u00e9 samedi dans plusieurs r\u00e9gions d&rsquo;Ukraine apr\u00e8s que des frappes de drones russes ont touch\u00e9 plusieurs installations \u00e9nerg\u00e9tiques pendant la nuit.<\/p>\n<p>Dans la r\u00e9gion de Kharkiv, presque tous les quartiers de la ville de Chuhuiv ont \u00e9t\u00e9 coup\u00e9s du r\u00e9seau \u00e9lectrique, selon la maire Halyna Minaieva. Dans un post sur Facebook, elle a \u00e9crit que 10 frappes russes avaient touch\u00e9 la ville pendant la nuit.<\/p>\n<p>Un homme a \u00e9t\u00e9 tu\u00e9 dans les attaques sur Kharkiv, dans le village de Zelenyi Hai, selon Oleh Syniehubov, chef de l&rsquo;administration militaire de Kharkiv. Il a ajout\u00e9 qu&rsquo;un total de 12 villes avaient \u00e9t\u00e9 touch\u00e9es dans la r\u00e9gion par 23 drones.<\/p>\n<p>L&rsquo;op\u00e9rateur du syst\u00e8me de distribution de la r\u00e9gion de Tchernihiv a rapport\u00e9 dans un post sur Telegram que 17 000 habitants \u00e9taient priv\u00e9s d&rsquo;\u00e9lectricit\u00e9 apr\u00e8s qu&rsquo;une frappe russe a touch\u00e9 une installation \u00e9nerg\u00e9tique dans le district de Korioukivka.<\/p>\n<p>Un \u00e9tablissement d&rsquo;enseignement \u00e0 Zaporijjia a pris feu apr\u00e8s avoir \u00e9t\u00e9 touch\u00e9 par un drone russe, a rapport\u00e9 le chef de l&rsquo;administration militaire de la r\u00e9gion, Ivan Fedorov. Il a d\u00e9clar\u00e9 que les forces russes avaient men\u00e9 cinq frappes sur la ville, endommageant \u00e9galement des b\u00e2timents r\u00e9sidentiels et des v\u00e9hicules.<\/p>\n<p>D&rsquo;autres infrastructures civiles ont \u00e9galement \u00e9t\u00e9 touch\u00e9es dans la r\u00e9gion de Poltava, a \u00e9crit Volodymyr Kohut, chef de l&rsquo;administration militaire r\u00e9gionale, sur Telegram. Il a pr\u00e9cis\u00e9 qu&rsquo;un entrep\u00f4t et une entreprise commerciale avaient \u00e9t\u00e9 endommag\u00e9s lors de l&rsquo;attaque.<\/p>\n<p>La Force a\u00e9rienne ukrainienne a d\u00e9clar\u00e9 que ses d\u00e9fenses a\u00e9riennes avaient abattu un total de 136 drones russes pendant la barrage nocturne.<\/p>\n<p>Une augmentation des attaques russes sur les infrastructures \u00e9nerg\u00e9tiques ukrainiennes \u00e0 l&rsquo;approche des mois froids de l&rsquo;hiver est devenue une tactique courante depuis l&rsquo;invasion \u00e0 grande \u00e9chelle en 2022, que les responsables ukrainiens ont qualifi\u00e9e de \u00ab\u00a0militarisation de l&rsquo;hiver\u00a0\u00bb.<\/p>\n<p>Les attaques de samedi sont survenues alors que le pr\u00e9sident ukrainien Volodymyr Zelensky rencontrait le pr\u00e9sident am\u00e9ricain Donald Trump \u00e0 Washington.<\/p>\n<p>Lors de la r\u00e9union, Trump avait signal\u00e9 qu&rsquo;il \u00e9tait r\u00e9ticent \u00e0 vendre des missiles Tomahawk \u00e0 longue port\u00e9e, des armes que les Ukrainiens croient pouvoir changer la donne en aidant \u00e0 pousser Poutine \u00e0 la table des n\u00e9gociations.<\/p>\n<p>Trump a d\u00e9clar\u00e9 qu&rsquo;il h\u00e9sitait \u00e0 puiser dans les r\u00e9serves am\u00e9ricaines, un revirement apr\u00e8s avoir sugg\u00e9r\u00e9 pendant des jours qu&rsquo;il envisageait s\u00e9rieusement d&rsquo;envoyer les missiles pour aider l&rsquo;Ukraine \u00e0 repousser l&rsquo;invasion russe.<\/p>\n","protected":false},"excerpt":{"rendered":"Publi\u00e9 le 18\/10\/2025 &#8211; 14:39 UTC+2 \u2022Mis \u00e0 jour 14:45 PUBLICIT\u00c9 Des milliers de personnes ont \u00e9t\u00e9 priv\u00e9es&hellip;\n","protected":false},"author":2,"featured_media":474989,"comment_status":"","ping_status":"","sticky":false,"template":"","format":"standard","meta":{"footnotes":""},"categories":[1590],"tags":[11,579,1777,674,131,2025,12,220],"class_list":{"0":"post-474988","1":"post","2":"type-post","3":"status-publish","4":"format-standard","5":"has-post-thumbnail","7":"category-ukraine","8":"tag-actualites","9":"tag-electricite","10":"tag-eu","11":"tag-europe","12":"tag-guerre-en-ukraine","13":"tag-invasion-de-la-russie-en-ukraine","14":"tag-news","15":"tag-ukraine"},"share_on_mastodon":{"url":"https:\/\/pubeurope.com\/@fr\/115401409989664412","error":""},"_links":{"self":[{"href":"https:\/\/www.europesays.com\/fr\/wp-json\/wp\/v2\/posts\/474988","targetHints":{"allow":["GET"]}}],"collection":[{"href":"https:\/\/www.europesays.com\/fr\/wp-json\/wp\/v2\/posts"}],"about":[{"href":"https:\/\/www.europesays.com\/fr\/wp-json\/wp\/v2\/types\/post"}],"author":[{"embeddable":true,"href":"https:\/\/www.europesays.com\/fr\/wp-json\/wp\/v2\/users\/2"}],"replies":[{"embeddable":true,"href":"https:\/\/www.europesays.com\/fr\/wp-json\/wp\/v2\/comments?post=474988"}],"version-history":[{"count":0,"href":"https:\/\/www.europesays.com\/fr\/wp-json\/wp\/v2\/posts\/474988\/revisions"}],"wp:featuredmedia":[{"embeddable":true,"href":"https:\/\/www.europesays.com\/fr\/wp-json\/wp\/v2\/media\/474989"}],"wp:attachment":[{"href":"https:\/\/www.europesays.com\/fr\/wp-json\/wp\/v2\/media?parent=474988"}],"wp:term":[{"taxonomy":"category","embeddable":true,"href":"https:\/\/www.europesays.com\/fr\/wp-json\/wp\/v2\/categories?post=474988"},{"taxonomy":"post_tag","embeddable":true,"href":"https:\/\/www.europesays.com\/fr\/wp-json\/wp\/v2\/tags?post=474988"}],"curies":[{"name":"wp","href":"https:\/\/api.w.org\/{rel}","templated":true}]}}