{"id":475000,"date":"2025-10-19T15:01:16","date_gmt":"2025-10-19T15:01:16","guid":{"rendered":"https:\/\/www.europesays.com\/fr\/475000\/"},"modified":"2025-10-19T15:01:16","modified_gmt":"2025-10-19T15:01:16","slug":"sebastien-lecornu-prie-dexplorer-cette-piste-sur-la-reforme-des-retraites","status":"publish","type":"post","link":"https:\/\/www.europesays.com\/fr\/475000\/","title":{"rendered":"S\u00e9bastien Lecornu pri\u00e9 d\u2019explorer cette piste sur la r\u00e9forme des retraites"},"content":{"rendered":"<p>        <img decoding=\"async\" loading=\"lazy\" src=\"https:\/\/www.europesays.com\/fr\/wp-content\/uploads\/2025\/10\/82663da_upload-1-ylrzyqfjayaf-afp-20251015-hl-xbouzas-2920347-v1-midres-francepoliticsgovernmentstat.jpeg\"  width=\"728\" height=\"410\" alt=\"S\u00e9bastien Lecornu, photographi\u00e9 \u00e0 l\u2019Assembl\u00e9e nationale mardi 14\u00a0octobre (illustration). \"\/>  <\/p>\n<p>XOSE BOUZAS \/ Hans Lucas via AFP<\/p>\n<p>S\u00e9bastien Lecornu, photographi\u00e9 \u00e0 l\u2019Assembl\u00e9e nationale mardi 14\u00a0octobre (illustration). <\/p>\n<p class=\"asset asset-text\">POLITIQUE &#8211; C\u2019est un d\u00e9tail de proc\u00e9dure, mais qui pourrait avoir des cons\u00e9quences concr\u00e8tes. Comme Le HuffPost l\u2019expliquait <a href=\"https:\/\/www.huffingtonpost.fr\/politique\/article\/sur-la-suspension-de-la-reforme-des-retraites-cette-autre-voie-legislative-peut-elle-arranger-le-ps_256134.html\" target=\"_blank\" rel=\"noopener\">ce samedi<\/a>, le d\u00e9bat sur la suspension de la r\u00e9forme des retraites a pris un autre tournant. Pr\u00e9cis\u00e9ment, la fa\u00e7on dont le gouvernement devrait s\u2019y prendre pour faire aboutir cette promesse, laquelle a permis la non-censure du Parti socialiste.<\/p>\n<p class=\"asset asset-text\">Alors que l\u2019ex\u00e9cutif misait sur un amendement gouvernemental au projet de loi de financement de la s\u00e9curit\u00e9 sociale (PLFSS) pour 2026 \u2013 ce qui peut mettre le PS dans l\u2019embarras, car oblig\u00e9 de voter un budget comportant de nombreuses mesures irritantes pour obtenir cette victoire \u2013, un autre v\u00e9hicule l\u00e9gislatif a \u00e9t\u00e9 \u00e9voqu\u00e9\u00a0: la lettre rectificative.<\/p>\n<p class=\"asset asset-text\">Un dispositif qui aurait pour avantage de s\u00e9curiser la suspension de la r\u00e9forme en cas d\u2019expiration du temps imparti \u00e0 l\u2019examen du budget. Car les d\u00e9put\u00e9s ont jusqu\u2019au 31\u00a0d\u00e9cembre pour s\u2019entendre sur la copie budg\u00e9taire finale. Si, d\u2019ici cette date limite, aucune majorit\u00e9 n\u2019est trouv\u00e9e pour l\u2019adopter, le gouvernement pourrait recourir \u00e0\u00a0<a href=\"https:\/\/www.legifrance.gouv.fr\/loda\/article_lc\/LEGIARTI000006527523\/1958-10-05\" target=\"_blank\" rel=\"noopener\" title=\"Nouvelle fen\u00eatre\">l\u2019article\u00a047 de la Constitution<\/a>\u00a0pour faire passer le budget par ordonnance.<\/p>\n<p class=\"asset asset-text\">Un cas de figure qui ne s\u2019est jamais produit dans l\u2019histoire de la Ve\u00a0R\u00e9publique, et qui donne la possibilit\u00e9 au gouvernement de faire passer son texte initial, expurg\u00e9 des mesures ajout\u00e9es, modifi\u00e9es ou supprim\u00e9es par le Parlement. L\u2019int\u00e9r\u00eat de la lettre rectificative\u00a0: inscrire la suspension de la r\u00e9forme dans le texte de base, ce qui rend donc impossible l\u2019abandon de cette promesse en cas d\u2019\u00e9chec des n\u00e9gociations budg\u00e9taires \u00e0 l\u2019Assembl\u00e9e nationale.<\/p>\n<p>                     Lecornu interpell\u00e9 par les oppositions    <\/p>\n<p class=\"asset asset-text\">Dans une lettre adress\u00e9e \u00e0 S\u00e9bastien Lecornu ce dimanche 19\u00a0octobre, le pr\u00e9sident LFI de la commission des Finances, \u00c9ric Coquerel, demande au Premier ministre s\u2019il est \u00ab\u00a0dispos\u00e9 \u00e0 compl\u00e9ter le projet de loi de financement de la s\u00e9curit\u00e9 sociale par une lettre rectificative, afin d\u2019y int\u00e9grer la r\u00e9forme des retraites\u00a0\u00bb. Ainsi, \u00ab\u00a0cette mesure pourrait \u00eatre mise en \u0153uvre malgr\u00e9 le recours \u00e0 une ordonnance\u00a0\u00bb. La veille, c\u2019est la pr\u00e9sidente du groupe RN \u00e0 l\u2019Assembl\u00e9e, Marine Le\u00a0Pen, qui sommait le chef du gouvernement d\u2019agir ainsi, \u00ab\u00a0pour garantir la viabilit\u00e9 juridique d\u2019une suspension de la r\u00e9forme des retraites avant son vote par l\u2019Assembl\u00e9e nationale\u00a0\u00bb.<\/p>\n<p class=\"asset asset-text\">S\u00e9bastien Lecornu y est-il pr\u00eat\u00a0? Officiellement, l\u2019ex\u00e9cutif reste sur sa position initiale, consistant \u00e0 int\u00e9grer la suspension de la r\u00e9forme Borne via un amendement gouvernemental au PLFSS. \u00ab\u00a0Pourquoi voudriez-vous qu\u2019on utilise des ordonnances\u00a0? Elles n\u2019ont jamais \u00e9t\u00e9 utilis\u00e9es depuis 1958. On refuse cette fuite en avant qui consiste \u00e0 int\u00e9grer, avant m\u00eame que le d\u00e9bat ait commenc\u00e9, l\u2019\u00e9chec de la discussion parlementaire. On ira au vote\u00a0\u00bb, a pr\u00e9venu dans une interview au <a href=\"https:\/\/www.leparisien.fr\/politique\/ce-ne-sera-ni-le-budget-des-socialistes-ni-celui-de-sebastien-lecornu-la-mise-au-point-de-la-ministre-maud-bregeon-18-10-2025-KLTD6C27PVDXJGLCNXEM5MQCUE.php\" target=\"_blank\" rel=\"noopener\" title=\"Nouvelle fen\u00eatre\">Parisien<\/a> la porte-parole du gouvernement, Maud Bregeon.<\/p>\n<p class=\"asset asset-text\">Mais, selon nos informations, le Premier ministre n\u2019\u00e9carte pas d\u2019un revers de main cette piste. \u00ab\u00a0Toutes les options sont \u00e9tudi\u00e9es\u00a0\u00bb, souffle au HuffPost une source gouvernementale au fait des discussions. Reste que S\u00e9bastien Lecornu a seulement quelques jours pour se d\u00e9cider, puisque le PLFSS arrivera pour examen \u00e0 l\u2019Assembl\u00e9e nationale ce jeudi 23\u00a0octobre.<\/p>\n","protected":false},"excerpt":{"rendered":"XOSE BOUZAS \/ Hans Lucas via AFP S\u00e9bastien Lecornu, photographi\u00e9 \u00e0 l\u2019Assembl\u00e9e nationale mardi 14\u00a0octobre (illustration). POLITIQUE &#8211;&hellip;\n","protected":false},"author":2,"featured_media":475001,"comment_status":"","ping_status":"","sticky":false,"template":"","format":"standard","meta":{"footnotes":""},"categories":[2],"tags":[11,416,1025,1011,27,12,316,11036,25,11067],"class_list":{"0":"post-475000","1":"post","2":"type-post","3":"status-publish","4":"format-standard","5":"has-post-thumbnail","7":"category-actualites","8":"tag-actualites","9":"tag-assemblee-nationale","10":"tag-eric-coquerel","11":"tag-fr","12":"tag-france","13":"tag-news","14":"tag-politique","15":"tag-reforme-des-retraites","16":"tag-republique-francaise","17":"tag-sebastien-lecornu"},"share_on_mastodon":{"url":"https:\/\/pubeurope.com\/@fr\/115401437674165342","error":""},"_links":{"self":[{"href":"https:\/\/www.europesays.com\/fr\/wp-json\/wp\/v2\/posts\/475000","targetHints":{"allow":["GET"]}}],"collection":[{"href":"https:\/\/www.europesays.com\/fr\/wp-json\/wp\/v2\/posts"}],"about":[{"href":"https:\/\/www.europesays.com\/fr\/wp-json\/wp\/v2\/types\/post"}],"author":[{"embeddable":true,"href":"https:\/\/www.europesays.com\/fr\/wp-json\/wp\/v2\/users\/2"}],"replies":[{"embeddable":true,"href":"https:\/\/www.europesays.com\/fr\/wp-json\/wp\/v2\/comments?post=475000"}],"version-history":[{"count":0,"href":"https:\/\/www.europesays.com\/fr\/wp-json\/wp\/v2\/posts\/475000\/revisions"}],"wp:featuredmedia":[{"embeddable":true,"href":"https:\/\/www.europesays.com\/fr\/wp-json\/wp\/v2\/media\/475001"}],"wp:attachment":[{"href":"https:\/\/www.europesays.com\/fr\/wp-json\/wp\/v2\/media?parent=475000"}],"wp:term":[{"taxonomy":"category","embeddable":true,"href":"https:\/\/www.europesays.com\/fr\/wp-json\/wp\/v2\/categories?post=475000"},{"taxonomy":"post_tag","embeddable":true,"href":"https:\/\/www.europesays.com\/fr\/wp-json\/wp\/v2\/tags?post=475000"}],"curies":[{"name":"wp","href":"https:\/\/api.w.org\/{rel}","templated":true}]}}