{"id":475022,"date":"2025-10-19T15:14:10","date_gmt":"2025-10-19T15:14:10","guid":{"rendered":"https:\/\/www.europesays.com\/fr\/475022\/"},"modified":"2025-10-19T15:14:10","modified_gmt":"2025-10-19T15:14:10","slug":"lot-quel-est-ce-tout-nouveau-festival-accueilli-a-souillac","status":"publish","type":"post","link":"https:\/\/www.europesays.com\/fr\/475022\/","title":{"rendered":"Lot. Quel est ce tout nouveau festival accueilli \u00e0 Souillac\u00a0?"},"content":{"rendered":"<p>            Par<br \/>\n        <strong><br \/>\n            <a href=\"https:\/\/actu.fr\/auteur\/redaction-viequercynoise\" title=\"Consulter tous les articles de R\u00e9daction Cahors\" rel=\"nofollow noopener\" target=\"_blank\">R\u00e9daction Cahors<\/a><br \/>\n        <\/strong><\/p>\n<p>        Publi\u00e9 le<\/p>\n<p>            19 oct. 2025 \u00e0 17h00        <\/p>\n<p>L\u2019association <b>D\u00e9sir de Livres<\/b> de Martel lance un tout nouvel \u00e9v\u00e9nement : <b>\u00a0\u00bb Festi-mini \u00ab\u00a0<\/b>, les <b>24 et 25\u00a0octobre<\/b> \u00e0 la biblioth\u00e8que et \u00e0 la salle du Bellay de <b>Souillac<\/b>. Cette premi\u00e8re \u00e9dition, d\u00e9di\u00e9e aux enfants de <b>6 \u00e0 12\u00a0ans<\/b>, accueillera <b>Marie Sellier<\/b>, grande autrice jeunesse et pionni\u00e8re du livre d\u2019art pour enfants. Au programme : rencontres, ateliers, d\u00e9couvertes et cr\u00e9ation autour des mots et du dessin.<\/p>\n<p>    <a href=\"https:\/\/maps.google.com\/maps?q=44.8931303,1.477214&amp;z=15&amp;output=embed\" title=\"Ouvrie le lien\" rel=\"nofollow noopener\" target=\"_blank\">Cliquez ici pour visualiser le contenu<\/a><\/p>\n<p class=\" wall-content\">L\u2019association D\u00e9sir de Livres de Martel, se dote d\u2019une nouveaut\u00e9 \u00ab Festi-mini \u00bb qui verra le jour les 24 et 25\u00a0octobre prochain, \u00e0 la biblioth\u00e8que de Souillac. Elle se pr\u00e9sente sous forme de rencontre et des ateliers autour de la lecture et du dessin.<\/p>\n<p>Une autrice majeure pour inaugurer le \u00ab\u00a0Festi-mini\u00a0\u00bb<\/p>\n<p class=\" wall-content\">Avec le Prix Anne T\u00e9n\u00e8s des coll\u00e9giens et lyc\u00e9ens, l\u2019association s\u2019engage sp\u00e9cifiquement aupr\u00e8s des adolescents, depuis 6\u00a0ans maintenant. Cette ann\u00e9e, l\u2019\u00e9quipe a souhait\u00e9 \u00e9largir son action en direction des plus jeunes, enfants de 6 \u00e0 12\u00a0ans. Et pas avec n\u2019importe quelle auteur, c\u2019est avec Marie Sellier autrice jeunesse depuis 30\u00a0ans que \u00ab Festi-mini \u00bb sera inaugur\u00e9. Elle a notamment quasiment invent\u00e9 un \u00ab genre \u00bb : le livre d\u2019art pour enfants.<\/p>\n<p>D\u00e9sir de Livres \u00e9largit son engagement aupr\u00e8s des jeunes<\/p>\n<p class=\" wall-content\">Deux rendez-vous auront lieu, vendredi 24\u00a0octobre, \u00e0 15 h \u00e0 la biblioth\u00e8que de Souillac ; pour une rencontre avec les enfants et les parents, d\u00e9couverte de ses livres, \u00e9changes autour de son travail. Samedi 25\u00a0octobre, \u00e0 partir de 1\u00a0an, \u00e0 la salle du Bellay \u00e0 Souillac avec atelier pour les enfants de 6 \u00e0 12\u00a0ans (sur r\u00e9servation). Une apr\u00e8s-midi de d\u00e9couverte et de cr\u00e9ation autour de la lecture et du dessin. \u00c0 14 h, accueil, \u00e0 16 h pause go\u00fbter et d\u00e9dicaces \u00e0 16 h 30, atelier \u00ab Les mots sont des oiseaux \u00bb. R\u00e9servation indispensable : <a href=\"https:\/\/actu.fr\/cdn-cgi\/l\/email-protection\" class=\"__cf_email__\" data-cfemail=\"a3c7c6d0cad1c7c6cfcad5d1c6d0cfccd7e3c4cec2cacf8dc0ccce\" rel=\"nofollow noopener\" target=\"_blank\">[email\u00a0protected]<\/a>. \u00c9v\u00e8nement gratuit.<\/p>\n<p class=\"ac-article-content__question wall-content\">La Vie Quercynoise : Comment va se d\u00e9rouler cet atelier ?<\/p>\n<p class=\" wall-content\">Marie Sellier : De mani\u00e8re ludique avant tout ! Le premier atelier permet de d\u00e9couvrir l\u2019autoportrait. En observant ensemble quelques \u00ab grands \u00bb autoportraits, puis en s\u2019exer\u00e7ant \u00e0 se raconter, en mots et en dessins. Le second atelier se construit autour de mon album \u00ab Les mots sont des oiseaux \u00bb, qui \u00e9voque la naissance de l\u2019\u00e9criture. Il y aura un temps pour la lecture, puis les enfants seront invit\u00e9s \u00e0 construire leur propre histoire, en utilisant non des mots, mais des tampons id\u00e9ogrammes. Point commun aux deux ateliers : la d\u00e9couverte passe par l\u2019exp\u00e9rimentation et la cr\u00e9ation\u2026 on n\u2019apprend jamais mieux qu\u2019en s\u2019amusant ! Raconter aux enfants Matisse, C\u00e9zanne, Rodin, les impressionnistes ou les ch\u00e2teaux de Versailles, de Fontainebleau\u2026<\/p>\n<p>Vid\u00e9os : en ce moment sur Actu<\/p>\n<p class=\"ac-article-content__question wall-content\">La majeure partie de votre \u0153uvre porte sur la transmission de l\u2019art, de la cr\u00e9ation, du patrimoine architectural ; comment s\u2019est construite cette vocation ?<\/p>\n<p class=\" wall-content\">Petite fille, j\u2019ai eu la chance d\u2019avoir une grand-m\u00e8re passionn\u00e9e d\u2019art, qui m\u2019emmenait\u00a0r\u00e9guli\u00e8rement au mus\u00e9e, pour me \u00ab raconter \u00bb des tableaux, sans jamais m\u2019ennuyer. L\u2019art\u00a0est devenu un compagnon indispensable dans ma vie d\u2019adulte, et j\u2019ai eu envie de partager\u00a0cet amour, de tendre la main \u00e0 d\u2019autres enfants. L\u2019exercice est passionnant, et tr\u00e8s diff\u00e9rent.\u00a0Des ouvrages scolaires et p\u00e9dagogiques : chaque album doit avant tout raconter une\u00a0histoire, mobiliser l\u2019\u00e9motion et la r\u00eaverie. Il s\u2019agit d\u2019\u00e9duquer le regard en douceur.<\/p>\n<p class=\"ac-article-content__question wall-content\">La rencontre du 24\u00a0octobre \u00e0 la m\u00e9diath\u00e8que de Souillac sera aussi l\u2019occasion de d\u00e9couvrir\u00a0l\u2019autre volet de votre production : les contes et histoires illustr\u00e9es\u2026 Expliquerez-vous comment se construit un album pour enfants ?<\/p>\n<p class=\" wall-content\">Oui, bien s\u00fbr j\u2019expliquerai comment se \u00ab fabrique \u00bb un album pour enfants. Le conte, c\u2019est une d\u00e9marche bien diff\u00e9rente des livres d\u2019art, car dans ce domaine, purement imaginaire, j\u2019ai toute latitude pour cr\u00e9er une fiction. C\u2019est aussi l\u2019immense plaisir de collaborer avec des illustrateurs, de faire dialoguer texte et images pour nourrir l\u2019imaginaire. Un exercice tr\u00e8s exigeant : un enfant ne se \u00ab force \u00bb pas \u00e0 poursuivre un livre si son attention n\u2019est pas constamment capt\u00e9e. \u00c0 l\u2019heure des \u00e9crans, alors que les enfants sont sur-sollicit\u00e9s\u2026 c\u2019est un d\u00e9fi.<\/p>\n<p data-end=\"342\" data-is-only-node=\"\" class=\" wall-content\"><b>S.B.\u00a0<\/b><\/p>\n<p class=\" wall-content\">Personnalisez votre actualit\u00e9 en ajoutant vos villes et m\u00e9dias en favori avec <a href=\"https:\/\/moncompte.actu.fr\" title=\"D\u00e9couvez Mon Actu\" rel=\"nofollow noopener\" data-trk=\"{&quot;cta&quot;:{&quot;action&quot;:&quot;https:\\\/\\\/moncompte.actu.fr&quot;,&quot;category&quot;:&quot;mon compte&quot;,&quot;from&quot;:&quot;article footer&quot;,&quot;name&quot;:&quot;Mon actu&quot;,&quot;type&quot;:&quot;cta&quot;}}\" target=\"_blank\">Mon Actu<\/a>.<\/p>\n","protected":false},"excerpt":{"rendered":"Par R\u00e9daction Cahors Publi\u00e9 le 19 oct. 2025 \u00e0 17h00 L\u2019association D\u00e9sir de Livres de Martel lance un&hellip;\n","protected":false},"author":2,"featured_media":475023,"comment_status":"","ping_status":"","sticky":false,"template":"","format":"standard","meta":{"footnotes":""},"categories":[1357],"tags":[1379,58,59,1011,27,25167,1380,1652],"class_list":{"0":"post-475022","1":"post","2":"type-post","3":"status-publish","4":"format-standard","5":"has-post-thumbnail","7":"category-livres","8":"tag-books","9":"tag-divertissement","10":"tag-entertainment","11":"tag-fr","12":"tag-france","13":"tag-le-lot","14":"tag-livres","15":"tag-loisirs-culture"},"share_on_mastodon":{"url":"https:\/\/pubeurope.com\/@fr\/115401488171657224","error":""},"_links":{"self":[{"href":"https:\/\/www.europesays.com\/fr\/wp-json\/wp\/v2\/posts\/475022","targetHints":{"allow":["GET"]}}],"collection":[{"href":"https:\/\/www.europesays.com\/fr\/wp-json\/wp\/v2\/posts"}],"about":[{"href":"https:\/\/www.europesays.com\/fr\/wp-json\/wp\/v2\/types\/post"}],"author":[{"embeddable":true,"href":"https:\/\/www.europesays.com\/fr\/wp-json\/wp\/v2\/users\/2"}],"replies":[{"embeddable":true,"href":"https:\/\/www.europesays.com\/fr\/wp-json\/wp\/v2\/comments?post=475022"}],"version-history":[{"count":0,"href":"https:\/\/www.europesays.com\/fr\/wp-json\/wp\/v2\/posts\/475022\/revisions"}],"wp:featuredmedia":[{"embeddable":true,"href":"https:\/\/www.europesays.com\/fr\/wp-json\/wp\/v2\/media\/475023"}],"wp:attachment":[{"href":"https:\/\/www.europesays.com\/fr\/wp-json\/wp\/v2\/media?parent=475022"}],"wp:term":[{"taxonomy":"category","embeddable":true,"href":"https:\/\/www.europesays.com\/fr\/wp-json\/wp\/v2\/categories?post=475022"},{"taxonomy":"post_tag","embeddable":true,"href":"https:\/\/www.europesays.com\/fr\/wp-json\/wp\/v2\/tags?post=475022"}],"curies":[{"name":"wp","href":"https:\/\/api.w.org\/{rel}","templated":true}]}}