{"id":475024,"date":"2025-10-19T15:15:20","date_gmt":"2025-10-19T15:15:20","guid":{"rendered":"https:\/\/www.europesays.com\/fr\/475024\/"},"modified":"2025-10-19T15:15:20","modified_gmt":"2025-10-19T15:15:20","slug":"star-academy-qui-est-victor-le-premier-eleve-immunise-de-la-nouvelle-saison","status":"publish","type":"post","link":"https:\/\/www.europesays.com\/fr\/475024\/","title":{"rendered":"\u00ab\u00a0Star Academy\u00a0\u00bb\u00a0: qui est Victor, le premier \u00e9l\u00e8ve immunis\u00e9 de la nouvelle saison\u00a0?"},"content":{"rendered":"<p class=\"paragraph text_align_left lp-f-body-02\">Et si on assistait \u00e0 la naissance du futur gagnant, celui qui marchera sur les traces de Pierre Garnier et de Marine ? Ce samedi soir, lors du premier prime de la nouvelle saison de la \u00ab <a href=\"https:\/\/www.leparisien.fr\/culture-loisirs\/tv\/star-academy\/\" target=\"_blank\" rel=\"noreferrer nofollow noopener\">Star Academy<\/a> \u00bb, Victor, un des 17 \u00e9l\u00e8ves, a mis tout le monde d\u2019accord avec sa reprise de \u00ab My Way \u00bb, de Frank Sinatra.<\/p>\n<p class=\"paragraph text_align_left lp-f-body-02\">Ce samedi soir, la France a d\u00e9couvert <a href=\"https:\/\/www.leparisien.fr\/culture-loisirs\/tv\/star-academy-victor-ambre-lily-decouvrez-les-17-candidats-de-la-nouvelle-promotion-2025-19-10-2025-CBM7WHSNWZDVLJRHD7Q4VX3XMU.php\" target=\"_blank\" rel=\"noreferrer nofollow noopener\">les visages des 17 nouveaux acad\u00e9miciens<\/a> qui ont int\u00e9gr\u00e9 le ch\u00e2teau de Dammarie-les-Lys. <a href=\"https:\/\/www.leparisien.fr\/culture-loisirs\/tv\/star-academy-decouvrez-lhymne-officielle-de-la-13e-saison-19-10-2025-O6OS2WVOWNCONIYAMAFWGCJ4JU.php\" target=\"_blank\" rel=\"noreferrer nofollow noopener\">Sur le plateau du Studio 217<\/a>, les \u00e9l\u00e8ves se sont, tour \u00e0 tour, pr\u00e9sent\u00e9s au public, \u00e0 travers leur toute premi\u00e8re prestation.<\/p>\n<p>\u00ab C\u2019est une dinguerie \u00bb<\/p>\n<p class=\"paragraph text_align_left lp-f-body-02\">Et Victor, le huiti\u00e8me \u00e9l\u00e8ve \u00e0 se produire sur sc\u00e8ne, a livr\u00e9 une performance bluffante. Le jeune homme, \u00e2g\u00e9 de 24 ans, a repris un monument de la chanson, \u00ab My way \u00bb de Frank Sinatra, devant un public qui s\u2019est lev\u00e9 pour lui et un corps professoral sans voix.<\/p>\n<p class=\"paragraph text_align_left lp-f-body-02\">M\u00eame Marine, la gagnante de la derni\u00e8re saison de la Star Academy, \u00e9mue aux larmes, a eu du mal \u00e0 s\u2019en remettre. \u00ab C\u2019est une dinguerie. C\u2019est sublime \u00bb, a comment\u00e9 <a href=\"https:\/\/www.leparisien.fr\/culture-loisirs\/tv\/star-academy-qui-est-sofia-morgavi-la-fantasque-professeure-de-chant-28-12-2024-PBUPJMQKYFC5FNCJEWNOE4PZMQ.php\" rel=\"nofollow noopener\" target=\"_blank\">Sofia Morgavi<\/a>, professeure de chant au ch\u00e2teau. Une prestation si impressionnante que les cinq professeurs lui ont attribu\u00e9 une immunit\u00e9. Le jeune homme ne pourra donc pas \u00eatre nomm\u00e9 la semaine prochaine.<\/p>\n<p class=\"paragraph text_align_left lp-f-body-02\">Mais ce n\u2019est pas tout. Dans le bus, direction le ch\u00e2teau de Dammarie-les-Lys, <a href=\"https:\/\/www.voici.fr\/bios-people\/karima-charni\" rel=\"nofollow noopener\" target=\"_blank\">Karima Charni<\/a>, l\u2019ancienne acad\u00e9micienne et co-animatrice de l\u2019\u00e9mission, lui a annonc\u00e9 une autre grande nouvelle. Ce sera lui qui ouvrira le prochain prime. \u00ab Ce que tu ne sais pas encore, c\u2019est que tu as remport\u00e9 un petit peu plus qu\u2019une immunit\u00e9. Cette saison, l\u2019\u00e9l\u00e8ve qui remportera l\u2019immunit\u00e9, fera l\u2019ouverture du prime qui suit \u00bb, lui a-t-elle expliqu\u00e9. \u00ab Tu vas chanter tout seul, tu vas ouvrir le show. Comme \u00e7a, tu es s\u00fbr et certain, Victor, d\u2019avoir un solo la semaine prochaine \u00bb, a-t-elle poursuivi.<\/p>\n<p>Une \u00e9cole de com\u00e9die musicale, puis de musique<\/p>\n<p class=\"paragraph text_align_left lp-f-body-02\">\u00c0 24 ans, Victor, qui est n\u00e9 \u00e0 Toulon, a grandi entre Mayotte, Saint-Pierre-et-Miquelon et l\u2019\u00eele de la R\u00e9union avant de poursuivre sa scolarit\u00e9 \u00e0 Saint-Rapha\u00ebl puis \u00e0 Paris. Passionn\u00e9 d\u2019arts, le jeune homme a suivi une pr\u00e9pa mode avant d\u2019int\u00e9grer une \u00e9cole de com\u00e9die musicale puis une \u00e9cole de musique.<\/p>\n<p class=\"paragraph text_align_left lp-f-body-02\">En parall\u00e8le de son activit\u00e9 de vendeur en boulangerie-p\u00e2tisserie \u00e0 Montmartre, Victor partage son talent en chantant dans la rue d\u00e8s qu\u2019il en a l\u2019occasion. \u00ab Qu\u2019il fasse beau ou qu\u2019il pleuve, je chante dans la rue depuis pr\u00e8s de deux ans, c\u2019est une exp\u00e9rience totalement folle, les gens sont adorables. \u00c7a arrondit bien les fins de mois et surtout j\u2019adore, c\u2019est une super sc\u00e8ne \u00bb, a-t-il expliqu\u00e9 dans son portrait.<\/p>\n<p><img decoding=\"async\" class=\"image \" loading=\"lazy\" src=\"https:\/\/www.europesays.com\/fr\/wp-content\/uploads\/2025\/10\/NLHBZXFZRRGR3FW74NDGXZWX2Y.jpg\" alt=\"Victor a fait son entr\u00e9e dans le ch\u00e2teau de la Star Academy ce samedi 18 octobre. \" align=\"\" data-rubrique-principale=\"\" data-article-type=\"\" fetchpriority=\"auto\"\/>Victor a fait son entr\u00e9e dans le ch\u00e2teau de la Star Academy ce samedi 18 octobre.<\/p>\n<p class=\"paragraph text_align_left lp-f-body-02\">D\u00e9j\u00e0 connu sous le nom d\u2019artiste VIKO, le candidat a publi\u00e9 plusieurs chansons <a href=\"https:\/\/www.youtube.com\/channel\/UCY9_hicQONFrUd5f24z0y8w\" target=\"_blank\" rel=\"noreferrer nofollow noopener\">sur son compte YouTube<\/a>, dont un titre intitul\u00e9 \u00ab (ADN) Amour de nuit \u00bb avec Nina Rose. Fan de <a href=\"https:\/\/www.programme-tv.net\/biographie\/21648-spears-britney\/\" rel=\"nofollow noopener\" target=\"_blank\">Britney Spears<\/a>, <a href=\"https:\/\/www.programme-tv.net\/biographie\/112990-gaga-lady\/\" rel=\"nofollow noopener\" target=\"_blank\">Lady Gaga<\/a> et Beyonc\u00e9, Victor est aussi passionn\u00e9 de maquillage. \u00ab Le maquillage \u00e7a m\u2019a permis de m\u2019\u00e9chapper, de vivre mon r\u00eave de gosse, c\u2019est une revanche sur le petit Victor f\u00e9tiche qui n\u2019avait pas confiance en lui \u00bb, a-t-il confi\u00e9 dans son portrait.<\/p>\n","protected":false},"excerpt":{"rendered":"Et si on assistait \u00e0 la naissance du futur gagnant, celui qui marchera sur les traces de Pierre&hellip;\n","protected":false},"author":2,"featured_media":475025,"comment_status":"","ping_status":"","sticky":false,"template":"","format":"standard","meta":{"footnotes":""},"categories":[1356],"tags":[872,58,59,1011,27,252,2205,1364],"class_list":{"0":"post-475024","1":"post","2":"type-post","3":"status-publish","4":"format-standard","5":"has-post-thumbnail","7":"category-television","8":"tag-culture-et-loisirs","9":"tag-divertissement","10":"tag-entertainment","11":"tag-fr","12":"tag-france","13":"tag-television","14":"tag-television-medias","15":"tag-tv"},"share_on_mastodon":{"url":"https:\/\/pubeurope.com\/@fr\/115401492389287904","error":""},"_links":{"self":[{"href":"https:\/\/www.europesays.com\/fr\/wp-json\/wp\/v2\/posts\/475024","targetHints":{"allow":["GET"]}}],"collection":[{"href":"https:\/\/www.europesays.com\/fr\/wp-json\/wp\/v2\/posts"}],"about":[{"href":"https:\/\/www.europesays.com\/fr\/wp-json\/wp\/v2\/types\/post"}],"author":[{"embeddable":true,"href":"https:\/\/www.europesays.com\/fr\/wp-json\/wp\/v2\/users\/2"}],"replies":[{"embeddable":true,"href":"https:\/\/www.europesays.com\/fr\/wp-json\/wp\/v2\/comments?post=475024"}],"version-history":[{"count":0,"href":"https:\/\/www.europesays.com\/fr\/wp-json\/wp\/v2\/posts\/475024\/revisions"}],"wp:featuredmedia":[{"embeddable":true,"href":"https:\/\/www.europesays.com\/fr\/wp-json\/wp\/v2\/media\/475025"}],"wp:attachment":[{"href":"https:\/\/www.europesays.com\/fr\/wp-json\/wp\/v2\/media?parent=475024"}],"wp:term":[{"taxonomy":"category","embeddable":true,"href":"https:\/\/www.europesays.com\/fr\/wp-json\/wp\/v2\/categories?post=475024"},{"taxonomy":"post_tag","embeddable":true,"href":"https:\/\/www.europesays.com\/fr\/wp-json\/wp\/v2\/tags?post=475024"}],"curies":[{"name":"wp","href":"https:\/\/api.w.org\/{rel}","templated":true}]}}