{"id":475040,"date":"2025-10-19T15:25:16","date_gmt":"2025-10-19T15:25:16","guid":{"rendered":"https:\/\/www.europesays.com\/fr\/475040\/"},"modified":"2025-10-19T15:25:16","modified_gmt":"2025-10-19T15:25:16","slug":"comment-nicolas-sarkozy-prepare-lepreuve-de-la-prison","status":"publish","type":"post","link":"https:\/\/www.europesays.com\/fr\/475040\/","title":{"rendered":"comment Nicolas Sarkozy pr\u00e9pare \u00ab\u00a0l\u2019\u00e9preuve\u00a0\u00bb de la prison"},"content":{"rendered":"<p>\n    <strong>EXCLUSIF &#8211;<\/strong> \u00ab\u00a0Ma vie est un roman\u00a0\u00bb, confie au Figaro l\u2019ancien pr\u00e9sident, toujours aussi combatif \u00e0 deux jours de son incarc\u00e9ration \u00e0 la maison d\u2019arr\u00eat de la Sant\u00e9.<\/p>\n<p class=\"fig-paragraph\">Mardi 21 octobre, vers 9h30,\u00a0<a href=\"http:\/\/www.lefigaro.fr\/actualite-france\/securite-de-nicolas-sarkozy-en-prison-les-preconisations-de-l-administration-penitentiaire-20251019\" data-fig-type=\"Article\" data-gtm-custom-categorie=\"navigation\" data-gtm-custom-action=\"crossclick\" data-gtm-custom-label=\"Contextuel\" data-gtm-event=\"customEventSPE\" data-fig-domain=\"LEFIGARO\" target=\"_blank\" rel=\"noopener\">Nicolas Sarkozy\u00a0<\/a>quittera son domicile dans le XVIe arrondissement de Paris pour la maison d\u2019arr\u00eat de la Sant\u00e9. Il sera suivi par un cort\u00e8ge de cameramen \u00e0 moto. Ce sera l\u2019image invers\u00e9e de celle qu\u2019il connut en 2007\u00a0: le spectacle d\u2019une humiliation apr\u00e8s celui d\u2019une \u00e9l\u00e9vation aux plus hautes fonctions. La voiture p\u00e9n\u00e9trera directement dans l\u2019enceinte de la prison.\u00a0Nicolas Sarkozy sera accueilli par le directeur de l\u2019\u00e9tablissement et emmen\u00e9 par les gardiens jusqu\u2019aux quartiers de haute s\u00e9curit\u00e9\u00a0o\u00f9 se trouve sa cellule. Les paparazzi auront peut-\u00eatre trouv\u00e9 des points de vue pour voler le clich\u00e9 dont ils r\u00eavent\u00a0: un ex-pr\u00e9sident fran\u00e7ais mis aux \u00e9crous. \u00abCe n\u2019est pas exclu, car nous sommes au milieu des immeubles de Paris\u00bb, observe-t-on dans son entourage. Nicolas Sarkozy ne s\u2019en pr\u00e9occupe pas. \u00abQue sera, sera&#8230;\u00bb<\/p>\n<p class=\"fig-paragraph\">On ne sait pas s\u2019il sera fouill\u00e9 au corps\u2026<\/p>\n<p class=\"fig-premium-paywall__infos\">\n        Cet article est r\u00e9serv\u00e9 aux abonn\u00e9s.        Il vous reste 91% \u00e0 d\u00e9couvrir.\n    <\/p>\n<p>                <img  data- alt=\"Le Figaro\" class=\"fig-img--complete fig-img\"\/><\/p>\n<p class=\"fig-premium-paywall__title\">Vous avez envie de lire la suite ?<\/p>\n<p class=\"fig-premium-paywall__subtitle\">D\u00e9bloquez tous les articles imm\u00e9diatement.<\/p>\n<p class=\"fig-premium-paywall__connect\">\n                D\u00e9j\u00e0 abonn\u00e9\u00a0?                <a class=\"fig-premium-paywall__connect-link\" href=\"https:\/\/connect.lefigaro.fr\/login?client=horizon_web&amp;type=main&amp;redirect_uri=https%3A%2F%2Fwww.lefigaro.fr%2Fpolitique%2Fils-ont-voulu-me-faire-disparaitre-et-ca-me-fait-renaitre-comment-nicolas-sarkozy-prepare-l-epreuve-de-la-prison-20251019\" data-js-gtm=\"{&quot;customCategorie&quot;: &quot;conversion&quot;, &quot;customAction&quot;: &quot;before_Landing_Connexion_paywall_manuel&quot;, &quot;customLabel&quot;: &quot;bGVmaWdhcm8uZnJfXzFmMGFjY2U1LTg0ZDctNmRlYy1hOTFjLTViNTgwMjAwZTAxMF9fQXJ0aWNsZQ==_\u00ab\u00a0Ils ont voulu me faire dispara\u00eetre, et \u00e7a me fait rena\u00eetre\u00a0\u00bb\u00a0: comment Nicolas Sarkozy pr\u00e9pare \u00ab\u00a0l\u2019\u00e9preuve\u00a0\u00bb de la prison_42&quot;, &quot;customIDSPE&quot;: &quot;bGVmaWdhcm8uZnJfXzFmMGFjY2U1LTg0ZDctNmRlYy1hOTFjLTViNTgwMjAwZTAxMF9fQXJ0aWNsZQ==&quot;, &quot;event&quot;: &quot;customEventSPE&quot;}\" target=\"_blank\" rel=\"noopener\"><br \/>\n                    Connectez-vous<br \/>\n                <\/a>\n            <\/p>\n","protected":false},"excerpt":{"rendered":"EXCLUSIF &#8211; \u00ab\u00a0Ma vie est un roman\u00a0\u00bb, confie au Figaro l\u2019ancien pr\u00e9sident, toujours aussi combatif \u00e0 deux jours&hellip;\n","protected":false},"author":2,"featured_media":475041,"comment_status":"","ping_status":"","sticky":false,"template":"","format":"standard","meta":{"footnotes":""},"categories":[2],"tags":[11,1011,27,12,3091],"class_list":{"0":"post-475040","1":"post","2":"type-post","3":"status-publish","4":"format-standard","5":"has-post-thumbnail","7":"category-actualites","8":"tag-actualites","9":"tag-fr","10":"tag-france","11":"tag-news","12":"tag-nicolas-sarkozy"},"share_on_mastodon":{"url":"https:\/\/pubeurope.com\/@fr\/115401531234672039","error":""},"_links":{"self":[{"href":"https:\/\/www.europesays.com\/fr\/wp-json\/wp\/v2\/posts\/475040","targetHints":{"allow":["GET"]}}],"collection":[{"href":"https:\/\/www.europesays.com\/fr\/wp-json\/wp\/v2\/posts"}],"about":[{"href":"https:\/\/www.europesays.com\/fr\/wp-json\/wp\/v2\/types\/post"}],"author":[{"embeddable":true,"href":"https:\/\/www.europesays.com\/fr\/wp-json\/wp\/v2\/users\/2"}],"replies":[{"embeddable":true,"href":"https:\/\/www.europesays.com\/fr\/wp-json\/wp\/v2\/comments?post=475040"}],"version-history":[{"count":0,"href":"https:\/\/www.europesays.com\/fr\/wp-json\/wp\/v2\/posts\/475040\/revisions"}],"wp:featuredmedia":[{"embeddable":true,"href":"https:\/\/www.europesays.com\/fr\/wp-json\/wp\/v2\/media\/475041"}],"wp:attachment":[{"href":"https:\/\/www.europesays.com\/fr\/wp-json\/wp\/v2\/media?parent=475040"}],"wp:term":[{"taxonomy":"category","embeddable":true,"href":"https:\/\/www.europesays.com\/fr\/wp-json\/wp\/v2\/categories?post=475040"},{"taxonomy":"post_tag","embeddable":true,"href":"https:\/\/www.europesays.com\/fr\/wp-json\/wp\/v2\/tags?post=475040"}],"curies":[{"name":"wp","href":"https:\/\/api.w.org\/{rel}","templated":true}]}}