{"id":475050,"date":"2025-10-19T15:32:37","date_gmt":"2025-10-19T15:32:37","guid":{"rendered":"https:\/\/www.europesays.com\/fr\/475050\/"},"modified":"2025-10-19T15:32:37","modified_gmt":"2025-10-19T15:32:37","slug":"racing-quand-on-parle-trop-dune-equipe-les-craintes-de-gael-fickou-avant-le-match","status":"publish","type":"post","link":"https:\/\/www.europesays.com\/fr\/475050\/","title":{"rendered":"Racing\u00a0: \u00ab\u00a0quand on parle trop d&rsquo;une \u00e9quipe&#8230;\u00a0\u00bb, les craintes de Ga\u00ebl Fickou avant le match"},"content":{"rendered":"<p class=\"app_entry_lead\">\n<p>                    <a title=\"\u00a0\u00a9\u00a0Icon Sport\/ABACA\" href=\"https:\/\/www.europesays.com\/fr\/wp-content\/uploads\/2025\/10\/81670490.jpg\" class=\"fancy\"><\/p>\n<p>                            <img loading=\"lazy\" decoding=\"async\" src=\"https:\/\/www.europesays.com\/fr\/wp-content\/uploads\/2025\/10\/81670490.jpg\" alt=\"Toulon - Racing\u00a0: &quot;quand on parle trop d'une \u00e9quipe...&quot;, les craintes de Ga\u00ebl Fickou avant le match\" width=\"1500\" height=\"1000\"\/><\/p>\n<p>                    <\/a><\/p>\n<p>                Toulon re\u00e7oit le Racing 92\u00a0ce dimanche \u00e0 l&rsquo;occasion de la cl\u00f4ture de la 7e journ\u00e9e de Top 14.<\/p>\n<p>Le RC Toulon connait un d\u00e9but de saison tr\u00e8s difficile. Les Toulonnais occupent la 10e place du classement du <a href=\"https:\/\/www.linternaute.com\/sport\/competitions\/2595371-top-14-un-toulouse-enerve-prend-la-tete-d-un-classement-domine-par-trois-equipes\/\" title=\"Top 14\" rel=\"nofollow noopener\" target=\"_blank\">Top 14<\/a> m\u00eame si les six premi\u00e8res places sont largement \u00e0 port\u00e9e de main. Ils sont rel\u00e9gu\u00e9s \u00e0 6 points de la place de barragiste avant le d\u00e9but de cette 7e journ\u00e9e et une victoire ce dimanche soir changerait toute la donne. \u00ab\u00a0C&rsquo;est une \u00e9quipe en confiance. L&rsquo;une des plus physiques, les plus denses. Mais ils ont \u00e9galement beaucoup d&rsquo;atouts en termes de vitesse derri\u00e8re. Ce sera un gros match\u00a0\u00bb, a expliqu\u00e9 le directeur du rugby du RCT Pierre Mignoni.\u00a0<\/p>\n<p>Et effectivement le Racing 92 est une \u00e9quipe en confiance. Les Franciliens n&rsquo;ont perdu qu&rsquo;un seul de leurs cinq derniers matchs et fait mieux que n&rsquo;importe quelle autre \u00e9quipe du Top 14 sur cette p\u00e9riode. Pour autant, le centre des Ciel et Blanc <a href=\"https:\/\/www.linternaute.fr\/sport\/biographie\/2634211-gael-fickou-femme-palmares-qui-est-le-3-4-centre-du-xv-de-france\/\" title=\"Ga\u00ebl Fickou\" rel=\"nofollow noopener\" target=\"_blank\">Ga\u00ebl Fickou<\/a> reste m\u00e9fiant. \u00ab\u00a0Quand on parle trop d&rsquo;une \u00e9quipe, elle a tendance \u00e0 se rel\u00e2cher\u00a0\u00bb, a-t-il temp\u00e9r\u00e9 dans les colonnes du Figaro.\u00a0<\/p>\n<p>A quelle heure d\u00e9bute le match Toulon &#8211; Racing ?<\/p>\n<p>Le match Toulon &#8211; Racing d\u00e9butera \u00e0 21h05 ce dimanche. Il se d\u00e9roulera au stade Mayol de Toulon.\u00a0<\/p>\n<p>Sur quelle cha\u00eene TV est diffus\u00e9e Toulon &#8211; Racing ?<\/p>\n<p><a href=\"https:\/\/www.linternaute.fr\/television\/programme\/2489429-canal-la-diffusion-des-chaines-tf1-terminee-comment-les-voir-pour-les-abonnes\/\" title=\"Canal +\" rel=\"nofollow noopener\" target=\"_blank\">Canal+<\/a>+ retransmettra cette derni\u00e8re rencontre de la 7e journ\u00e9e du Top 14. Beno\u00eet Rousselet sera l&rsquo;arbitre central.\u00a0<\/p>\n<p>Quelle diffusion streaming pour le match Toulon &#8211; Racing ?<\/p>\n<p>MyCanal proposera une diffusion streaming de ce Toulon &#8211; Racing. Il faut disposer d&rsquo;un abonnement pour avoir acc\u00e8s au contenu.\u00a0<\/p>\n<p>Quelles compostions\u00a0pour Toulon &#8211; Racing ?<\/p>\n<p>La composition de Toulon :\u00a015. Jaminet ; 14. Dr\u00e9an, 13. Brex, 12. Sinzelle, 11. Tuicuvu ; 10. Garbisi, 9. Serin ; 7. Abadie, 8. Mercer, 6. Ludlam ; 5. Ribbans (cap.), 4. Ollivon ; 3. Sinckler, 2. Baubigny, 1. Gros.<\/p>\n<p>La composition du Racing :\u00a015. James ; 14. Ravutaumada, 13. Fickou (cap.), 12. Manu, 11. Habosi ; 10. Prisciantelli, 9. Carbonneau ; 7. Hill, 8. Hughes, 6. Baudonne ; 5. Taofifenua, 4. Rowlands ; 3. Bamba, 2. Escobar, 1. Kolingar.<\/p>\n<p>Quels sont les pronostics pour la rencontre Toulon &#8211; Racing ?<\/p>\n<p><a href=\"https:\/\/www.betclic.fr\/\" rel=\"nofollow noopener\" target=\"_blank\">Betclic<\/a> : Toulon 1,16 \/ Nul 22 \/ Racing 4,50<\/p>\n<p><a href=\"https:\/\/www.unibet.fr\/pari-sportif-poker\" rel=\"nofollow noopener\" target=\"_blank\">Unibet<\/a> :\u00a0Toulon 1,19\u00a0\/ Nul 24\u00a0\/ Racing 4,05<\/p>\n<p><a href=\"https:\/\/www.winamax.fr\/\" rel=\"nofollow noopener\" target=\"_blank\">Winamax<\/a> :\u00a0Toulon 1,19\u00a0\/ Nul 24\u00a0\/ Racing 4,10<\/p>\n","protected":false},"excerpt":{"rendered":"Toulon re\u00e7oit le Racing 92\u00a0ce dimanche \u00e0 l&rsquo;occasion de la cl\u00f4ture de la 7e journ\u00e9e de Top 14.&hellip;\n","protected":false},"author":2,"featured_media":475051,"comment_status":"","ping_status":"","sticky":false,"template":"","format":"standard","meta":{"footnotes":""},"categories":[9619],"tags":[1111,11,59836,51761,1777,674,51763,1011,27,12,51767,882,25,479,2310],"class_list":{"0":"post-475050","1":"post","2":"type-post","3":"status-publish","4":"format-standard","5":"has-post-thumbnail","7":"category-toulon","8":"tag-actu","9":"tag-actualites","10":"tag-cms-linternaute-9030681","11":"tag-controller-content","12":"tag-eu","13":"tag-europe","14":"tag-format-papier","15":"tag-fr","16":"tag-france","17":"tag-news","18":"tag-parallaxeinfeed","19":"tag-provence-alpes-cote-dazur","20":"tag-republique-francaise","21":"tag-rugby","22":"tag-toulon"},"share_on_mastodon":{"url":"https:\/\/pubeurope.com\/@fr\/115401560414140701","error":""},"_links":{"self":[{"href":"https:\/\/www.europesays.com\/fr\/wp-json\/wp\/v2\/posts\/475050","targetHints":{"allow":["GET"]}}],"collection":[{"href":"https:\/\/www.europesays.com\/fr\/wp-json\/wp\/v2\/posts"}],"about":[{"href":"https:\/\/www.europesays.com\/fr\/wp-json\/wp\/v2\/types\/post"}],"author":[{"embeddable":true,"href":"https:\/\/www.europesays.com\/fr\/wp-json\/wp\/v2\/users\/2"}],"replies":[{"embeddable":true,"href":"https:\/\/www.europesays.com\/fr\/wp-json\/wp\/v2\/comments?post=475050"}],"version-history":[{"count":0,"href":"https:\/\/www.europesays.com\/fr\/wp-json\/wp\/v2\/posts\/475050\/revisions"}],"wp:featuredmedia":[{"embeddable":true,"href":"https:\/\/www.europesays.com\/fr\/wp-json\/wp\/v2\/media\/475051"}],"wp:attachment":[{"href":"https:\/\/www.europesays.com\/fr\/wp-json\/wp\/v2\/media?parent=475050"}],"wp:term":[{"taxonomy":"category","embeddable":true,"href":"https:\/\/www.europesays.com\/fr\/wp-json\/wp\/v2\/categories?post=475050"},{"taxonomy":"post_tag","embeddable":true,"href":"https:\/\/www.europesays.com\/fr\/wp-json\/wp\/v2\/tags?post=475050"}],"curies":[{"name":"wp","href":"https:\/\/api.w.org\/{rel}","templated":true}]}}