{"id":475052,"date":"2025-10-19T15:34:33","date_gmt":"2025-10-19T15:34:33","guid":{"rendered":"https:\/\/www.europesays.com\/fr\/475052\/"},"modified":"2025-10-19T15:34:33","modified_gmt":"2025-10-19T15:34:33","slug":"une-journee-sur-la-fiabilite-de-linternet-des-objets-a-montpellier","status":"publish","type":"post","link":"https:\/\/www.europesays.com\/fr\/475052\/","title":{"rendered":"Une journ\u00e9e sur la fiabilit\u00e9 de l\u2019internet des objets \u00e0 Montpellier"},"content":{"rendered":"<p>Aktantis, nouveau <a href=\"https:\/\/www.touleco.fr\/Un-grand-pole-Deep-tech-emerge-dans-le-Sud-de-la-France,42601\" class=\"spip_in\" rel=\"nofollow noopener\" target=\"_blank\">grand p\u00f4le deeptech<\/a> implant\u00e9 en R\u00e9gion Occitanie et Grand Sud, organise, avec le P\u00f4le Aerospace Valley notamment, une journ\u00e9e sur la fiabilit\u00e9-s\u00e9curit\u00e9 des donn\u00e9es et des capteurs de l\u2019internet des objets.<\/p>\n<p>Au programme\u00a0: des tables rondes, des rendez-vous professionnels et une visite de labo. Inscriptions <a href=\"https:\/\/www.b2match.com\/e\/conference-deeptech-iot\" class=\"spip_out\" rel=\"external nofollow noopener\" target=\"_blank\">en ligne<\/a>.<\/p>\n<p>Conf\u00e9rence Deeptech IOT\u00a0: Fiabilit\u00e9 des mesures &amp; cybers\u00e9curit\u00e9. Le mardi 21\u00a0octobre 2025, de 9 heures \u00e0 16h30, au Laboratoire LMGC de l\u2019Universit\u00e9 de Montpellier, Campus Saint Priest, 860 rue de Saint Priest \u00e0 Montpellier.<\/p>\n","protected":false},"excerpt":{"rendered":"Aktantis, nouveau grand p\u00f4le deeptech implant\u00e9 en R\u00e9gion Occitanie et Grand Sud, organise, avec le P\u00f4le Aerospace Valley&hellip;\n","protected":false},"author":2,"featured_media":373637,"comment_status":"","ping_status":"","sticky":false,"template":"","format":"standard","meta":{"footnotes":""},"categories":[9599],"tags":[1111,11,1777,674,1011,27,2208,12,4125,59837,2680,50985,25,656],"class_list":{"0":"post-475052","1":"post","2":"type-post","3":"status-publish","4":"format-standard","5":"has-post-thumbnail","7":"category-montpellier","8":"tag-actu","9":"tag-actualites","10":"tag-eu","11":"tag-europe","12":"tag-fr","13":"tag-france","14":"tag-montpellier","15":"tag-news","16":"tag-numerique","17":"tag-objets-connectes","18":"tag-occitanie","19":"tag-pole-aerospace-valley","20":"tag-republique-francaise","21":"tag-securite"},"share_on_mastodon":{"url":"https:\/\/pubeurope.com\/@fr\/115401566649211667","error":""},"_links":{"self":[{"href":"https:\/\/www.europesays.com\/fr\/wp-json\/wp\/v2\/posts\/475052","targetHints":{"allow":["GET"]}}],"collection":[{"href":"https:\/\/www.europesays.com\/fr\/wp-json\/wp\/v2\/posts"}],"about":[{"href":"https:\/\/www.europesays.com\/fr\/wp-json\/wp\/v2\/types\/post"}],"author":[{"embeddable":true,"href":"https:\/\/www.europesays.com\/fr\/wp-json\/wp\/v2\/users\/2"}],"replies":[{"embeddable":true,"href":"https:\/\/www.europesays.com\/fr\/wp-json\/wp\/v2\/comments?post=475052"}],"version-history":[{"count":0,"href":"https:\/\/www.europesays.com\/fr\/wp-json\/wp\/v2\/posts\/475052\/revisions"}],"wp:featuredmedia":[{"embeddable":true,"href":"https:\/\/www.europesays.com\/fr\/wp-json\/wp\/v2\/media\/373637"}],"wp:attachment":[{"href":"https:\/\/www.europesays.com\/fr\/wp-json\/wp\/v2\/media?parent=475052"}],"wp:term":[{"taxonomy":"category","embeddable":true,"href":"https:\/\/www.europesays.com\/fr\/wp-json\/wp\/v2\/categories?post=475052"},{"taxonomy":"post_tag","embeddable":true,"href":"https:\/\/www.europesays.com\/fr\/wp-json\/wp\/v2\/tags?post=475052"}],"curies":[{"name":"wp","href":"https:\/\/api.w.org\/{rel}","templated":true}]}}