{"id":475053,"date":"2025-10-19T15:39:14","date_gmt":"2025-10-19T15:39:14","guid":{"rendered":"https:\/\/www.europesays.com\/fr\/475053\/"},"modified":"2025-10-19T15:39:14","modified_gmt":"2025-10-19T15:39:14","slug":"hangar-105-marche-des-normands-insalubrite-ce-quil-sest-passe-a-rouen-cette-semaine","status":"publish","type":"post","link":"https:\/\/www.europesays.com\/fr\/475053\/","title":{"rendered":"Hangar 105, Marche des Normands, insalubrit\u00e9&#8230; Ce qu&rsquo;il s&rsquo;est pass\u00e9 \u00e0 Rouen cette semaine"},"content":{"rendered":"<p>            Par<br \/>\n        <strong><br \/>\n            <a href=\"https:\/\/actu.fr\/auteur\/adrien-filoche\" title=\"Consulter tous les articles de Adrien Filoche\" rel=\"nofollow noopener\" target=\"_blank\">Adrien Filoche<\/a><br \/>\n        <\/strong><\/p>\n<p>        Publi\u00e9 le<\/p>\n<p>            19 oct. 2025 \u00e0 17h14        <\/p>\n<p><strong>Vous n\u2019avez pas suivi l\u2019actualit\u00e9 de la semaine\u2009?<\/strong> Aucun probl\u00e8me. Comme \u00e0 son habitude, la r\u00e9daction de 76actu vous propose chaque weekend un r\u00e9sum\u00e9 de tout ce qu\u2019il s\u2019est pass\u00e9 sur votre territoire. Voici le r\u00e9cap\u2019 de l\u2019actu \u00e0 <a href=\"https:\/\/actu.fr\/normandie\/rouen_76540\" rel=\"nofollow noopener\" target=\"_blank\">Rouen<\/a> pour la semaine du 13 au 19\u00a0octobre.<\/p>\n<p>Les infos de la semaine \u00e0 Rouen<\/p>\n<p class=\"expresso-item wall-content\"><a title=\"Lire l&#039;article\" href=\"https:\/\/actu.fr\/normandie\/rouen_76540\/une-manipulation-de-l-histoire-a-rouen-historiens-et-elus-denoncent-la-marche-des-normands_63303508.html\" rel=\"nofollow noopener\" target=\"_blank\"><strong>Une manipulation \u00ab\u2009de l\u2019Histoire\u2009\u00bb\u2009: \u00e0 Rouen, historiens et \u00e9lus d\u00e9noncent la \u00ab\u2009Marche des Normands\u2009\u00bb<\/strong><\/a><br \/>Pour la deuxi\u00e8me ann\u00e9e cons\u00e9cutive, des militants identitaires ont voulu organiser la \u00ab\u2009Marche des Normands\u2009\u00bb \u00e0 Rouen, samedi 18\u00a0octobre 2025. Plusieurs personnes s\u2019y sont oppos\u00e9es.<\/p>\n<p class=\"expresso-item wall-content\"><a title=\"Lire l&#039;article\" href=\"https:\/\/actu.fr\/normandie\/rouen_76540\/info76actu-un-repreneur-trouve-pour-le-projet-d-hotel-au-105-de-rouen-ce-que-l-on-sait_63307750.html\" rel=\"nofollow noopener\" target=\"_blank\"><strong>INFO76ACTU. Un repreneur trouv\u00e9 pour le projet d\u2019h\u00f4tel au 105 de Rouen\u2009: ce que l\u2019on sait<\/strong><\/a><br \/>Apr\u00e8s l\u2019abandon du projet d\u2019h\u00f4tel du Grand Mess au 105 de Rouen, un repreneur a finalement \u00e9t\u00e9 trouv\u00e9. On fait le point sur cet \u00e9pineux chantier dans notre article.<\/p>\n<p class=\"expresso-item wall-content\"><a title=\"Lire l&#039;article\" href=\"https:\/\/actu.fr\/normandie\/rouen_76540\/je-me-sens-en-danger-a-rouen-une-mere-alerte-sur-l-insalubrite-de-son-appartement_63302859.html\" rel=\"nofollow noopener\" target=\"_blank\"><strong>\u00ab\u2009Je me sens en danger\u2009\u00bb\u2009: \u00e0 Rouen, une m\u00e8re alerte sur l\u2019insalubrit\u00e9 de son appartement<\/strong><\/a><br \/>Install\u00e9e dans un logement social \u00e0 Rouen, Ralissa alerte sur ses conditions de vie dans un appartement insalubre, en proie aux moisissures et \u00e0 l\u2019humidit\u00e9. Elle t\u00e9moigne sur 76actu.<\/p>\n<p class=\"expresso-item wall-content\"><a title=\"Lire l&#039;article\" href=\"https:\/\/actu.fr\/normandie\/rouen_76540\/procedure-disciplinaire-ouverte-pour-l-avocate-de-rouen-mise-en-examen-dans-une-affaire-de-trafic-de-drogue_63292411.html\" rel=\"nofollow noopener\" target=\"_blank\"><strong>Attrist\u00e9, le b\u00e2tonnier de Rouen ouvre une proc\u00e9dure contre l\u2019avocate mise en examen dans une affaire de drogue<\/strong><\/a><br \/>Apr\u00e8s l\u2019annonce de la mise en examen d\u2019une avocate de Rouen dans une affaire de trafic de drogue, le barreau de Rouen ouvre une proc\u00e9dure disciplinaire \u00e0 son encontre. D\u00e9tails dans notre article.<\/p>\n<p class=\"expresso-item wall-content\"><a title=\"Lire l&#039;article\" href=\"https:\/\/actu.fr\/normandie\/rouen_76540\/c-est-eprouvant-la-galere-de-nadine-paralysee-a-rouen-pour-se-faire-rembourser-ses-aides-a-domicile_63241104.html\" rel=\"nofollow noopener\" target=\"_blank\"><strong>\u00ab\u2009C\u2019est \u00e9prouvant\u2009\u00bb\u2009: la gal\u00e8re de Nadine, paralys\u00e9e \u00e0 Rouen, pour se faire rembourser ses aides \u00e0 domicile<\/strong><\/a><br \/>Compl\u00e8tement paralys\u00e9e, Nadine, une habitante de Rouen, a besoin d\u2019aides \u00e0 domicile au quotidien. Mais depuis plusieurs mois, elle rencontre des probl\u00e8mes avec ses remboursements.<\/p>\n<p>Nos bons plans \u00e0 Rouen<\/p>\n<p class=\"expresso-item wall-content\"><a title=\"Lire l&#039;article\" href=\"https:\/\/actu.fr\/normandie\/rouen_76540\/a-rouen-ils-creent-des-soirees-dans-des-lieux-insolites-la-prochaine-se-fera-au-milieu-des-wagons_63306505.html\" rel=\"nofollow noopener\" target=\"_blank\"><strong>\u00c0 Rouen, ils cr\u00e9ent des soir\u00e9es dans des lieux insolites\u2009: la prochaine se fera au milieu des wagons<\/strong><\/a><br \/>Cinq amis de Rouen se sont lanc\u00e9s dans un projet un peu fou. Celui d\u2019organiser des soir\u00e9es \u00e9lectro dans des lieux improbables. Le 24\u00a0octobre, la f\u00eate se fera dans une vieille gare.<\/p>\n<p class=\"expresso-item wall-content\"><a title=\"Lire l&#039;article\" href=\"https:\/\/actu.fr\/normandie\/rouen_76540\/nouveautes-calendrier-modifie-tout-ce-qu-il-faut-savoir-sur-la-foire-saint-romain-2025-a-rouen_63308556.html\" rel=\"nofollow noopener\" target=\"_blank\"><strong>Nouveaut\u00e9s, calendrier modifi\u00e9\u2026 Tout ce qu\u2019il faut savoir sur la foire Saint-Romain 2025 \u00e0 Rouen<\/strong><\/a><br \/>La foire Saint-Romain de Rouen fait son grand retour pour cette \u00e9dition 2025. Mais attention au calendrier, qui sera un peu diff\u00e9rent des ann\u00e9es pr\u00e9c\u00e9dentes. On fait le point.<\/p>\n<p class=\"expresso-item wall-content\"><a title=\"Lire l&#039;article\" href=\"https:\/\/actu.fr\/normandie\/rouen_76540\/en-plein-coeur-de-rouen-un-bar-a-vin-a-la-bonne-franquette-va-remplacer-un-restaurant-emblematique_63303322.html\" rel=\"nofollow noopener\" target=\"_blank\"><strong>En plein c\u0153ur de Rouen, un bar \u00e0 vin \u00ab\u2009\u00e0 la bonne franquette\u2009\u00bb va remplacer un restaurant embl\u00e9matique<\/strong><\/a><br \/>Un nouveau bar \u00e0 vin a ouvert ses portes \u00e0 la place d\u2019un restaurant du centre de Rouen ce jeudi 16\u00a0octobre 2025. Ambiance \u00ab\u2009\u00e0 la bonne franquette\u2009\u00bb, o\u00f9 l\u2019on pourra boire et manger.<\/p>\n<p class=\"expresso-item wall-content\"><a title=\"Lire l&#039;article\" href=\"https:\/\/actu.fr\/normandie\/rouen_76540\/a-rouen-il-ouvre-une-patisserie-dans-un-local-vide-depuis-plus-d-un-an-ca-va-bien-depanner-le-quartier_63303212.html\" rel=\"nofollow noopener\" target=\"_blank\"><strong>\u00c0 Rouen, il ouvre une p\u00e2tisserie dans un local vide depuis plus d\u2019un an\u2009: \u00ab\u2009\u00c7a va bien d\u00e9panner le quartier\u2009\u00bb<\/strong><\/a><br \/>Au beau milieu de la rue Saint-Gervais, \u00e0 Rouen, Guillaume Gaudin monte sa p\u00e2tisserie artisanale. Tr\u00e8s attendue par les habitants du quartier, elle a ouvert le 18\u00a0octobre 2025.<\/p>\n<p class=\"expresso-item wall-content\"><a title=\"Lire l&#039;article\" href=\"https:\/\/actu.fr\/normandie\/rouen_76540\/a-rouen-le-bouillon-d-or-s-etend-avec-une-nouvelle-adresse-a-la-place-d-une-enseigne-historique_63298487.html\" rel=\"nofollow noopener\" target=\"_blank\"><strong>\u00c0 Rouen, le Bouillon d\u2019or s\u2019\u00e9tend avec une nouvelle adresse \u00e0 la place d\u2019une enseigne historique<\/strong><\/a><br \/>Le Bouillon Comptoir a ouvert ses portes le 16\u00a0octobre 2025 \u00e0 Rouen (Seine-Maritime), au 88 de la rue Ganterie. Il remplace l\u2019ancienne enseigne historique Bulitt.<\/p>\n<p>Suivez l\u2019actualit\u00e9 de Rouen sur <a href=\"https:\/\/www.whatsapp.com\/channel\/0029VaKfnf99hXF2ddApFB1D\" rel=\"nofollow noopener\" target=\"_blank\">notre cha\u00eene WhatsApp<\/a> et sur <a href=\"https:\/\/www.tiktok.com\/@76actu.fr?lang=fr\" rel=\"nofollow noopener\" target=\"_blank\">notre compte TikTok<\/a><\/p>\n<p class=\" wall-content\">Personnalisez votre actualit\u00e9 en ajoutant vos villes et m\u00e9dias en favori avec <a href=\"https:\/\/moncompte.actu.fr\" title=\"D\u00e9couvez Mon Actu\" rel=\"nofollow noopener\" data-trk=\"{&quot;cta&quot;:{&quot;action&quot;:&quot;https:\\\/\\\/moncompte.actu.fr&quot;,&quot;category&quot;:&quot;mon compte&quot;,&quot;from&quot;:&quot;article footer&quot;,&quot;name&quot;:&quot;Mon actu&quot;,&quot;type&quot;:&quot;cta&quot;}}\" target=\"_blank\">Mon Actu<\/a>.<\/p>\n<p>                    <script async src=\"\/\/www.tiktok.com\/embed.js\"><\/script><\/p>\n","protected":false},"excerpt":{"rendered":"Par Adrien Filoche Publi\u00e9 le 19 oct. 2025 \u00e0 17h14 Vous n\u2019avez pas suivi l\u2019actualit\u00e9 de la semaine\u2009?&hellip;\n","protected":false},"author":2,"featured_media":475054,"comment_status":"","ping_status":"","sticky":false,"template":"","format":"standard","meta":{"footnotes":""},"categories":[9587],"tags":[1111,11,9086,1777,674,1011,27,12,5161,25,9590,104],"class_list":{"0":"post-475053","1":"post","2":"type-post","3":"status-publish","4":"format-standard","5":"has-post-thumbnail","7":"category-rouen","8":"tag-actu","9":"tag-actualites","10":"tag-bon-plan-a-rouen","11":"tag-eu","12":"tag-europe","13":"tag-fr","14":"tag-france","15":"tag-news","16":"tag-normandie","17":"tag-republique-francaise","18":"tag-rouen","19":"tag-societe"},"share_on_mastodon":{"url":"https:\/\/pubeurope.com\/@fr\/115401586349129856","error":""},"_links":{"self":[{"href":"https:\/\/www.europesays.com\/fr\/wp-json\/wp\/v2\/posts\/475053","targetHints":{"allow":["GET"]}}],"collection":[{"href":"https:\/\/www.europesays.com\/fr\/wp-json\/wp\/v2\/posts"}],"about":[{"href":"https:\/\/www.europesays.com\/fr\/wp-json\/wp\/v2\/types\/post"}],"author":[{"embeddable":true,"href":"https:\/\/www.europesays.com\/fr\/wp-json\/wp\/v2\/users\/2"}],"replies":[{"embeddable":true,"href":"https:\/\/www.europesays.com\/fr\/wp-json\/wp\/v2\/comments?post=475053"}],"version-history":[{"count":0,"href":"https:\/\/www.europesays.com\/fr\/wp-json\/wp\/v2\/posts\/475053\/revisions"}],"wp:featuredmedia":[{"embeddable":true,"href":"https:\/\/www.europesays.com\/fr\/wp-json\/wp\/v2\/media\/475054"}],"wp:attachment":[{"href":"https:\/\/www.europesays.com\/fr\/wp-json\/wp\/v2\/media?parent=475053"}],"wp:term":[{"taxonomy":"category","embeddable":true,"href":"https:\/\/www.europesays.com\/fr\/wp-json\/wp\/v2\/categories?post=475053"},{"taxonomy":"post_tag","embeddable":true,"href":"https:\/\/www.europesays.com\/fr\/wp-json\/wp\/v2\/tags?post=475053"}],"curies":[{"name":"wp","href":"https:\/\/api.w.org\/{rel}","templated":true}]}}