{"id":475055,"date":"2025-10-19T15:42:18","date_gmt":"2025-10-19T15:42:18","guid":{"rendered":"https:\/\/www.europesays.com\/fr\/475055\/"},"modified":"2025-10-19T15:42:18","modified_gmt":"2025-10-19T15:42:18","slug":"grenoble-le-tiers-lieu-la-correspondance-a-accueilli-la-2e-edition-des-vibrations-dautomne","status":"publish","type":"post","link":"https:\/\/www.europesays.com\/fr\/475055\/","title":{"rendered":"Grenoble. Le tiers-lieu La Correspondance a accueilli la 2e\u00a0 \u00e9dition des Vibrations d\u2019automne"},"content":{"rendered":"<p>Ce samedi 18\u00a0octobre, La Correspondance, le nouveau tiers-lieu culturel et social de Grenoble, a accueilli la deuxi\u00e8me \u00e9dition des Vibrations d\u2019automne.<\/p>\n<p>Voisins, familles, enfants, Grenoblois et habitants des environs \u00e9taient convi\u00e9s \u00e0 c\u00e9l\u00e9brer l\u2019automne dans une ambiance festive et flamboyante. Le programme \u00e9tait riche\u00a0: pyrotechnie, musique live et DJ-set, ateliers hip-hop, karaok\u00e9, march\u00e9 de cr\u00e9ateurs et portes ouvertes du tiers-lieu.<\/p>\n<p class=\"note\">Infos\u00a0: La Correspondance, 30, bis avenue Marcelin-Berthelot.<\/p>\n","protected":false},"excerpt":{"rendered":"Ce samedi 18\u00a0octobre, La Correspondance, le nouveau tiers-lieu culturel et social de Grenoble, a accueilli la deuxi\u00e8me \u00e9dition&hellip;\n","protected":false},"author":2,"featured_media":475056,"comment_status":"","ping_status":"","sticky":false,"template":"","format":"standard","meta":{"footnotes":""},"categories":[9566],"tags":[1111,11,2430,1687,112,1777,674,1011,27,2731,2732,12,25],"class_list":{"0":"post-475055","1":"post","2":"type-post","3":"status-publish","4":"format-standard","5":"has-post-thumbnail","7":"category-grenoble","8":"tag-actu","9":"tag-actualites","10":"tag-auvergne-rhone-alpes","11":"tag-culture-loisirs","12":"tag-edition-grenoble-agglomeration","13":"tag-eu","14":"tag-europe","15":"tag-fr","16":"tag-france","17":"tag-grenoble","18":"tag-grenoble-bassin","19":"tag-news","20":"tag-republique-francaise"},"share_on_mastodon":{"url":"https:\/\/pubeurope.com\/@fr\/115401598183746514","error":""},"_links":{"self":[{"href":"https:\/\/www.europesays.com\/fr\/wp-json\/wp\/v2\/posts\/475055","targetHints":{"allow":["GET"]}}],"collection":[{"href":"https:\/\/www.europesays.com\/fr\/wp-json\/wp\/v2\/posts"}],"about":[{"href":"https:\/\/www.europesays.com\/fr\/wp-json\/wp\/v2\/types\/post"}],"author":[{"embeddable":true,"href":"https:\/\/www.europesays.com\/fr\/wp-json\/wp\/v2\/users\/2"}],"replies":[{"embeddable":true,"href":"https:\/\/www.europesays.com\/fr\/wp-json\/wp\/v2\/comments?post=475055"}],"version-history":[{"count":0,"href":"https:\/\/www.europesays.com\/fr\/wp-json\/wp\/v2\/posts\/475055\/revisions"}],"wp:featuredmedia":[{"embeddable":true,"href":"https:\/\/www.europesays.com\/fr\/wp-json\/wp\/v2\/media\/475056"}],"wp:attachment":[{"href":"https:\/\/www.europesays.com\/fr\/wp-json\/wp\/v2\/media?parent=475055"}],"wp:term":[{"taxonomy":"category","embeddable":true,"href":"https:\/\/www.europesays.com\/fr\/wp-json\/wp\/v2\/categories?post=475055"},{"taxonomy":"post_tag","embeddable":true,"href":"https:\/\/www.europesays.com\/fr\/wp-json\/wp\/v2\/tags?post=475055"}],"curies":[{"name":"wp","href":"https:\/\/api.w.org\/{rel}","templated":true}]}}