{"id":475059,"date":"2025-10-19T15:44:15","date_gmt":"2025-10-19T15:44:15","guid":{"rendered":"https:\/\/www.europesays.com\/fr\/475059\/"},"modified":"2025-10-19T15:44:15","modified_gmt":"2025-10-19T15:44:15","slug":"en-ille-et-vilaine-ils-sont-a-lecoute-contre-les-addictions","status":"publish","type":"post","link":"https:\/\/www.europesays.com\/fr\/475059\/","title":{"rendered":"en Ille-et-Vilaine, ils sont \u00e0 l&rsquo;\u00e9coute contre les addictions"},"content":{"rendered":"<p>            Par<br \/>\n        <strong><br \/>\n            <a href=\"https:\/\/actu.fr\/auteur\/journaliste-lachronique\" title=\"Consulter tous les articles de R\u00e9daction Foug\u00e8res\" target=\"_blank\" rel=\"noopener\">R\u00e9daction Foug\u00e8res<\/a><br \/>\n        <\/strong><\/p>\n<p>        Publi\u00e9 le<\/p>\n<p>            19 oct. 2025 \u00e0 17h00        <\/p>\n<p>En <b>Ille-et-Vilaine<\/b>, et dans le pays de<a href=\"https:\/\/actu.fr\/la-chronique-republicaine\/\" target=\"_blank\" rel=\"noopener\"> Foug\u00e8res<\/a>, l\u2019association <b>Alcool accompagnement pr\u00e9vention<\/b> propose des permanences pour accompagner et aider les <b>malades<\/b> principalement <b>addicts \u00e0 l\u2019alcool<\/b>, mais aussi aux <b>drogues<\/b>, aux<b> jeux<\/b>, car le travail de base est identique. L\u2019association est aussi l\u00e0 pour aider l\u2019entourage. Pour cela, il existe diff\u00e9rents groupes de parole (malades, mixtes ou de l\u2019entourage).\u00a0<\/p>\n<p>La preuve que l\u2019on peut s\u2019en sortir<\/p>\n<p class=\" wall-content\">Que l\u2019on soit malade ou dans l\u2019entourage, il faut oser frapper \u00e0 la porte de l\u2019association, il faut oser t\u00e9l\u00e9phoner, des b\u00e9n\u00e9voles sont l\u00e0 pour vous \u00e9couter avec bienveillance et sans porter aucun jugement. \u00ab Ces addictions, voir polyaddictions, sont une v\u00e9ritable descente aux enfers \u00bb, explique <b>Philippe Le Blanc<\/b>, secr\u00e9taire d\u00e9partemental de l\u2019association lors de la r\u00e9union, organis\u00e9e aux<b> Portes du Coglais<\/b> (<b>Cogl\u00e8s),<\/b> \u00e0 la salle des f\u00eates, dans le cadre d\u2019une <b>information, ouverte au public.<\/b><\/p>\n<p class=\" wall-content\">L\u2019association cr\u00e9\u00e9e en 1958 s\u2019appelait La Croix d\u2019or, avant de prendre le nom Alcool assistance pour devenir en 2025, lors de la derni\u00e8re assembl\u00e9e g\u00e9n\u00e9rale, Alcool accompagnement pr\u00e9vention. \u00ab Sur le d\u00e9partement d\u2019Ille-et-Vilaine, on retrouve quatorze sections et trois cent soixante-deux adh\u00e9rents, tous b\u00e9n\u00e9voles \u00bb, soulign<b>e Roger Le Derf,<\/b> pr\u00e9sident de la section de Foug\u00e8res.<\/p>\n<p class=\" wall-content\">L\u2019association organise six r\u00e9unions d\u2019information ouvertes au public en Ille-et-Vilaine. Lors de ces r\u00e9unions, les actions et formations sont \u00e9voqu\u00e9es et il y a une prise de paroles de ceux qui ont os\u00e9 pousser la porte de l\u2019association pour \u00eatre accompagn\u00e9s. Ils livrent des t\u00e9moignages bouleversants, mais sont aussi la preuve que l\u2019on peut s\u2019en sortir.<\/p>\n<p>La pr\u00e9vention, la pi\u00e8ce ma\u00eetresse<br \/>\n    <img   decoding=\"async\" loading=\"lazy\" class=\"size-large\" src=\"https:\/\/www.europesays.com\/fr\/wp-content\/uploads\/2025\/10\/2e9d3bc71de8612ad3bc71de8e5ad3v-960x640.jpg\" alt=\"Le bureau de la section fougeraise \/Jeanine Legris ,secr\u00e9taire,Catthy Le Derf,tr\u00e9sori\u00e8re,pull noir et derri\u00e8re elle ,Roger Le Drf,pr\u00e9sident.\u00e0 c\u00f4t\u00e9 de lui Gilles Monsallier,pr\u00e9sident r\u00e9gional ,chemise jaune Michel Cornet ,coordinateur d\u00e9partemental et avec la casquette, Philippe Leblanc, secr\u00e9taire d\u00e9partemental.\" width=\"960\" height=\"640\"\/><br \/>\n    Le bureau de la section fougeraise : Jeanine Legris (secr\u00e9taire), Cathy Le Derf (tr\u00e9sori\u00e8re), pull noir, et derri\u00e8re elle, Roger Le Derf (pr\u00e9sident). \u00c0 c\u00f4t\u00e9 de lui, Gilles Monsallier, pr\u00e9sident r\u00e9gional, Michel Cornet (chemise jaune), coordinateur d\u00e9partemental et avec la casquette, Philippe Leblanc, secr\u00e9taire d\u00e9partemental. \u00a9b.breux \/ La Chronique r\u00e9publicaine<\/p>\n<p class=\" wall-content\">Pour lutter contre ces<b> addictions<\/b> et r\u00e9duire les<b> risques,<\/b> l\u2019association intervient dans les <b>lyc\u00e9es<\/b>, coll\u00e8ges, en milieu carc\u00e9ral, en <b>entreprise <\/b>(\u00e0 leur demande), parfois chez les <b>pompiers<\/b>, la gendarmerie et les \u00e9lus, au premier plan lorsqu\u2019ils interviennent aupr\u00e8s de personne sous l\u2019emprise de diff\u00e9rentes addictions.<\/p>\n<p>Votre r\u00e9gion, votre actu !<\/p>\n<p>Recevez chaque jour les infos qui comptent pour vous.<\/p>\n<p>\t<a href=\"https:\/\/actu.fr\/newsletter\" class=\"ac-btn ac-btn--corner ac-btn--medium ac-btn--blue800\" target=\"_blank\" rel=\"noopener\">S&rsquo;incrire<\/a><\/p>\n<p class=\" wall-content\">Ils vont aussi dans des festivals pour alerter sur les dangers \u00e0 consommer des substances addictives ou lors de forum associatif. \u00ab La<b> communication<\/b> passe avant tout par l\u2019<b>\u00e9coute<\/b> \u00bb, souligne <b>Michel Cornet<\/b>, coordinateur d\u00e9partemental et dans l\u2019association depuis sa cr\u00e9ation. \u00ab Il faut \u00e9tablir la confiance et ne jamais juger \u00bb.<\/p>\n<p class=\" wall-content\">Gilles Monsallier, pr\u00e9sident d\u00e9partemental tire la sonnette d\u2019alarme :<\/p>\n<blockquote class=\"ac-article-quote wall-content\">\n<p>Pour la premi\u00e8re fois, en France, en 2024, les jeunes filles d\u00e9passent les gar\u00e7ons dans la consommation d\u2019alcool. La p\u00e9riode covid est pass\u00e9e par l\u00e0 et pendant le confinement, il n\u2019y a eu aucune campagne de pr\u00e9vention effectu\u00e9e, la consommation est repartie \u00e0 la hausse. Preuve tangible qu\u2019il ne faut en aucun cas rel\u00e2cher la pr\u00e9vention.<\/p>\n<p>Gilles Monsallier, pr\u00e9sident d\u00e9partemental d\u2019Alcool accompagnement pr\u00e9vention<\/p><\/blockquote>\n<p>La section de Foug\u00e8res de l\u2019association Alcool accompagnement pr\u00e9vention est situ\u00e9e salle de l\u2019\u00c9cartel\u00e9e, rue de la Pellerine \u00e0 Foug\u00e8res. Des permanences ont lieu le premier et le troisi\u00e8me jeudi du mois de 20 h \u00e0 22 h 30.<\/p>\n<p class=\" wall-content\">Personnalisez votre actualit\u00e9 en ajoutant vos villes et m\u00e9dias en favori avec <a href=\"https:\/\/moncompte.actu.fr\" title=\"D\u00e9couvez Mon Actu\" rel=\"nofollow noopener\" data-trk=\"{&quot;cta&quot;:{&quot;action&quot;:&quot;https:\\\/\\\/moncompte.actu.fr&quot;,&quot;category&quot;:&quot;mon compte&quot;,&quot;from&quot;:&quot;article footer&quot;,&quot;name&quot;:&quot;Mon actu&quot;,&quot;type&quot;:&quot;cta&quot;}}\" target=\"_blank\">Mon Actu<\/a>.<\/p>\n","protected":false},"excerpt":{"rendered":"Par R\u00e9daction Foug\u00e8res Publi\u00e9 le 19 oct. 2025 \u00e0 17h00 En Ille-et-Vilaine, et dans le pays de Foug\u00e8res,&hellip;\n","protected":false},"author":2,"featured_media":475060,"comment_status":"","ping_status":"","sticky":false,"template":"","format":"standard","meta":{"footnotes":""},"categories":[2821],"tags":[1111,11,5702,829,1777,674,1011,27,12,584,25,71,104],"class_list":{"0":"post-475059","1":"post","2":"type-post","3":"status-publish","4":"format-standard","5":"has-post-thumbnail","7":"category-rennes","8":"tag-actu","9":"tag-actualites","10":"tag-alcool","11":"tag-bretagne","12":"tag-eu","13":"tag-europe","14":"tag-fr","15":"tag-france","16":"tag-news","17":"tag-rennes","18":"tag-republique-francaise","19":"tag-sante","20":"tag-societe"},"share_on_mastodon":{"url":"https:\/\/pubeurope.com\/@fr\/115401606693533181","error":""},"_links":{"self":[{"href":"https:\/\/www.europesays.com\/fr\/wp-json\/wp\/v2\/posts\/475059","targetHints":{"allow":["GET"]}}],"collection":[{"href":"https:\/\/www.europesays.com\/fr\/wp-json\/wp\/v2\/posts"}],"about":[{"href":"https:\/\/www.europesays.com\/fr\/wp-json\/wp\/v2\/types\/post"}],"author":[{"embeddable":true,"href":"https:\/\/www.europesays.com\/fr\/wp-json\/wp\/v2\/users\/2"}],"replies":[{"embeddable":true,"href":"https:\/\/www.europesays.com\/fr\/wp-json\/wp\/v2\/comments?post=475059"}],"version-history":[{"count":0,"href":"https:\/\/www.europesays.com\/fr\/wp-json\/wp\/v2\/posts\/475059\/revisions"}],"wp:featuredmedia":[{"embeddable":true,"href":"https:\/\/www.europesays.com\/fr\/wp-json\/wp\/v2\/media\/475060"}],"wp:attachment":[{"href":"https:\/\/www.europesays.com\/fr\/wp-json\/wp\/v2\/media?parent=475059"}],"wp:term":[{"taxonomy":"category","embeddable":true,"href":"https:\/\/www.europesays.com\/fr\/wp-json\/wp\/v2\/categories?post=475059"},{"taxonomy":"post_tag","embeddable":true,"href":"https:\/\/www.europesays.com\/fr\/wp-json\/wp\/v2\/tags?post=475059"}],"curies":[{"name":"wp","href":"https:\/\/api.w.org\/{rel}","templated":true}]}}