{"id":475063,"date":"2025-10-19T15:47:20","date_gmt":"2025-10-19T15:47:20","guid":{"rendered":"https:\/\/www.europesays.com\/fr\/475063\/"},"modified":"2025-10-19T15:47:20","modified_gmt":"2025-10-19T15:47:20","slug":"jordan-zebo-nouveau-champion-ares-de-mma-apres-avoir-battu-lalsacien-baki","status":"publish","type":"post","link":"https:\/\/www.europesays.com\/fr\/475063\/","title":{"rendered":"Jordan Zebo, nouveau champion ARES de MMA apr\u00e8s avoir battu l&rsquo;Alsacien Baki"},"content":{"rendered":"<p>&#13;<br \/>\n\t\t\t\t\t\t\t\t\t\t\t\tPar Jean-Marc Loos, J\u00e9r\u00f4me Stumb\u00e9&#13;<br \/>\n\t\t\t\t\t\t\t\t\t\t\t\t&#13;<br \/>\n\t\t\t\t\t\t\tPubli\u00e9&#13;<br \/>\n\t\t\t\t\t\t\t\t\t\t\t\t\t\t\taujourd&rsquo;hui \u00e0 15:31&#13;<br \/>\n\t\t\t\t\t\t\t&#13;<br \/>\n\t\t\t\t\t\t\t&#8211; Temps de lecture : &#13;<br \/>\n\t\t\t\t\t\t&#13;\n\t\t\t\t\t<\/p>\n<p>A la surprise g\u00e9n\u00e9rale, en MMA, samedi soir au Z\u00e9nith de Strasbourg, Jordan Zebo a mis KO au quatri\u00e8me round l&rsquo;Alsacien Baysangur Chamsoudinov dit Baki, qui s&rsquo;est inclin\u00e9 pour la premi\u00e8re fois de sa carri\u00e8re. Pour son premier combat devant son public \u00e0 domicile, le Haguenovien a \u00e9t\u00e9 mis K.-O. et s&rsquo;est vu ravir la ceinture de l&rsquo;ARES chez les mi-moyens (-77 kg). Les r\u00e9actions du vainqueur Jordan Zebo.<\/p>\n","protected":false},"excerpt":{"rendered":"&#13; Par Jean-Marc Loos, J\u00e9r\u00f4me Stumb\u00e9&#13; &#13; Publi\u00e9&#13; aujourd&rsquo;hui \u00e0 15:31&#13; &#13; &#8211; Temps de lecture : &#13;&hellip;\n","protected":false},"author":2,"featured_media":475064,"comment_status":"","ping_status":"","sticky":false,"template":"","format":"standard","meta":{"footnotes":""},"categories":[2820],"tags":[1111,11,1777,674,1011,27,775,12,25,640],"class_list":{"0":"post-475063","1":"post","2":"type-post","3":"status-publish","4":"format-standard","5":"has-post-thumbnail","7":"category-strasbourg","8":"tag-actu","9":"tag-actualites","10":"tag-eu","11":"tag-europe","12":"tag-fr","13":"tag-france","14":"tag-grand-est","15":"tag-news","16":"tag-republique-francaise","17":"tag-strasbourg"},"share_on_mastodon":{"url":"https:\/\/pubeurope.com\/@fr\/115401617890245042","error":""},"_links":{"self":[{"href":"https:\/\/www.europesays.com\/fr\/wp-json\/wp\/v2\/posts\/475063","targetHints":{"allow":["GET"]}}],"collection":[{"href":"https:\/\/www.europesays.com\/fr\/wp-json\/wp\/v2\/posts"}],"about":[{"href":"https:\/\/www.europesays.com\/fr\/wp-json\/wp\/v2\/types\/post"}],"author":[{"embeddable":true,"href":"https:\/\/www.europesays.com\/fr\/wp-json\/wp\/v2\/users\/2"}],"replies":[{"embeddable":true,"href":"https:\/\/www.europesays.com\/fr\/wp-json\/wp\/v2\/comments?post=475063"}],"version-history":[{"count":0,"href":"https:\/\/www.europesays.com\/fr\/wp-json\/wp\/v2\/posts\/475063\/revisions"}],"wp:featuredmedia":[{"embeddable":true,"href":"https:\/\/www.europesays.com\/fr\/wp-json\/wp\/v2\/media\/475064"}],"wp:attachment":[{"href":"https:\/\/www.europesays.com\/fr\/wp-json\/wp\/v2\/media?parent=475063"}],"wp:term":[{"taxonomy":"category","embeddable":true,"href":"https:\/\/www.europesays.com\/fr\/wp-json\/wp\/v2\/categories?post=475063"},{"taxonomy":"post_tag","embeddable":true,"href":"https:\/\/www.europesays.com\/fr\/wp-json\/wp\/v2\/tags?post=475063"}],"curies":[{"name":"wp","href":"https:\/\/api.w.org\/{rel}","templated":true}]}}