{"id":475065,"date":"2025-10-19T15:48:20","date_gmt":"2025-10-19T15:48:20","guid":{"rendered":"https:\/\/www.europesays.com\/fr\/475065\/"},"modified":"2025-10-19T15:48:20","modified_gmt":"2025-10-19T15:48:20","slug":"ligue-1-daech-daech-on-tenc-chante-par-les-ultras-vague-dindignation-apres-linterruption-de-nice-ol-par-larbitre","status":"publish","type":"post","link":"https:\/\/www.europesays.com\/fr\/475065\/","title":{"rendered":"Ligue 1. \u00ab Daech, Daech, on t&rsquo;enc&#8230; \u00bb chant\u00e9 par les ultras :\u00a0vague d&rsquo;indignation apr\u00e8s l&rsquo;interruption\u00a0de\u00a0Nice-OL par l&rsquo;arbitre"},"content":{"rendered":"<p>M. Estrosi a regrett\u00e9 sur X la \u00ab d\u00e9cision totalement incompr\u00e9hensible d&rsquo;interrompre la partie \u00e0 la 86e minute, apr\u00e8s le traditionnel chant de nos supporters de la Populaire sud contre Daech et en forme d&rsquo;hommage aux victimes de l&rsquo;attentat du 14 juillet \u00bb, ajoutant qu&rsquo;\u00ab un peu de pr\u00e9paration et de discernement ne feraient pas de mal dans ces situations \u00bb.<\/p>\n<p>Ce contenu est bloqu\u00e9 car vous n&rsquo;avez pas accept\u00e9 les cookies et autres traceurs.<\/p>\n<p>En cliquant sur \u00ab J\u2019accepte \u00bb, les cookies et autres traceurs seront d\u00e9pos\u00e9s et vous pourrez visualiser les contenus  (<a href=\"\" class=\"consentModule_policy\" target=\"_blank\" title=\"Consulter la politique de protection des donn\u00e9es du fournisseur\">plus d&rsquo;informations<\/a>).<\/p>\n<p>En cliquant sur \u00ab J\u2019accepte tous les cookies \u00bb, vous autorisez des d\u00e9p\u00f4ts de cookies et autres traceurs pour le stockage de vos donn\u00e9es sur nos sites et applications \u00e0 des fins de personnalisation et de ciblage publicitaire.<\/p>\n<p class=\"consentModule_secondaryText\">Vous gardez la possibilit\u00e9 de retirer votre consentement \u00e0 tout moment en consultant notre <a href=\"https:\/\/www.ledauphine.com\/protection-des-donnees\" target=\"_blank\" title=\"Consulter notre politique de protection des donn\u00e9es\" rel=\"noopener\">politique de protection des donn\u00e9es<\/a>. <br \/>&#13;<br \/>\n            <a href=\"https:\/\/www.ledauphine.com\/sport\/2025\/10\/19\/javascript:Didomi.notice.show()\" class=\"consentModule_cmp\" target=\"_blank\" rel=\"noopener\">G\u00e9rer mes choix<\/a>&#13;\n        <\/p>\n<p>&#13;<br \/>\n                        J&rsquo;accepte&#13;<br \/>\n            J&rsquo;accepte tous les cookies&#13;\n        <\/p>\n<p>  Ciotti \u00a0: \u00ab\u00a0Un manque total de discernement\u00a0\u00bb<\/p>\n<p><a href=\"https:\/\/www.ledauphine.com\/p\/eric-ciotti\" target=\"_blank\" rel=\"noopener\">Eric Ciotti<\/a> a lui d\u00e9plor\u00e9 sur le m\u00eame r\u00e9seau social \u00ab le manque total de discernement \u00bb de l&rsquo;arbitre et du d\u00e9l\u00e9gu\u00e9 de la rencontre. \u00ab Depuis 2016, la (tribune, ndlr) populaire Sud et de nombreux supporteurs expriment ce que nous pensons tous: un message contre Daesh, en hommage aux victimes. Je veux ce soir leur dire mon soutien \u00bb, a-t-il \u00e9crit.<\/p>\n<p><strong><a href=\"https:\/\/www.ledauphine.com\/sport\/2025\/10\/18\/nouvelle-defaite-pour-lyon-battu-sur-la-pelouse-de-nice\" target=\"_blank\" rel=\"noopener\">&gt;&gt;Nouvelle d\u00e9faite pour l&rsquo;OL, battu sur la pelouse de Nice<\/a><\/strong><\/p>\n<p>Ce contenu est bloqu\u00e9 car vous n&rsquo;avez pas accept\u00e9 les cookies et autres traceurs.<\/p>\n<p>En cliquant sur \u00ab J\u2019accepte \u00bb, les cookies et autres traceurs seront d\u00e9pos\u00e9s et vous pourrez visualiser les contenus  (<a href=\"\" class=\"consentModule_policy\" target=\"_blank\" title=\"Consulter la politique de protection des donn\u00e9es du fournisseur\">plus d&rsquo;informations<\/a>).<\/p>\n<p>En cliquant sur \u00ab J\u2019accepte tous les cookies \u00bb, vous autorisez des d\u00e9p\u00f4ts de cookies et autres traceurs pour le stockage de vos donn\u00e9es sur nos sites et applications \u00e0 des fins de personnalisation et de ciblage publicitaire.<\/p>\n<p class=\"consentModule_secondaryText\">Vous gardez la possibilit\u00e9 de retirer votre consentement \u00e0 tout moment en consultant notre <a href=\"https:\/\/www.ledauphine.com\/protection-des-donnees\" target=\"_blank\" title=\"Consulter notre politique de protection des donn\u00e9es\" rel=\"noopener\">politique de protection des donn\u00e9es<\/a>. <br \/>&#13;<br \/>\n            <a href=\"https:\/\/www.ledauphine.com\/sport\/2025\/10\/19\/javascript:Didomi.notice.show()\" class=\"consentModule_cmp\" target=\"_blank\" rel=\"noopener\">G\u00e9rer mes choix<\/a>&#13;\n        <\/p>\n<p>&#13;<br \/>\n                        J&rsquo;accepte&#13;<br \/>\n            J&rsquo;accepte tous les cookies&#13;\n        <\/p>\n<p>Le pr\u00e9sident de l&rsquo;OGC Nice Fabrice Bocquet a d\u00e9nonc\u00e9 sur les r\u00e9seaux du club \u00ab un manque de respect pour les victimes du 14 juillet, leurs familles et toute la ville de Nice \u00bb. Il a expliqu\u00e9 que l&rsquo;arbitre M. Brisard lui avait dit \u00ab avoir voulu appliquer les consignes \u00bb et avait \u00ab pr\u00e9sent\u00e9 ses excuses \u00bb.<\/p>\n<p>Ce contenu est bloqu\u00e9 car vous n&rsquo;avez pas accept\u00e9 les cookies et autres traceurs.<\/p>\n<p>En cliquant sur \u00ab J\u2019accepte \u00bb, les cookies et autres traceurs seront d\u00e9pos\u00e9s et vous pourrez visualiser les contenus  (<a href=\"\" class=\"consentModule_policy\" target=\"_blank\" title=\"Consulter la politique de protection des donn\u00e9es du fournisseur\">plus d&rsquo;informations<\/a>).<\/p>\n<p>En cliquant sur \u00ab J\u2019accepte tous les cookies \u00bb, vous autorisez des d\u00e9p\u00f4ts de cookies et autres traceurs pour le stockage de vos donn\u00e9es sur nos sites et applications \u00e0 des fins de personnalisation et de ciblage publicitaire.<\/p>\n<p class=\"consentModule_secondaryText\">Vous gardez la possibilit\u00e9 de retirer votre consentement \u00e0 tout moment en consultant notre <a href=\"https:\/\/www.ledauphine.com\/protection-des-donnees\" target=\"_blank\" title=\"Consulter notre politique de protection des donn\u00e9es\" rel=\"noopener\">politique de protection des donn\u00e9es<\/a>. <br \/>&#13;<br \/>\n            <a href=\"https:\/\/www.ledauphine.com\/sport\/2025\/10\/19\/javascript:Didomi.notice.show()\" class=\"consentModule_cmp\" target=\"_blank\" rel=\"noopener\">G\u00e9rer mes choix<\/a>&#13;\n        <\/p>\n<p>&#13;<br \/>\n                        J&rsquo;accepte&#13;<br \/>\n            J&rsquo;accepte tous les cookies&#13;\n        <\/p>\n<p>  Deux minutes d&rsquo;interruption<\/p>\n<p>\u00c0 l&rsquo;Allianz Riviera, \u00e0 la 86e minute (comme le nombre de victimes de l&rsquo;attentat du 14 juillet 2016, ndlr) de chaque rencontre de l&rsquo;OGCN depuis 2016, un c\u0153ur form\u00e9 du nom des victimes s&rsquo;affiche sur les \u00e9crans du stade et le public se manifeste avec des milliers de lumi\u00e8res de t\u00e9l\u00e9phones mobiles, ainsi que des chants, venus de la tribune populaire sud (\u00ab Daech, Daech, on t&rsquo;enc&#8230; \u00bb).<\/p>\n<p>Samedi, l&rsquo;arbitre a demand\u00e9 au speaker officiel de faire cesser les chants. Le jeu a \u00e9t\u00e9 interrompu deux minutes puis les m\u00eames exclamations ont repris durant plusieurs secondes d\u00e8s que le jeu a repris.<\/p>\n","protected":false},"excerpt":{"rendered":"M. Estrosi a regrett\u00e9 sur X la \u00ab d\u00e9cision totalement incompr\u00e9hensible d&rsquo;interrompre la partie \u00e0 la 86e minute,&hellip;\n","protected":false},"author":2,"featured_media":475066,"comment_status":"","ping_status":"","sticky":false,"template":"","format":"standard","meta":{"footnotes":""},"categories":[2819],"tags":[1111,11,1777,674,274,107,1701,63,1011,27,7020,12,2401,9442,316,882,25,517],"class_list":{"0":"post-475065","1":"post","2":"type-post","3":"status-publish","4":"format-standard","5":"has-post-thumbnail","7":"category-nice","8":"tag-actu","9":"tag-actualites","10":"tag-eu","11":"tag-europe","12":"tag-faits-divers-justice","13":"tag-fil-info","14":"tag-fil-info-sport","15":"tag-football","16":"tag-fr","17":"tag-france","18":"tag-ligue-1-football","19":"tag-news","20":"tag-nice","21":"tag-ol-olympique-lyonnais","22":"tag-politique","23":"tag-provence-alpes-cote-dazur","24":"tag-republique-francaise","25":"tag-sport"},"share_on_mastodon":{"url":"https:\/\/pubeurope.com\/@fr\/115401621706795392","error":""},"_links":{"self":[{"href":"https:\/\/www.europesays.com\/fr\/wp-json\/wp\/v2\/posts\/475065","targetHints":{"allow":["GET"]}}],"collection":[{"href":"https:\/\/www.europesays.com\/fr\/wp-json\/wp\/v2\/posts"}],"about":[{"href":"https:\/\/www.europesays.com\/fr\/wp-json\/wp\/v2\/types\/post"}],"author":[{"embeddable":true,"href":"https:\/\/www.europesays.com\/fr\/wp-json\/wp\/v2\/users\/2"}],"replies":[{"embeddable":true,"href":"https:\/\/www.europesays.com\/fr\/wp-json\/wp\/v2\/comments?post=475065"}],"version-history":[{"count":0,"href":"https:\/\/www.europesays.com\/fr\/wp-json\/wp\/v2\/posts\/475065\/revisions"}],"wp:featuredmedia":[{"embeddable":true,"href":"https:\/\/www.europesays.com\/fr\/wp-json\/wp\/v2\/media\/475066"}],"wp:attachment":[{"href":"https:\/\/www.europesays.com\/fr\/wp-json\/wp\/v2\/media?parent=475065"}],"wp:term":[{"taxonomy":"category","embeddable":true,"href":"https:\/\/www.europesays.com\/fr\/wp-json\/wp\/v2\/categories?post=475065"},{"taxonomy":"post_tag","embeddable":true,"href":"https:\/\/www.europesays.com\/fr\/wp-json\/wp\/v2\/tags?post=475065"}],"curies":[{"name":"wp","href":"https:\/\/api.w.org\/{rel}","templated":true}]}}