{"id":475073,"date":"2025-10-19T15:52:11","date_gmt":"2025-10-19T15:52:11","guid":{"rendered":"https:\/\/www.europesays.com\/fr\/475073\/"},"modified":"2025-10-19T15:52:11","modified_gmt":"2025-10-19T15:52:11","slug":"du-vent-fort-de-la-pluie-et-des-orages-meteo-france-annonce-la-fin-de-lete-indien-a-bordeaux","status":"publish","type":"post","link":"https:\/\/www.europesays.com\/fr\/475073\/","title":{"rendered":"Du vent fort, de la pluie et des orages&#8230; M\u00e9t\u00e9o France annonce la fin de l&rsquo;\u00e9t\u00e9 indien \u00e0 Bordeaux"},"content":{"rendered":"<p>            Par<br \/>\n        <strong><br \/>\n            <a href=\"https:\/\/actu.fr\/auteur\/sports33\" title=\"Consulter tous les articles de Nicolas Gosselin\" target=\"_blank\" rel=\"noopener\">Nicolas Gosselin<\/a><br \/>\n        <\/strong><\/p>\n<p>        Publi\u00e9 le<\/p>\n<p>            19 oct. 2025 \u00e0 17h17        <\/p>\n<p>Apr\u00e8s un d\u00e9but de mois d\u2019octobre plac\u00e9 sous le signe de l\u2019<strong>\u00e9t\u00e9 indien<\/strong>, la m\u00e9t\u00e9o change \u00e0 <strong>Bordeaux<\/strong>. <a href=\"https:\/\/actu.fr\/tag\/meteo-france\" target=\"_blank\" rel=\"noopener\">M\u00e9t\u00e9o France<\/a> pr\u00e9voit, d\u00e8s lundi 20 octobre 2025, une<strong> semaine pluvieuse et venteuse en Gironde<\/strong>.<\/p>\n<p class=\" wall-content\">La douceur exceptionnelle des deux derni\u00e8res semaines est d\u00e9sormais termin\u00e9e. Le mercure va osciller <strong>entre 10 et 20 degr\u00e9s durant toute la semaine<\/strong> \u00e0 Bordeaux, soit une temp\u00e9rature \u00e9gale voire <strong>inf\u00e9rieure aux normales de saison<\/strong>.<\/p>\n<p>Des orages annonc\u00e9s ce mardi<\/p>\n<p class=\" wall-content\">Aussi, le soleil sera absent ces prochains jours o\u00f9 M\u00e9t\u00e9o France pr\u00e9voit<strong> des averses quasiment sans discontinuer<\/strong> jusqu\u2019au week-end prochain.<\/p>\n<p class=\" wall-content\">\n<p class=\" wall-content\">Mardi 21 octobre, les pr\u00e9visions annoncent <a href=\"https:\/\/actu.fr\/tag\/orages\" target=\"_blank\" rel=\"noopener\">des orages<\/a> en fin d\u2019apr\u00e8s-midi dans le sud du d\u00e9partement et sur le sud du <a href=\"https:\/\/actu.fr\/tag\/bassin-d-arcachon\" target=\"_blank\" rel=\"noopener\">bassin d\u2019Arcachon<\/a>, puis sur l\u2019ensemble de la Gironde dans la soir\u00e9e.<\/p>\n<p>La Gironde en vigilance jaune<\/p>\n<p class=\" wall-content\">Et durant le d\u00e9but de semaine, le vent devrait souffler assez fort sur l\u2019ensemble du d\u00e9partement aussi avec des rafales allant <strong>jusqu\u2019\u00e0 70 \u00e0 75 km\/h sur le littoral<\/strong>, ce lundi 20 octobre, o\u00f9 la Gironde a \u00e9t\u00e9 plac\u00e9e en vigilance jaune pour risque de<strong> vagues-submersion<\/strong>.<\/p>\n<p class=\" wall-content\">\n<p class=\" wall-content\">\u00c0 l\u2019int\u00e9rieur des terres, les rafales devraient aller jusqu\u2019\u00e0 50 km\/h ce lundi. Les deux jours suivants, ce vent fort devrait sensiblement rester le m\u00eame sur l\u2019ensemble du d\u00e9partement.<\/p>\n<p class=\" wall-content\">Personnalisez votre actualit\u00e9 en ajoutant vos villes et m\u00e9dias en favori avec <a href=\"https:\/\/moncompte.actu.fr\" title=\"D\u00e9couvez Mon Actu\" rel=\"nofollow noopener\" data-trk=\"{&quot;cta&quot;:{&quot;action&quot;:&quot;https:\\\/\\\/moncompte.actu.fr&quot;,&quot;category&quot;:&quot;mon compte&quot;,&quot;from&quot;:&quot;article footer&quot;,&quot;name&quot;:&quot;Mon actu&quot;,&quot;type&quot;:&quot;cta&quot;}}\" target=\"_blank\">Mon Actu<\/a>.<\/p>\n","protected":false},"excerpt":{"rendered":"Par Nicolas Gosselin Publi\u00e9 le 19 oct. 2025 \u00e0 17h17 Apr\u00e8s un d\u00e9but de mois d\u2019octobre plac\u00e9 sous&hellip;\n","protected":false},"author":2,"featured_media":475074,"comment_status":"","ping_status":"","sticky":false,"template":"","format":"standard","meta":{"footnotes":""},"categories":[2817],"tags":[1111,11,1997,1777,674,1011,27,2487,2357,12,2219,4594,25],"class_list":{"0":"post-475073","1":"post","2":"type-post","3":"status-publish","4":"format-standard","5":"has-post-thumbnail","7":"category-bordeaux","8":"tag-actu","9":"tag-actualites","10":"tag-bordeaux","11":"tag-eu","12":"tag-europe","13":"tag-fr","14":"tag-france","15":"tag-meteo","16":"tag-meteo-france","17":"tag-news","18":"tag-nouvelle-aquitaine","19":"tag-orages","20":"tag-republique-francaise"},"share_on_mastodon":{"url":"https:\/\/pubeurope.com\/@fr\/115401637629044617","error":""},"_links":{"self":[{"href":"https:\/\/www.europesays.com\/fr\/wp-json\/wp\/v2\/posts\/475073","targetHints":{"allow":["GET"]}}],"collection":[{"href":"https:\/\/www.europesays.com\/fr\/wp-json\/wp\/v2\/posts"}],"about":[{"href":"https:\/\/www.europesays.com\/fr\/wp-json\/wp\/v2\/types\/post"}],"author":[{"embeddable":true,"href":"https:\/\/www.europesays.com\/fr\/wp-json\/wp\/v2\/users\/2"}],"replies":[{"embeddable":true,"href":"https:\/\/www.europesays.com\/fr\/wp-json\/wp\/v2\/comments?post=475073"}],"version-history":[{"count":0,"href":"https:\/\/www.europesays.com\/fr\/wp-json\/wp\/v2\/posts\/475073\/revisions"}],"wp:featuredmedia":[{"embeddable":true,"href":"https:\/\/www.europesays.com\/fr\/wp-json\/wp\/v2\/media\/475074"}],"wp:attachment":[{"href":"https:\/\/www.europesays.com\/fr\/wp-json\/wp\/v2\/media?parent=475073"}],"wp:term":[{"taxonomy":"category","embeddable":true,"href":"https:\/\/www.europesays.com\/fr\/wp-json\/wp\/v2\/categories?post=475073"},{"taxonomy":"post_tag","embeddable":true,"href":"https:\/\/www.europesays.com\/fr\/wp-json\/wp\/v2\/tags?post=475073"}],"curies":[{"name":"wp","href":"https:\/\/api.w.org\/{rel}","templated":true}]}}