{"id":475075,"date":"2025-10-19T15:53:27","date_gmt":"2025-10-19T15:53:27","guid":{"rendered":"https:\/\/www.europesays.com\/fr\/475075\/"},"modified":"2025-10-19T15:53:27","modified_gmt":"2025-10-19T15:53:27","slug":"5-expos-a-voir-en-famille-pendant-les-vacances-de-la-toussaint-a-paris-toulouse-et-bordeaux","status":"publish","type":"post","link":"https:\/\/www.europesays.com\/fr\/475075\/","title":{"rendered":"5 expos \u00e0 voir en famille pendant les vacances de la Toussaint \u00e0 Paris, Toulouse et Bordeaux"},"content":{"rendered":"<p>        <img decoding=\"async\" loading=\"lazy\" src=\"https:\/\/www.europesays.com\/fr\/wp-content\/uploads\/2025\/10\/ad9b09c_upload-1-kgrhzik8tuvx-baleine-ocean-bassins-0-jpg.jpeg\"  width=\"728\" height=\"409\" alt=\"Le show \u00ab Oc\u00e9an \u00bb est la nouvelle aventure immersive du Bassin des Lumi\u00e8res de Bordeaux.\"\/>  <\/p>\n<p>Culturespaces \/ Vincent Pinson<\/p>\n<p>Le show \u00ab Oc\u00e9an \u00bb est la nouvelle aventure immersive du Bassin des Lumi\u00e8res de Bordeaux.<\/p>\n<p class=\"asset asset-text\">CULTURE &#8211; Apr\u00e8s six semaines de travail et d\u2019\u00e9cole, place aux vacances, enfin. Halloween, chasse aux bonbons ou encore sorties champignons au menu. Mais si vous n\u2019\u00eates pas tr\u00e8s friands du temps <a href=\"https:\/\/www.huffingtonpost.fr\/life\/article\/a-l-automne-voici-les-fleurs-graines-fruits-et-legumes-a-planter-dans-votre-jardin-ou-sur-votre-balcon_255244.html\" rel=\"nofollow noopener\" target=\"_blank\">automnal<\/a> et que vous pr\u00e9f\u00e9rez rester bien au chaud, que diriez-vous de profiter de la chaleur des <a href=\"https:\/\/www.huffingtonpost.fr\/culture\/article\/la-greve-du-18-septembre-n-epargne-pas-la-tapisserie-de-bayeux-son-transfert-reporte-de-quelques-jours_254949.html\" rel=\"nofollow noopener\" target=\"_blank\">mus\u00e9es<\/a>\u00a0?<\/p>\n<p class=\"asset asset-text\">Peinture, histoire, science&#8230; Il s\u2019agit \u00e9galement d\u2019un bon moyen d\u2019occuper les <a href=\"https:\/\/www.huffingtonpost.fr\/life\/article\/cuisiner-maison-pour-les-bebes-est-une-bonne-idee-mais-il-y-a-quelques-regles-a-respecter_256024.html\" rel=\"nofollow noopener\" target=\"_blank\">enfants<\/a> le temps d\u2019une apr\u00e8s-midi pour leur faire d\u00e9couvrir le monde qui vous entoure. Pour vous, le HuffPost s\u00e9lectionn\u00e9 5\u00a0<a href=\"https:\/\/www.huffingtonpost.fr\/culture\/article\/a-paris-picasso-va-avoir-droit-a-son-jardin-d-exposition-gratuit_255374.html\" rel=\"nofollow noopener\" target=\"_blank\">expositions<\/a> \u00e0 voir en famille qui captiveront les jeunes et aux moins jeunes.<\/p>\n<p>       <strong>Magellan, un voyage qui changea le monde au Mus\u00e9e de la Marine<\/strong>         <img decoding=\"async\" loading=\"lazy\" src=\"https:\/\/www.europesays.com\/fr\/wp-content\/uploads\/2025\/10\/b458217_upload-1-huihrnezg27f-magellan.jpg\"  width=\"728\" height=\"409\" alt=\"\u00ab L\u2019exposition Magellan, un voyage qui changea le monde \u00bb raconte le premier tour du monde en mer de l\u2019Histoire.\"\/>  <\/p>\n<p>CAMERA LUCIDA PRODUCTIONS &#8211; ARTE France \u2013 MINIMAL FILMS \u2013 BELGICA FILMS \u2013 SERENA PRODUCTIONS &#8211; 2022<\/p>\n<p>\u00ab L\u2019exposition Magellan, un voyage qui changea le monde \u00bb raconte le premier tour du monde en mer de l\u2019Histoire.<\/p>\n<p class=\"asset asset-text\">Il y a 500\u00a0ans, le navigateur<strong> <\/strong>Fernand de Magellan se lance avec son \u00e9quipage dans une incroyable aventure, celle de rallier l\u2019\u00eele aux \u00c9pices par l\u2019ouest. Une \u00e9pop\u00e9e qui va durer trois ans qui aboutira au premier tour du monde en mer. Une odyss\u00e9e \u00e0 d\u00e9couvrir lors d\u2019un voyage immersif avec des projections g\u00e9antes, des d\u00e9cors \u00e9vocateurs et des r\u00e9cits incarn\u00e9s. L\u2019exposition est \u00e0 d\u00e9couvrir jusqu\u2019au 1\u1d49\u02b3 mars\u00a02026<strong>\u00a0<\/strong>au mus\u00e9e de la Marine, 17 place du Trocad\u00e9ro, 75116 Paris.<\/p>\n<p>    <strong>Isao Takahata \u00e0 la Maison de la culture du Japon<\/strong>         <img decoding=\"async\" loading=\"lazy\" src=\"https:\/\/www.europesays.com\/fr\/wp-content\/uploads\/2025\/10\/3f5a115_upload-1-qs9r0k0brpcs-kaguya.jpg\"  width=\"728\" height=\"410\" alt=\"\u00ab Le Conte de la princesse Kaguya \u00bb est l\u2019un des films les plus c\u00e9l\u00e8bres r\u00e9alis\u00e9s par le r\u00e9alisateur japonais Isao Takahata.\"\/>  <\/p>\n<p>Copyright Le Studio Ghibli<\/p>\n<p>\u00ab Le Conte de la princesse Kaguya \u00bb est l\u2019un des films les plus c\u00e9l\u00e8bres r\u00e9alis\u00e9s par le r\u00e9alisateur japonais Isao Takahata.<\/p>\n<p class=\"asset asset-text\">Si on conna\u00eet bien<strong> <\/strong>Hayao Miyazaki pour ses travaux sur les films d\u2019animation des studios Ghibli, on conna\u00eet moins son co-cr\u00e9ateur, le non moins talentueux Isao Takahata. Le r\u00e9alisateur du Tombeau des lucioles et du Conte de la princesse Kaguya est mis \u00e0 l\u2019honneur dans cette nouvelle exposition temporaire \u00e0 la Maison de la culture du Japon. \u00c0 travers un grand nombre de carnets, de storyboards ou encore des dessins originaux, red\u00e9couvrez l\u2019\u00e9norme travail du r\u00e9alisateur japonais qui a bouscul\u00e9 les codes de l\u2019animation. Accessible jusqu\u2019au 24\u00a0janvier\u00a02026\u00a0\u00e0 la Maison de la culture du Japon, au 101 bis Quai Jacques Chirac, 75015 Paris.<\/p>\n<p>                     <strong>Domestique-moi si tu peux\u00a0! au Museum de Toulouse<\/strong>         <img decoding=\"async\" loading=\"lazy\" src=\"https:\/\/www.europesays.com\/fr\/wp-content\/uploads\/2025\/10\/31d32f3_upload-1-63ftdzlsh21q-domestique-2560x1067-2048x854.jpg\"  width=\"728\" height=\"410\" alt=\"La nouvelle exposition du Museum de Toulouse raconte comment l\u2019Homme a domestiqu\u00e9 ce qui l\u2019entoure.\"\/>  <\/p>\n<p>Toulouse Mairie &#8211; M\u00e9tropole \/ Museum de Toulouse<\/p>\n<p>La nouvelle exposition du Museum de Toulouse raconte comment l\u2019Homme a domestiqu\u00e9 ce qui l\u2019entoure.<\/p>\n<p class=\"asset asset-text\">Des c\u00e9r\u00e9ales que l\u2019on consomme \u00e0 nos animaux de compagnie, l\u2019humain s\u2019est construit en domestiquant son milieu. Un ph\u00e9nom\u00e8ne qui existe depuis que l\u2019esp\u00e8ce humaine occupe la plan\u00e8te Terre. La nouvelle exposition Domestique-moi si tu peux\u00a0! au Museum de Toulouse<strong> <\/strong>explore ce qu\u2019est la domestication. De quoi \u00e9veiller la curiosit\u00e9 de tous, des plus jeunes aux plus grands, et de comprendre pourquoi promener son chien est devenu commun apr\u00e8s 5000\u00a0ans d\u2019histoire. L\u2019exposition Domestique-moi si tu peux\u00a0! est \u00e0 d\u00e9couvrir au Museum de Toulouse jusqu\u2019au 5\u00a0juillet\u00a02026.<\/p>\n<p>    <strong>Oc\u00e9an au Bassin des Lumi\u00e8res de Bordeaux<\/strong>         <img decoding=\"async\" loading=\"lazy\" src=\"https:\/\/www.europesays.com\/fr\/wp-content\/uploads\/2025\/10\/b38c090_upload-1-7fsbimtb4wsj-phoque-ocean-bassins-2-jpg.jpeg\"  width=\"728\" height=\"409\" alt=\"Le Bassin des Lumi\u00e8res revient avec une nouvelle exposition qui se concentre sur les fonds marins.\"\/>  <\/p>\n<p>Culturespaces \/ Vincent Pinson<\/p>\n<p>Le Bassin des Lumi\u00e8res revient avec une nouvelle exposition qui se concentre sur les fonds marins.<\/p>\n<p class=\"asset asset-text\">Que se passe-t-il sous la surface au c\u0153ur des oc\u00e9ans\u00a0? La nouvelle exposition immersive Oc\u00e9an<strong> <\/strong>au Bassin des Lumi\u00e8res plonge (c\u2019est le cas de le dire) dans les profondeurs pour montrer la vie des fonds marins. Des bancs de requins \u00e0 l\u2019apparition de la baleine bleue, ce nouveau show sur \u00e9crans g\u00e9ants \u00e0 360\u00a0\u00b0 emm\u00e8ne les spectateurs dans un voyage sous-marin \u00e0 d\u00e9couvrir en famille. Un moyen de s\u2019\u00e9merveiller mais \u00e9galement de prendre conscience de l\u2019importance de la biodiversit\u00e9 dans ces espaces menac\u00e9s. \u00c0 d\u00e9couvrir au Bassin des Lumi\u00e8res de Bordeaux d\u00e8s le 18\u00a0octobre.<\/p>\n<p>    <strong>Flops\u00a0?\u00a0! Oser, rater, innover\u00a0au Mus\u00e9e des Arts et M\u00e9tiers<\/strong>         <img decoding=\"async\" loading=\"lazy\" src=\"https:\/\/www.europesays.com\/fr\/wp-content\/uploads\/2025\/10\/64c8cc5_upload-1-8vomtmuriype-flops.jpeg\"  width=\"728\" height=\"418\" alt=\"Faire un \u00ab\u00a0flop\u00a0\u00bb est commun \u00e0 l\u2019occasion de la nouvelle exposition du mus\u00e9e des Arts et M\u00e9tiers.\"\/>  <\/p>\n<p>Copyright Mus\u00e9e des Arts et M\u00e9tiers-Cnam<\/p>\n<p>Faire un \u00ab\u00a0flop\u00a0\u00bb est commun \u00e0 l\u2019occasion de la nouvelle exposition du mus\u00e9e des Arts et M\u00e9tiers.<\/p>\n<p class=\"asset asset-text\">Pour ne plus avoir peur de l\u2019\u00e9chec, il faut rater. C\u2019est tout le th\u00e8me de cette nouvelle exposition temporaire \u00e0 d\u00e9couvrir au mus\u00e9e des Arts et M\u00e9tiers de Paris. \u00c0 travers un ensemble de \u00ab\u00a0fails\u00a0\u00bb \u00e9vidents, red\u00e9couvrez l\u2019\u00e9chec sous un nouvel angle et apprenez que c\u2019est l\u2019accumulation de loup\u00e9s qui peut enfin mener \u00e0 la r\u00e9ussite. Au d\u00e9tour d\u2019artistes sp\u00e9cialis\u00e9s dans le \u00ab\u00a0flop\u00a0\u00bb et d\u2019essais manqu\u00e9s, l\u2019exposition Flops\u00a0?\u00a0! Oser, rater, innover est \u00e0 d\u00e9couvrir au Mus\u00e9e des Arts et M\u00e9tiers au 60 Rue R\u00e9aumur, 75003 Paris jusqu\u2019au 17\u00a0mai\u00a02026.<\/p>\n","protected":false},"excerpt":{"rendered":"Culturespaces \/ Vincent Pinson Le show \u00ab Oc\u00e9an \u00bb est la nouvelle aventure immersive du Bassin des Lumi\u00e8res&hellip;\n","protected":false},"author":2,"featured_media":475076,"comment_status":"","ping_status":"","sticky":false,"template":"","format":"standard","meta":{"footnotes":""},"categories":[2817],"tags":[1111,11,1997,251,1777,674,3293,1011,27,3048,12,2219,25,2528],"class_list":{"0":"post-475075","1":"post","2":"type-post","3":"status-publish","4":"format-standard","5":"has-post-thumbnail","7":"category-bordeaux","8":"tag-actu","9":"tag-actualites","10":"tag-bordeaux","11":"tag-culture","12":"tag-eu","13":"tag-europe","14":"tag-exposition","15":"tag-fr","16":"tag-france","17":"tag-musee","18":"tag-news","19":"tag-nouvelle-aquitaine","20":"tag-republique-francaise","21":"tag-vacances"},"share_on_mastodon":{"url":"https:\/\/pubeurope.com\/@fr\/115401642241888864","error":""},"_links":{"self":[{"href":"https:\/\/www.europesays.com\/fr\/wp-json\/wp\/v2\/posts\/475075","targetHints":{"allow":["GET"]}}],"collection":[{"href":"https:\/\/www.europesays.com\/fr\/wp-json\/wp\/v2\/posts"}],"about":[{"href":"https:\/\/www.europesays.com\/fr\/wp-json\/wp\/v2\/types\/post"}],"author":[{"embeddable":true,"href":"https:\/\/www.europesays.com\/fr\/wp-json\/wp\/v2\/users\/2"}],"replies":[{"embeddable":true,"href":"https:\/\/www.europesays.com\/fr\/wp-json\/wp\/v2\/comments?post=475075"}],"version-history":[{"count":0,"href":"https:\/\/www.europesays.com\/fr\/wp-json\/wp\/v2\/posts\/475075\/revisions"}],"wp:featuredmedia":[{"embeddable":true,"href":"https:\/\/www.europesays.com\/fr\/wp-json\/wp\/v2\/media\/475076"}],"wp:attachment":[{"href":"https:\/\/www.europesays.com\/fr\/wp-json\/wp\/v2\/media?parent=475075"}],"wp:term":[{"taxonomy":"category","embeddable":true,"href":"https:\/\/www.europesays.com\/fr\/wp-json\/wp\/v2\/categories?post=475075"},{"taxonomy":"post_tag","embeddable":true,"href":"https:\/\/www.europesays.com\/fr\/wp-json\/wp\/v2\/tags?post=475075"}],"curies":[{"name":"wp","href":"https:\/\/api.w.org\/{rel}","templated":true}]}}