{"id":475085,"date":"2025-10-19T15:58:15","date_gmt":"2025-10-19T15:58:15","guid":{"rendered":"https:\/\/www.europesays.com\/fr\/475085\/"},"modified":"2025-10-19T15:58:15","modified_gmt":"2025-10-19T15:58:15","slug":"robert-guediguian-tourne-son-25e-film-une-femme-daujourdhui-au-chateau-dif-a-marseille","status":"publish","type":"post","link":"https:\/\/www.europesays.com\/fr\/475085\/","title":{"rendered":"Robert Gu\u00e9diguian tourne son 25e film, \u00ab\u00a0Une femme d\u2019aujourd\u2019hui\u00a0\u00bb, au ch\u00e2teau d\u2019If \u00e0 Marseille"},"content":{"rendered":"<p>Le lundi, c\u2019est jour de fermeture au ch\u00e2teau d\u2019If, le c\u00e9l\u00e8bre monument national au large de Marseille, popularis\u00e9 dans le monde entier par<a href=\"https:\/\/www.laprovence.com\/article\/region\/46410557417521\/le-comte-de-monte-cristo-un-atout-pour-marseille\" target=\"_blank\" rel=\"noopener\"> le Comte de Monte-Cristo<\/a>. C\u2019est donc lundi 13\u00a0octobre que les \u00e9quipes de <a href=\"https:\/\/www.laprovence.com\/article\/culture-loisirs\/2390259979383415\/le-marseillais-robert-guediguian-signe-son-dernier-long-metrage-la-pie-voleuse-un-conte-simple-et-humain\" target=\"_blank\" rel=\"noopener\">Robert Gu\u00e9diguian<\/a> y ont pos\u00e9 leur cam\u00e9ra. Sur le toit-terrasse, les touristes sont des figurants, sous un beau soleil automnal. Est-ce pour s\u2019en prot\u00e9ger ou par coquetterie ? Robert Gu\u00e9diguian porte un \u00e9l\u00e9gant chapeau de paille.<\/p>\n<p>Ferme, mais bienveillant, il dirige la sc\u00e8ne. \u00ab\u00a0Les minots, il faut qu\u2019ils passent \u00e0 droite de la cam\u00e9ra\u00a0\u00bb, lance-t-il av\u00e9 l\u2019accent \u00e0 la r\u00e9gisseuse. Ce jour-l\u00e0 pas l\u2019ombre d\u2019une <a href=\"https:\/\/www.laprovence.com\/article\/faits-divers-justice\/1576384376334215\/la-comedienne-marseillaise-ariane-ascaride-porte-plainte-apres-une-salve-de-lettres-anonymes-insultantes\" target=\"_blank\" rel=\"noopener\">Ariane Ascaride<\/a> ou d\u2019un <a href=\"https:\/\/www.laprovence.com\/article\/loisirs\/224799\/jean-pierre-darroussin-je-deviens-mechant.html\" target=\"_blank\" rel=\"noopener\">Jean-Pierre Darroussin<\/a>. S\u2019ils figurent bien au casting, c\u2019est la nouvelle g\u00e9n\u00e9ration qui tient les r\u00f4les principaux : Marilou Aussiloux et Gr\u00e9goire Leprince- Ringuet. Ils incarnent deux personnages de milieux professionnels tr\u00e8s diff\u00e9rents, la premi\u00e8re, Juliette, travaille dans la finance, le second, Christian, dans un foyer de femmes mineures enceintes. Dans cette sc\u00e8ne, ils fl\u00e2nent sur la terrasse du ch\u00e2teau d\u2019If, s\u2019assoient sur un banc. \u00a0\u00bb &#8211; Et toi je ne sais rien de toi\u00a0?, lui dit-il. Tu es toujours myst\u00e9rieuse. &#8211; Mes parents voulaient que je fasse de&#8230;<\/p>\n","protected":false},"excerpt":{"rendered":"Le lundi, c\u2019est jour de fermeture au ch\u00e2teau d\u2019If, le c\u00e9l\u00e8bre monument national au large de Marseille, popularis\u00e9&hellip;\n","protected":false},"author":2,"featured_media":475086,"comment_status":"","ping_status":"","sticky":false,"template":"","format":"standard","meta":{"footnotes":""},"categories":[2814],"tags":[17,54375,1111,11,251,1777,674,2081,1011,27,59843,884,12,882,25,13433,3711,12710,96],"class_list":{"0":"post-475085","1":"post","2":"type-post","3":"status-publish","4":"format-standard","5":"has-post-thumbnail","7":"category-marseille","8":"tag-17","9":"tag-25e","10":"tag-actu","11":"tag-actualites","12":"tag-culture","13":"tag-eu","14":"tag-europe","15":"tag-film","16":"tag-fr","17":"tag-france","18":"tag-guediguian","19":"tag-marseille","20":"tag-news","21":"tag-provence-alpes-cote-dazur","22":"tag-republique-francaise","23":"tag-robert","24":"tag-son","25":"tag-tourne","26":"tag-une"},"share_on_mastodon":{"url":"https:\/\/pubeurope.com\/@fr\/115401661136840867","error":""},"_links":{"self":[{"href":"https:\/\/www.europesays.com\/fr\/wp-json\/wp\/v2\/posts\/475085","targetHints":{"allow":["GET"]}}],"collection":[{"href":"https:\/\/www.europesays.com\/fr\/wp-json\/wp\/v2\/posts"}],"about":[{"href":"https:\/\/www.europesays.com\/fr\/wp-json\/wp\/v2\/types\/post"}],"author":[{"embeddable":true,"href":"https:\/\/www.europesays.com\/fr\/wp-json\/wp\/v2\/users\/2"}],"replies":[{"embeddable":true,"href":"https:\/\/www.europesays.com\/fr\/wp-json\/wp\/v2\/comments?post=475085"}],"version-history":[{"count":0,"href":"https:\/\/www.europesays.com\/fr\/wp-json\/wp\/v2\/posts\/475085\/revisions"}],"wp:featuredmedia":[{"embeddable":true,"href":"https:\/\/www.europesays.com\/fr\/wp-json\/wp\/v2\/media\/475086"}],"wp:attachment":[{"href":"https:\/\/www.europesays.com\/fr\/wp-json\/wp\/v2\/media?parent=475085"}],"wp:term":[{"taxonomy":"category","embeddable":true,"href":"https:\/\/www.europesays.com\/fr\/wp-json\/wp\/v2\/categories?post=475085"},{"taxonomy":"post_tag","embeddable":true,"href":"https:\/\/www.europesays.com\/fr\/wp-json\/wp\/v2\/tags?post=475085"}],"curies":[{"name":"wp","href":"https:\/\/api.w.org\/{rel}","templated":true}]}}