{"id":475091,"date":"2025-10-19T16:01:20","date_gmt":"2025-10-19T16:01:20","guid":{"rendered":"https:\/\/www.europesays.com\/fr\/475091\/"},"modified":"2025-10-19T16:01:20","modified_gmt":"2025-10-19T16:01:20","slug":"lyon-lexclusion-inedite-de-paul-akouokou-prete-par-lol-a-saragosse","status":"publish","type":"post","link":"https:\/\/www.europesays.com\/fr\/475091\/","title":{"rendered":"Lyon. L\u2019exclusion in\u00e9dite de Paul Akouokou, pr\u00eat\u00e9 par l\u2019OL \u00e0 Saragosse"},"content":{"rendered":"<p>C\u2019est sans doute une premi\u00e8re mondiale dont s\u2019est rendu l\u2019auteur Paul Akouokou, le milieu de terrain pr\u00eat\u00e9 par l\u2019OL fin ao\u00fbt \u00e0 Saragosse.<\/p>\n<p>Lors de la r\u00e9ception samedi de Cultural Leonesa en D2 espagnole, alors que son \u00e9quipe \u00e9tait men\u00e9e 2-0 et d\u00e9j\u00e0 r\u00e9duite \u00e0 dix, le joueur de 27 ans a donn\u00e9 un coup de poing dans l\u2019\u00e9cran de v\u00e9rification du syst\u00e8me VAR, plac\u00e9 au bord du terrain. Cass\u00e9, ce dernier \u00e9tait inutilisable et l\u2019arbitre a d\u00e9cid\u00e9 en cons\u00e9quence d\u2019exclure Akouokou.<\/p>\n<p>  \u00abJ\u2019ai perdu le contr\u00f4le\u00bb<\/p>\n<p>Ce dimanche, ce dernier a pr\u00e9sent\u00e9 ses excuses sur son compte Instagram\u00a0: \u00ab\u00a0Je sais que j\u2019ai d\u00e9\u00e7u beaucoup de gens hier. Ce geste n\u2019\u00e9tait pas n\u00e9cessaire. J\u2019ai voulu tout donner mais j\u2019ai perdu le contr\u00f4le en frappant la VAR.\u00a0\u00bb<\/p>\n<p>Cela a contribu\u00e9 \u00e0 faire totalement plonger le Real Saragosse, finalement battu 5-0 sur ses terres et lanterne rouge de Liga Adelante \u00e0 trois longueurs du premier non-rel\u00e9gable apr\u00e8s dix journ\u00e9es.<\/p>\n","protected":false},"excerpt":{"rendered":"C\u2019est sans doute une premi\u00e8re mondiale dont s\u2019est rendu l\u2019auteur Paul Akouokou, le milieu de terrain pr\u00eat\u00e9 par&hellip;\n","protected":false},"author":2,"featured_media":475092,"comment_status":"","ping_status":"","sticky":false,"template":"","format":"standard","meta":{"footnotes":""},"categories":[1889],"tags":[1111,11,2430,2757,1777,674,63,1011,27,2428,2756,12,2755,25,2429,517],"class_list":{"0":"post-475091","1":"post","2":"type-post","3":"status-publish","4":"format-standard","5":"has-post-thumbnail","7":"category-lyon","8":"tag-actu","9":"tag-actualites","10":"tag-auvergne-rhone-alpes","11":"tag-edition-lyon-villeurbanne","12":"tag-eu","13":"tag-europe","14":"tag-football","15":"tag-fr","16":"tag-france","17":"tag-lyon","18":"tag-lyon-bassin","19":"tag-news","20":"tag-ol-olympique-lyonnais-football","21":"tag-republique-francaise","22":"tag-rhone","23":"tag-sport"},"share_on_mastodon":{"url":"https:\/\/pubeurope.com\/@fr\/115401672941500062","error":""},"_links":{"self":[{"href":"https:\/\/www.europesays.com\/fr\/wp-json\/wp\/v2\/posts\/475091","targetHints":{"allow":["GET"]}}],"collection":[{"href":"https:\/\/www.europesays.com\/fr\/wp-json\/wp\/v2\/posts"}],"about":[{"href":"https:\/\/www.europesays.com\/fr\/wp-json\/wp\/v2\/types\/post"}],"author":[{"embeddable":true,"href":"https:\/\/www.europesays.com\/fr\/wp-json\/wp\/v2\/users\/2"}],"replies":[{"embeddable":true,"href":"https:\/\/www.europesays.com\/fr\/wp-json\/wp\/v2\/comments?post=475091"}],"version-history":[{"count":0,"href":"https:\/\/www.europesays.com\/fr\/wp-json\/wp\/v2\/posts\/475091\/revisions"}],"wp:featuredmedia":[{"embeddable":true,"href":"https:\/\/www.europesays.com\/fr\/wp-json\/wp\/v2\/media\/475092"}],"wp:attachment":[{"href":"https:\/\/www.europesays.com\/fr\/wp-json\/wp\/v2\/media?parent=475091"}],"wp:term":[{"taxonomy":"category","embeddable":true,"href":"https:\/\/www.europesays.com\/fr\/wp-json\/wp\/v2\/categories?post=475091"},{"taxonomy":"post_tag","embeddable":true,"href":"https:\/\/www.europesays.com\/fr\/wp-json\/wp\/v2\/tags?post=475091"}],"curies":[{"name":"wp","href":"https:\/\/api.w.org\/{rel}","templated":true}]}}