{"id":475093,"date":"2025-10-19T16:02:10","date_gmt":"2025-10-19T16:02:10","guid":{"rendered":"https:\/\/www.europesays.com\/fr\/475093\/"},"modified":"2025-10-19T16:02:10","modified_gmt":"2025-10-19T16:02:10","slug":"ratp-et-sncf-les-perturbations-attendues-dans-les-transports-a-paris-et-en-ile-de-france-cette-semaine-22","status":"publish","type":"post","link":"https:\/\/www.europesays.com\/fr\/475093\/","title":{"rendered":"RATP et SNCF. Les perturbations attendues dans les transports \u00e0 Paris et en \u00cele-de-France cette semaine"},"content":{"rendered":"<p>            Par<br \/>\n        <strong><br \/>\n            <a href=\"https:\/\/actu.fr\/auteur\/glenn-gillet\" title=\"Consulter tous les articles de Glenn Gillet\" target=\"_blank\" rel=\"noopener\">Glenn Gillet<\/a><br \/>\n        <\/strong><\/p>\n<p>        Publi\u00e9 le<\/p>\n<p>            19 oct. 2025 \u00e0 17h16        <\/p>\n<p>Des perturbations li\u00e9es en grande majorit\u00e9 \u00e0 des <strong>travaux<\/strong>. Les <a href=\"https:\/\/actu.fr\/tag\/transport\" target=\"_blank\" rel=\"noopener\">transports<\/a> \u00e0 Paris et en \u00cele-de-France conna\u00eetront comme d\u2019habitudes leurs lots <strong>d\u2019irr\u00e9gularit\u00e9s<\/strong> dans les dessertes. RER, m\u00e9tro, Transilien\u2026 Voici ce qui vous attend du lundi\u00a020 au dimanche 26\u00a0octobre 2025 dans les lignes <a href=\"https:\/\/actu.fr\/tag\/ile-de-france-mobilites\" target=\"_blank\" rel=\"noopener\">SNCF<\/a> et <a href=\"https:\/\/actu.fr\/tag\/ratp\" target=\"_blank\" rel=\"noopener\">RATP<\/a>.<\/p>\n<p>M\u00e9tro<\/p>\n<p class=\" wall-content\"><strong>Ligne 6<\/strong>\u2009: du 20 au 30\u00a0octobre, le trafic sera interrompu entre Place d\u2019Italie et La Motte-Picquet \u2013 Grenelle en raison de travaux de modernisation. Des bus de remplacement sont mis en place.<\/p>\n<p class=\" wall-content\"><strong>Ligne 14<\/strong>\u2009: le 26\u00a0octobre jusqu\u2019\u00e0 10h, le trafic sera interrompu sur toute la ligne en raison de travaux de modernisation. Des bus de remplacement seront mis en place entre Gare de Lyon et Olympiades.<\/p>\n<p>RER<\/p>\n<p class=\" wall-content\"><strong>RER A<\/strong>\u2009: du 20\u00a0octobre au 30\u00a0octobre, du lundi au vendredi d\u00e8s 22h, le trafic sera interrompu entre Nanterre-Pr\u00e9fecture et Cergy Le-Haut\/Poissy en raison de travaux.<\/p>\n<p class=\" wall-content\"><strong>RER B<\/strong>\u2009: jusqu\u2019au 10\u00a0novembre, du lundi au vendredi d\u00e8s 22h45, le trafic est interrompu entre\u200b\u200b\u200b\u200b Ch\u00e2telet \u2013 Les Halles et Mitry \u2013 Claye\/A\u00e9roport CDG 2 en raison de travaux de maintenance.<\/p>\n<p class=\" wall-content\"><strong>RER C<\/strong>\u2009: samedi\u00a025 et dimanche 26\u00a0octobre, le trafic est interrompu d\u00e8s 23h45 entre Juvisy et Paris Austerlitz. Par ailleurs, ce m\u00eame week-end, le trafic des trains \u00e0 destination de Dourdan et Etampes est interrompu progressivement \u00e0 partir de 23h45 le samedi et 22h le dimanche. Du lundi\u00a020 au vendredi 24\u00a0octobre, la gare de Dourdan La For\u00eat n\u2019est pas desservie. Du samedi\u00a025 au dimanche 26\u00a0octobre, les trains sont directs de Choisy le Roi \u00e0 Juvisy et les gares de Villeneuve-le-Roi, Ablon et Athis-Mons ne sont pas desservies par les trains \u00e0 destination de Juvisy. Le trafic est aussi interrompu \u00e0 partir de 23h45 de Saint-Quentin en Yvelines vers Javel du mercredi 01 au vendredi 31\u00a0octobre sauf les samedis et dimanches, ainsi qu\u2019entre Javel et Versailles Ch\u00e2teau Rive Gauche, \u00e9galement en soir\u00e9e, avec une dernier train au d\u00e9part de Versailles ch\u00e2teau Rive Gauche pour Javel \u00e0 22h25. A partir de 23h jusqu\u2019en fin de soir\u00e9e du 1er au 31\u00a0octobre (sauf les samedis et dimanches), le trafic est interrompu entre Paris Austerlitz et Pont de Rungis. Enfin, jusqu\u2019au 11\u00a0janvier, l\u2019arr\u00eat Issy n\u2019est pas desservi vers Versailles Ch\u00e2teau Rive Gauche et Saint-Quentin en Yvelines \u2013 Montigny-le-Bretonneux en raison de travaux.<\/p>\n<p class=\" wall-content\"><strong>RER D<\/strong>\u2009: du 20\u00a0octobre au 28\u00a0novembre (sauf les jours f\u00e9ri\u00e9s\u00e0), le trafic est interrompu entre Paris Gare de Lyon et Paris Gare du Nord. Jusqu\u2019au 28\u00a0novembre, le trafic est interrompu entre Paris Gare du Nord et Creil \u00e0 partir de 21h00 et les trains sont origine et terminus Goussainville. Jusqu\u2019au 31\u00a0octobre, du lundi au vendredi d\u00e8s 22h30, les arr\u00eats ne sont pas desservis \u00e0 Maisons-Alfort \u2013 Alfortville, Le Vert de Maisons, Cr\u00e9teil Pompadour et Villeneuve Triage. Le samedi\u00a025 et le dimanche 26\u00a0octobre, le trafic est interrompu entre Paris Gare de Lyon et Villeneuve Saint-Georges de 22h25 \u00e0 5h25.<\/p>\n<p class=\" wall-content\"><strong>RER E<\/strong>\u2009: jusqu\u2019au 31\u00a0octobre, du lundi au vendredi d\u00e8s 22h45, le trafic est interrompu entre Nanterre-La-Folie et Chelles \u2013 Gournay. Des bus de remplacement sont mis en place. Par ailleurs, toujours jusqu\u2019au 31\u00a0octobre, e trafic est interrompu entre Nanterre-La-Folie et Villiers-sur-Marne et entre Nanterre-la-Folie et Tournan \u00e0 partir de 22h25.<\/p>\n<p>Votre r\u00e9gion, votre actu !<\/p>\n<p>Recevez chaque jour les infos qui comptent pour vous.<\/p>\n<p>\t<a href=\"https:\/\/actu.fr\/newsletter\" class=\"ac-btn ac-btn--corner ac-btn--medium ac-btn--blue800\" target=\"_blank\" rel=\"noopener\">S&rsquo;incrire<\/a><br \/>\nTransilien<\/p>\n<p class=\" wall-content\"><strong>Ligne H<\/strong>\u2009: les week-ends jusqu\u2019au dimanche 7\u00a0d\u00e9cembre, le trafic est interrompu de 22h50 \u00e0 08h50 entre Gare du Nord et Ermont \u2013 Eaubonne. Des bus de remplacement sont mis en place.<\/p>\n<p class=\" wall-content\"><strong>Ligne J<\/strong>\u2009: jusqu\u2019au 24\u00a0octobre, du lundi au vendredi de 10h \u00e0 16h, le trafic est interrompu entre Gisors et Pontoise vers Gisors et Gare Saint-Lazare. Jusqu\u2019au jeudi 30\u00a0octobre (hors week-end), le trafic est interrompu \u00e0 partir de 21h entre Argenteuil et Pontoise\/Mantes-la-Jolie via Conflans-Sainte-Honorine. Jusqu\u2019au 31\u00a0octobre, le dernier ou les deux derniers trains pourront par ailleurs \u00eatre supprim\u00e9s.<\/p>\n<p class=\" wall-content\"><strong>Ligne K<\/strong>\u2009: en soir\u00e9e de semaine et jusqu\u2019au samedi matin, jusqu\u2019au samedi 20\u00a0d\u00e9cembre, le trafic est interrompu entre Gare du Nord et Cr\u00e9py-en-Valois. Le dernier train vers Cr\u00e9py-en-Valois par \u00e0 20h13.<\/p>\n<p class=\" wall-content\"><strong>Ligne L<\/strong>\u2009: jusqu\u2019a vendredi 7\u00a0novembre, le trafic est interrompu \u00e0 partir de 21h45 entre Paris Saint-Lazare et La D\u00e9fense. Le week-end des 25-26\u00a0octobre, le trafic est interrompu entre B\u00e9con les Bruy\u00e8res et Maisons-Laffitte. Du lundi\u00a020 au vendredi 24\u00a0octobre, le trafic est interrompu \u00e0 partir de 21h50 entre Sartrouville et Maisons-Laffitte et les trains qui circulent entre Paris Saint-Lazare et Sartrouville ne marquent pas l\u2019arr\u00eat \u00e0 Nanterre Universit\u00e9.<\/p>\n<p class=\" wall-content\"><strong>Ligne N<\/strong>\u2009: jusqu\u2019au vendredi 24\u00a0octobre, le trafic est interrompu \u00e0 partir de 22h entre Paris Montparnasse et Plaisir \u2013 Grignon, \u00e0\u00a0partir de 21h30 entre Paris Montparnasse et Dreux, \u00e0 partir de 21h entre Paris Montparnasse vers Mantes-la-Jolie. Le 25\u00a0octobre, le trafic est interrompu entre Paris Montparnasse et Versailles Chantiers.<\/p>\n<p class=\" wall-content\"><strong>Ligne P<\/strong>\u2009: samedi 25\u00a0octobre, le trafic interrompu entre Paris Est et Meaux \u00e0 partir de 22h50. En semaine \u00e0 partir de 22h20, jusqu\u2019au vendredi 31\u00a0octobre, le trafic est interrompu entre Paris Est et Meaux et jusqu\u2019au vendredi 19\u00a0d\u00e9cembre, lee trafic est interrompu entre Paris Est et Coulommiers. D\u2019autres perturbations sont notables en soir\u00e9e.<\/p>\n<p class=\" wall-content\"><strong>Ligne R<\/strong>\u2009: jusqu\u2019au 24\u00a0octobre, le trafic est interrompu entre Melun et Montereau via H\u00e9ricy en semaine de 10h26 \u00e0 15h30. Samedi\u00a025 et dimanche 26\u00a0octobre, le trafic est interrompu entre Melun et Montereau via Moret Veneux les Sablons et entre Melun et Montargis.<\/p>\n<p class=\" wall-content\"><strong>Ligne U<\/strong>\u2009: jusqu\u2019en vendredi 31\u00a0octobre, \u00e0 partir de 22h20, le trafic est interrompu entre La Verri\u00e8re et La D\u00e9fense.<\/p>\n<p>Tramways<\/p>\n<p class=\" wall-content\"><strong>T1<\/strong>\u2009: le trafic est interrompu entre Asni\u00e8res \u2013 Quatre Routes et Gare de Saint-Denis et perturb\u00e9 sur le reste de la ligne en raison d\u2019une d\u00e9gradation par un tiers \u00e0 L\u2019\u00cele-Saint-Denis. Pas de reprise pr\u00e9vue jusqu\u2019\u00e0 nouvel ordre. Dans la nuit du jeudi\u00a015 au vendredi 16\u00a0mai, un bateau a percut\u00e9 le pont reliant Saint-Denis \u00e0 l\u2019Ile-Saint-Denis et l\u2019ouvrage est depuis ferm\u00e9 par mesure de pr\u00e9caution.<\/p>\n<p class=\" wall-content\"><strong>T2<\/strong>\u2009: jusqu\u2019\u00e0 fin f\u00e9vrier\u00a02026, le trafic est interrompu\u00a0entre\u00a0Porte de Versailles\u00a0et\u00a0Suzanne Lenglen\u00a0en raison d\u2019importants travaux de modernisation.<\/p>\n<p class=\" wall-content\"><strong>T11<\/strong>\u2009: jusqu\u2019au vendredi 24\u00a0octobre, le trafic est interrompu sur l\u2019ensemble de la ligne \u00e0 partir de 22h.<\/p>\n<p class=\" wall-content\"><strong>T12<\/strong>\u2009: du 24\u00a0octobre \u00e0 2h0 au 25\u00a0octobre \u00e0 11h, le trafic sera interrompu sur toute la ligne en raison de travaux.<\/p>\n<p class=\" wall-content\">Personnalisez votre actualit\u00e9 en ajoutant vos villes et m\u00e9dias en favori avec <a href=\"https:\/\/moncompte.actu.fr\" title=\"D\u00e9couvez Mon Actu\" rel=\"nofollow noopener\" data-trk=\"{&quot;cta&quot;:{&quot;action&quot;:&quot;https:\\\/\\\/moncompte.actu.fr&quot;,&quot;category&quot;:&quot;mon compte&quot;,&quot;from&quot;:&quot;article footer&quot;,&quot;name&quot;:&quot;Mon actu&quot;,&quot;type&quot;:&quot;cta&quot;}}\" target=\"_blank\">Mon Actu<\/a>.<\/p>\n","protected":false},"excerpt":{"rendered":"Par Glenn Gillet Publi\u00e9 le 19 oct. 2025 \u00e0 17h16 Des perturbations li\u00e9es en grande majorit\u00e9 \u00e0 des&hellip;\n","protected":false},"author":2,"featured_media":475094,"comment_status":"","ping_status":"","sticky":false,"template":"","format":"standard","meta":{"footnotes":""},"categories":[1592],"tags":[1111,11,1777,674,1011,27,662,10883,12,626,625,25,104,2803],"class_list":{"0":"post-475093","1":"post","2":"type-post","3":"status-publish","4":"format-standard","5":"has-post-thumbnail","7":"category-ile-de-france","8":"tag-actu","9":"tag-actualites","10":"tag-eu","11":"tag-europe","12":"tag-fr","13":"tag-france","14":"tag-ile-de-france","15":"tag-ile-de-france-mobilites","16":"tag-news","17":"tag-paris","18":"tag-ratp","19":"tag-republique-francaise","20":"tag-societe","21":"tag-transport"},"share_on_mastodon":{"url":"https:\/\/pubeurope.com\/@fr\/115401676863615012","error":""},"_links":{"self":[{"href":"https:\/\/www.europesays.com\/fr\/wp-json\/wp\/v2\/posts\/475093","targetHints":{"allow":["GET"]}}],"collection":[{"href":"https:\/\/www.europesays.com\/fr\/wp-json\/wp\/v2\/posts"}],"about":[{"href":"https:\/\/www.europesays.com\/fr\/wp-json\/wp\/v2\/types\/post"}],"author":[{"embeddable":true,"href":"https:\/\/www.europesays.com\/fr\/wp-json\/wp\/v2\/users\/2"}],"replies":[{"embeddable":true,"href":"https:\/\/www.europesays.com\/fr\/wp-json\/wp\/v2\/comments?post=475093"}],"version-history":[{"count":0,"href":"https:\/\/www.europesays.com\/fr\/wp-json\/wp\/v2\/posts\/475093\/revisions"}],"wp:featuredmedia":[{"embeddable":true,"href":"https:\/\/www.europesays.com\/fr\/wp-json\/wp\/v2\/media\/475094"}],"wp:attachment":[{"href":"https:\/\/www.europesays.com\/fr\/wp-json\/wp\/v2\/media?parent=475093"}],"wp:term":[{"taxonomy":"category","embeddable":true,"href":"https:\/\/www.europesays.com\/fr\/wp-json\/wp\/v2\/categories?post=475093"},{"taxonomy":"post_tag","embeddable":true,"href":"https:\/\/www.europesays.com\/fr\/wp-json\/wp\/v2\/tags?post=475093"}],"curies":[{"name":"wp","href":"https:\/\/api.w.org\/{rel}","templated":true}]}}