{"id":475095,"date":"2025-10-19T16:03:10","date_gmt":"2025-10-19T16:03:10","guid":{"rendered":"https:\/\/www.europesays.com\/fr\/475095\/"},"modified":"2025-10-19T16:03:10","modified_gmt":"2025-10-19T16:03:10","slug":"meteo-france-annonce-des-orages-a-paris-et-en-ile-de-france-une-vigilance-inattendue-declenchee","status":"publish","type":"post","link":"https:\/\/www.europesays.com\/fr\/475095\/","title":{"rendered":"M\u00e9t\u00e9o France annonce des orages \u00e0 Paris et en \u00cele-de-France : une vigilance inattendue d\u00e9clench\u00e9e"},"content":{"rendered":"<p>            Par<br \/>\n        <strong><br \/>\n            <a href=\"https:\/\/actu.fr\/auteur\/redaction-paris\" title=\"Consulter tous les articles de R\u00e9daction Paris\" target=\"_blank\" rel=\"noopener\">R\u00e9daction Paris<\/a><br \/>\n        <\/strong><\/p>\n<p>        Publi\u00e9 le<\/p>\n<p>            19 oct. 2025 \u00e0 17h44        <\/p>\n<p>Si la d\u00e9gradation de la <a href=\"https:\/\/actu.fr\/paris\/meteo\" target=\"_blank\" rel=\"noopener\">m\u00e9t\u00e9o \u00e0 Paris<\/a> et dans l\u2019ensemble de l\u2019\u00cele-de-France \u00e9tait annonc\u00e9e \u00e0 partir de ce dimanche 19 octobre, la perspective de devoir subir des <strong>averses orageuses<\/strong> ne semblait pas au programme. Pourtant, <a href=\"https:\/\/actu.fr\/tag\/meteo-france\" target=\"_blank\" rel=\"noopener\">M\u00e9t\u00e9o France<\/a> vient de placer l\u2019ensemble de la r\u00e9gion en vigilance jaune aux <a href=\"https:\/\/actu.fr\/tag\/orages\" target=\"_blank\" rel=\"noopener\">orages<\/a> lundi 20 octobre.\u00a0<\/p>\n<p>Les pr\u00e9visions de M\u00e9t\u00e9o France pour la premi\u00e8re semaine des vacances<\/p>\n<p class=\" wall-content\">La premi\u00e8re semaine des vacances scolaires s\u2019annonce <a href=\"https:\/\/actu.fr\/ile-de-france\/paris_75056\/un-arrosage-copieux-a-paris-et-en-ile-de-france-la-pluie-va-chambouler-la-meteo-et-evacuer-le-soleil_63313257.html\" target=\"_blank\" rel=\"noopener\">assez pluvieuse<\/a> sur le pays. D\u00e8s aujourd\u2019hui, le ton \u00e9tait donn\u00e9 : un ciel tr\u00e8s nuageux dominant, avec petites pluies possibles en fin d\u2019apr\u00e8s-midi (cumul pr\u00e9vu autour de 1 mm). De nouvelles pluies (\u2248 1 mm) sont attendues vers 20 h \u00e0 Paris, avec une temp\u00e9rature qui retombe vers 14 \u00b0C. La nuit portera son lot de pluies faibles en premi\u00e8re partie, puis un ciel nuageux \u00e0 tr\u00e8s nuageux, pour un cumul attendu de 3 mm. Aux alentours de 2 h du matin, on attend encore 15 \u00b0C sous abri.<\/p>\n<p class=\" wall-content\">Lundi, l\u2019ambiance morose demeure : d\u00e8s le matin, le ciel sera charg\u00e9 et des pluies faibles sont possibles \u00e0 la mi-journ\u00e9e. Le thermom\u00e8tre affichera 14 \u00b0C vers 8 h, avec un vent de Sud-Sud-Ouest qui pourrait souffler en rafales jusqu\u2019\u00e0 55 km\/h. L\u2019apr\u00e8s-midi, des averses localement orageuses sont pr\u00e9vues, avec un cumul d\u2019environ 4 mm, et une temp\u00e9rature autour de 17 \u00b0C. Le vent de Sud-Ouest restera non n\u00e9gligeable, avec des rafales proches de 55 km\/h localement jusqu\u2019au d\u00e9but de soir\u00e9e.<\/p>\n<p class=\" wall-content\">Mardi joue la carte de la stabilisation relative : un ciel tr\u00e8s nuageux le matin, des temp\u00e9ratures minimales autour de 12 \u00b0C, un vent faible \u00e0 mod\u00e9r\u00e9 de Sud-Ouest. L\u2019apr\u00e8s-midi, le temps reste nuageux, mais avec des \u00e9claircies plus larges vers la tomb\u00e9e du jour, et un maximum pr\u00e9vu \u00e0 17 \u00b0C. Mercredi, le ciel conserve sa couverture : nuageux le matin (minima autour de 13 \u00b0C), et l\u2019apr\u00e8s-midi, le soleil sera souvent masqu\u00e9 par des nuages, pour des maximales encore proches de 17 \u00b0C.\u00a0<\/p>\n<p class=\" wall-content\">Ces pr\u00e9visions concernant Paris sont similaires \u00e0 celles propos\u00e9es par M\u00e9t\u00e9o France pour la r\u00e9gion \u00cele-de-France, o\u00f9 un temps souvent couvert et quelques ond\u00e9es sont \u00e9voqu\u00e9s.\u00a0<\/p>\n<p class=\" wall-content\">Personnalisez votre actualit\u00e9 en ajoutant vos villes et m\u00e9dias en favori avec <a href=\"https:\/\/moncompte.actu.fr\" title=\"D\u00e9couvez Mon Actu\" rel=\"nofollow noopener\" data-trk=\"{&quot;cta&quot;:{&quot;action&quot;:&quot;https:\\\/\\\/moncompte.actu.fr&quot;,&quot;category&quot;:&quot;mon compte&quot;,&quot;from&quot;:&quot;article footer&quot;,&quot;name&quot;:&quot;Mon actu&quot;,&quot;type&quot;:&quot;cta&quot;}}\" target=\"_blank\">Mon Actu<\/a>.<\/p>\n","protected":false},"excerpt":{"rendered":"Par R\u00e9daction Paris Publi\u00e9 le 19 oct. 2025 \u00e0 17h44 Si la d\u00e9gradation de la m\u00e9t\u00e9o \u00e0 Paris&hellip;\n","protected":false},"author":2,"featured_media":356723,"comment_status":"","ping_status":"","sticky":false,"template":"","format":"standard","meta":{"footnotes":""},"categories":[1592],"tags":[1111,11,1777,674,1011,27,662,2487,2357,12,4594,626,25],"class_list":{"0":"post-475095","1":"post","2":"type-post","3":"status-publish","4":"format-standard","5":"has-post-thumbnail","7":"category-ile-de-france","8":"tag-actu","9":"tag-actualites","10":"tag-eu","11":"tag-europe","12":"tag-fr","13":"tag-france","14":"tag-ile-de-france","15":"tag-meteo","16":"tag-meteo-france","17":"tag-news","18":"tag-orages","19":"tag-paris","20":"tag-republique-francaise"},"share_on_mastodon":{"url":"https:\/\/pubeurope.com\/@fr\/115401680731159970","error":""},"_links":{"self":[{"href":"https:\/\/www.europesays.com\/fr\/wp-json\/wp\/v2\/posts\/475095","targetHints":{"allow":["GET"]}}],"collection":[{"href":"https:\/\/www.europesays.com\/fr\/wp-json\/wp\/v2\/posts"}],"about":[{"href":"https:\/\/www.europesays.com\/fr\/wp-json\/wp\/v2\/types\/post"}],"author":[{"embeddable":true,"href":"https:\/\/www.europesays.com\/fr\/wp-json\/wp\/v2\/users\/2"}],"replies":[{"embeddable":true,"href":"https:\/\/www.europesays.com\/fr\/wp-json\/wp\/v2\/comments?post=475095"}],"version-history":[{"count":0,"href":"https:\/\/www.europesays.com\/fr\/wp-json\/wp\/v2\/posts\/475095\/revisions"}],"wp:featuredmedia":[{"embeddable":true,"href":"https:\/\/www.europesays.com\/fr\/wp-json\/wp\/v2\/media\/356723"}],"wp:attachment":[{"href":"https:\/\/www.europesays.com\/fr\/wp-json\/wp\/v2\/media?parent=475095"}],"wp:term":[{"taxonomy":"category","embeddable":true,"href":"https:\/\/www.europesays.com\/fr\/wp-json\/wp\/v2\/categories?post=475095"},{"taxonomy":"post_tag","embeddable":true,"href":"https:\/\/www.europesays.com\/fr\/wp-json\/wp\/v2\/tags?post=475095"}],"curies":[{"name":"wp","href":"https:\/\/api.w.org\/{rel}","templated":true}]}}