{"id":475106,"date":"2025-10-19T16:09:12","date_gmt":"2025-10-19T16:09:12","guid":{"rendered":"https:\/\/www.europesays.com\/fr\/475106\/"},"modified":"2025-10-19T16:09:12","modified_gmt":"2025-10-19T16:09:12","slug":"sept-lecteurs-dialoguent-sur-les-rares-espoirs-de-paix-en-ukraine","status":"publish","type":"post","link":"https:\/\/www.europesays.com\/fr\/475106\/","title":{"rendered":"Sept lecteurs dialoguent sur les rares espoirs de paix en Ukraine"},"content":{"rendered":"<p><strong>Yves Pacquier, de Fondettes (Indre-et-Loire)\u00a0:<\/strong> \u00ab\u00a0Nos dirigeants ne cessent de m\u2019\u00e9tonner par leur grande na\u00efvet\u00e9 face au redoutable tacticien qu\u2019est Poutine. <a title=\"Conf de presse Macron-Zelensky (Le Figaro)\" target=\"_blank\" href=\"https:\/\/video.lefigaro.fr\/figaro\/international\/nous-sommes-prets-pour-ces-garanties-de-securite-souligne-emmanuel-macron-20250903\" rel=\"noopener\">Emmanuel Macron dit \u201c\u00a0nous sommes pr\u00eats\u00a0\u201d<\/a>, mais \u00e0 quoi\u00a0? La guerre durera-t-elle encore tout l\u2019hiver prochain\u00a0? Le peuple ukrainien peut ne pas supporter encore un hiver sans chauffage, des bombardements incessants, et exiger le d\u00e9part de Zelinsky\u00a0!<\/p>\n<p>\u00ab\u00a0On conna\u00eet depuis longtemps les exigences de Poutine, et il ne c\u00e9dera sur rien. Il se comportera comme Staline \u00e0 Yalta et m\u00e8nera le jeu sans les Europ\u00e9ens. Et surtout, il ne veut pas de soldats occidentaux sur le sol ukrainien, pour garantir la paix. Poutine ne veut pas se trouver face \u00e0 l\u2019Otan\u00a0!\u00a0\u00bb<\/p>\n<p>\u00ab\u00a0Les \u00e9conomies des pays d\u00e9mocratiques ne comprennent pas assez l\u2019urgence de faire face\u00a0\u00bb<\/p>\n<p>\u00ab\u00a0Pr\u00e9parons nos pays occidentaux, en les armant, en relan\u00e7ant un service militaire pour cr\u00e9er une vraie r\u00e9serve, et non pas des stages pour les 16-25\u00a0ans pour apprendre \u00e0 tirer au laser\u00a0!\u00a0\u00bb<\/p>\n<p>Chypre, confetti oubli\u00e9<\/p>\n<p><strong>Genevi\u00e8ve Vinatier-Marquois, d\u2019Aiffres (Deux-S\u00e8vres)\u00a0:<\/strong> \u00ab\u00a0Quand l\u2019Europe affirme ses ambitions, elle communique plus qu\u2019elle n\u2019agit. Qui se souvient de <a title=\"Le 15 juillet 1974 (Les yeux du monde)\" target=\"_blank\" href=\"https:\/\/les-yeux-du-monde.fr\/evenements\/1973-2000\/26688-15-juillet-1974-le-jour-ou-chypre-etait-coupee-en-deux\/\" rel=\"noopener\">Chypre, ce confetti envahi en 1974<\/a>, au m\u00e9pris de toutes les conventions internationales sans consid\u00e9ration pour les populations qui y vivaient dans la s\u00e9r\u00e9nit\u00e9\u00a0? Elles n\u2019ont ni attaqu\u00e9 ni tu\u00e9, mais demeurent spoli\u00e9es par l\u2019envahisseur, d\u00e9plac\u00e9s de force dans l\u2019indiff\u00e9rence\u00a0?<\/p>\n<p>\u00ab\u00a0Qui s\u2019en souvient, en pleins pourparlers entre Trump et Poutine s\u2019agissant de l\u2019invasion de la d\u00e9mocratie ukrainienne par la volont\u00e9 du pr\u00e9sident de la Russie ancien du KGB de l\u2019URSS communiste\u00a0?<\/p>\n<p>\u00ab\u00a0Quand le cheval de Troie qu\u2019\u00e9tait l\u2019invasion Turque d\u2019un membre de l\u2019Union europ\u00e9enne est apparu, cette derni\u00e8re, avec la passivit\u00e9 qui la caract\u00e9rise, a ferm\u00e9 les yeux. L\u2019Histoire attend son heure et elle est proche.<\/p>\n<p>\u00ab\u00a0Comment s\u2019\u00e9tonner alors que Poutine, nostalgique de la grande Russie, attaque l\u2019Ukraine aux fronti\u00e8res de l\u2019Europe et que Trump, l\u2019impulsif pr\u00e9sident des USA qui lorgne vers le Pacifique, ne s\u2019embarrassent pas des circonvolutions des guerres d\u2019ego des leaders de la vieille Europe\u00a0?\u00a0\u00bb<\/p>\n<p>Cynisme<\/p>\n<p><strong>Jean-Michel Fidanzi, de D\u00e9ols (Indre)\u00a0:<\/strong> \u00ab\u00a0Un candidat au prix Nobel de la Paix renomme le Pentagone en minist\u00e8re de la Guerre\u2026 Si les ambitions guerri\u00e8res des dirigeants extr\u00e9mistes qui s\u00e9vissent en Russie, aux \u00c9tats-Unis ou en Isra\u00ebl et l\u2019exhibitionnisme militaire de la Chine ou de la Cor\u00e9e du Nord n\u2019\u00e9taient pas si inqui\u00e9tants pour l\u2019avenir du monde, ce serait tr\u00e8s dr\u00f4le\u00a0!\u00a0\u00bb<\/p>\n<p>Funeste vision<\/p>\n<p><strong>Didier Cabaret, de Saint-Paterne-Racan (Indre-et-Loire)\u00a0:<\/strong> \u00ab\u00a0La libert\u00e9 a un prix. L\u2019extr\u00e9misme n\u2019en a pas. Folie et raison deviennent les moteurs de nos relations. Nos d\u00e9mocraties ont compris depuis bien longtemps que la s\u00e9curit\u00e9 personnelle passait par la possibilit\u00e9 de donner son avis. L\u2019Ukraine a voulu ce mode de fonctionnement. Poutine et sa mafia en ont d\u00e9cid\u00e9 autrement.<\/p>\n<p>\u00ab\u00a0Son op\u00e9ration sp\u00e9ciale a balay\u00e9 des vies sans que nous soyons \u00e0 la hauteur de la r\u00e9ponse. Les \u00e9conomies des pays d\u00e9mocratiques ne comprennent pas assez l\u2019urgence de faire face. Poutine a bien compris que les d\u00e9mocraties ne se mettront jamais \u00e0 nu pour pallier sa funeste vision.\u00a0\u00bb<\/p>\n<p>P\u00e9ch\u00e9 d\u2019orgueil<\/p>\n<p><strong>Jean-Paul Gatard, de Vouneuil-sous-Biard (Vienne)\u00a0:<\/strong> \u00ab\u00a0Donald Trump a multipli\u00e9 les d\u00e9marches pour tenter de faire cesser les conflits majeurs. Apr\u00e8s sa tentative plus ou moins avort\u00e9e aupr\u00e8s de Poutine, il vient de lancer un plan pour la paix \u00e0 Gaza. Il voulait, \u00e0 tout prix, d\u00e9crocher ce prix Nobel de la Paix\u00a0; c\u2019\u00e9tait devenu une obsession.<\/p>\n<p>\u00ab\u00a0Mais comment le comit\u00e9 su\u00e9dois aurait pu l\u2019accorder \u00e0 quelqu\u2019un qui n\u2019h\u00e9site pas \u00e0 faire bombarder les sites nucl\u00e9aires iraniens\u00a0? Comment apporter son cr\u00e9dit \u00e0 quelqu\u2019un qui utilise les forces arm\u00e9es pour faire r\u00e9gner l\u2019ordre \u00e0 Chicago\u00a0? Comment un comit\u00e9, surtout su\u00e9dois, aurait-il pu se laisser s\u00e9duire par quelqu\u2019un qui nie les changements climatiques\u00a0?\u00a0\u00bb<\/p>\n<p>Belliciste<\/p>\n<p><strong>Sylvio Le Blanc, de Montr\u00e9al (Canada)\u00a0:<\/strong> \u00ab\u00a0Ce n\u2019est un secret pour personne\u00a0: le pr\u00e9sident \u00e9tats-unien Donald Trump r\u00eavait de recevoir le prix Nobel de la paix. Disons que ses chances de l\u2019obtenir auraient \u00e9t\u00e9 meilleures s\u2019il n\u2019avait pas sign\u00e9 un d\u00e9cret pour que le d\u00e9partement de la D\u00e9fense se nomme aussi d\u00e9partement de la Guerre.\u00a0Les jur\u00e9s norv\u00e9giens du renomm\u00e9 prix ont d\u00fb se marrer un bon coup. En r\u00e9alit\u00e9, la partie \u00e9tait perdue pour le 47e pr\u00e9sident le jour o\u00f9 il a menac\u00e9 le Groenland de l\u2019annexer, et le Panama de r\u00e9cup\u00e9rer son canal. Sa position sur Gaza n\u2019a s\u00fbrement pas aid\u00e9 non plus.<\/p>\n<p>\u00ab\u00a0Maintenant qu\u2019il est assur\u00e9 de ne pas recevoir le prix, il peut continuer \u00e0 faire copain comme cochon avec les principaux dirigeants autoritaires et bellicistes de la plan\u00e8te, ses idoles et ses mentors.\u00a0\u00bb<\/p>\n<p>Solution onusienne<\/p>\n<p><strong>Laurent Opsomer, de Saint-Amand-les-Eaux (Nord)\u00a0:<\/strong> \u00ab\u00a0Pour sortir de l&rsquo;impasse ukrainienne, pourquoi ne pas n\u00e9gocier l\u2019envoi d\u2019une force d\u2019interposition onusienne pour assurer le cessez-le-feu\u00a0? Depuis 1948, des casques bleus\u00a0remplissent, en effet, des missions de maintien de la paix \u00e0 travers le monde\u00a0; il y a actuellement onze op\u00e9rations de maintien de la paix des Nations unies (Liban, Chypre, Kosovo, R\u00e9publique d\u00e9mocratique du Congo\u2026), mobilisant environ 60.000 militaires, originaires de plus de 120 pays.<\/p>\n<p>\u00ab\u00a0Cette solution onusienne pr\u00e9sente un triple avantage\u00a0:<\/p>\n<p>1. Introduire un v\u00e9ritable multilat\u00e9ralisme dans le conflit russo-ukrainien, \u00e9vitant ainsi l\u2019accusation d\u2019une solution impos\u00e9e par l\u2019Occident et posant de nouveau les r\u00e8gles du droit international\u00a0;<\/p>\n<p>2. Atteindre les effectifs militaires n\u00e9cessaires pour une telle mission, de 50.000 \u00e0 200.000 soldats selon les analyses, des chiffres sup\u00e9rieurs aux capacit\u00e9s de la \u00ab\u00a0coalition des volontaires\u00a0\u00bb (France incluse)\u00a0;<\/p>\n<p>3. Mettre Moscou face \u00e0 ses responsabilit\u00e9s, \u00e0 savoir\u00a0: accepter des contingents multinationaux (incluant des soldats chinois et indiens) de l\u2019Onu en Ukraine pour t\u00e9moigner de son d\u00e9sir de paix.\u00a0\u00bb<\/p>\n","protected":false},"excerpt":{"rendered":"Yves Pacquier, de Fondettes (Indre-et-Loire)\u00a0: \u00ab\u00a0Nos dirigeants ne cessent de m\u2019\u00e9tonner par leur grande na\u00efvet\u00e9 face au redoutable&hellip;\n","protected":false},"author":2,"featured_media":475107,"comment_status":"","ping_status":"","sticky":false,"template":"","format":"standard","meta":{"footnotes":""},"categories":[1590],"tags":[11,8617,1777,674,27,329,12,220],"class_list":{"0":"post-475106","1":"post","2":"type-post","3":"status-publish","4":"format-standard","5":"has-post-thumbnail","7":"category-ukraine","8":"tag-actualites","9":"tag-dialogue","10":"tag-eu","11":"tag-europe","12":"tag-france","13":"tag-france-monde","14":"tag-news","15":"tag-ukraine"},"share_on_mastodon":{"url":"https:\/\/pubeurope.com\/@fr\/115401704455662422","error":""},"_links":{"self":[{"href":"https:\/\/www.europesays.com\/fr\/wp-json\/wp\/v2\/posts\/475106","targetHints":{"allow":["GET"]}}],"collection":[{"href":"https:\/\/www.europesays.com\/fr\/wp-json\/wp\/v2\/posts"}],"about":[{"href":"https:\/\/www.europesays.com\/fr\/wp-json\/wp\/v2\/types\/post"}],"author":[{"embeddable":true,"href":"https:\/\/www.europesays.com\/fr\/wp-json\/wp\/v2\/users\/2"}],"replies":[{"embeddable":true,"href":"https:\/\/www.europesays.com\/fr\/wp-json\/wp\/v2\/comments?post=475106"}],"version-history":[{"count":0,"href":"https:\/\/www.europesays.com\/fr\/wp-json\/wp\/v2\/posts\/475106\/revisions"}],"wp:featuredmedia":[{"embeddable":true,"href":"https:\/\/www.europesays.com\/fr\/wp-json\/wp\/v2\/media\/475107"}],"wp:attachment":[{"href":"https:\/\/www.europesays.com\/fr\/wp-json\/wp\/v2\/media?parent=475106"}],"wp:term":[{"taxonomy":"category","embeddable":true,"href":"https:\/\/www.europesays.com\/fr\/wp-json\/wp\/v2\/categories?post=475106"},{"taxonomy":"post_tag","embeddable":true,"href":"https:\/\/www.europesays.com\/fr\/wp-json\/wp\/v2\/tags?post=475106"}],"curies":[{"name":"wp","href":"https:\/\/api.w.org\/{rel}","templated":true}]}}