{"id":475108,"date":"2025-10-19T16:10:25","date_gmt":"2025-10-19T16:10:25","guid":{"rendered":"https:\/\/www.europesays.com\/fr\/475108\/"},"modified":"2025-10-19T16:10:25","modified_gmt":"2025-10-19T16:10:25","slug":"lactalis-se-renforce-aux-etats-unis-avec-lentite-yaourts-de-general-mills","status":"publish","type":"post","link":"https:\/\/www.europesays.com\/fr\/475108\/","title":{"rendered":"Lactalis se renforce aux \u00c9tats-Unis avec l\u2019entit\u00e9 yaourts de General Mills"},"content":{"rendered":"<p>&#13;<br \/>\n\tAnnonc\u00e9 en septembre 2024, le rachat de l\u2019activit\u00e9 yaourts de General Mills a \u00e9t\u00e9 finalis\u00e9 d\u00e9but juillet par <a title=\"Actualit\u00e9s du premier groupe laitier mondial Lactalis sur L&#039;Usine Nouvelle\" href=\"https:\/\/www.usinenouvelle.com\/lactalis\/\" rel=\"nofollow noopener\" target=\"\" class=\"lien-contextuel\">Lactalis<\/a>. Les \u00c9tats-Unis repr\u00e9sentent d\u00e9sormais 15% du chiffre d\u2019affaires du groupe mayennais. General Mills a indiqu\u00e9 r\u00e9cup\u00e9rer 2,1 milliards de dollars (1,89 milliard d\u2019euros) dans cette op\u00e9ration.<\/p>\n<p>&#13;<br \/>\n\tD\u00e9tail important : cette somme vaut pour l\u2019ensemble de son activit\u00e9 yaourts en Am\u00e9rique du Nord. En effet, l\u2019entit\u00e9 canadienne a \u00e9t\u00e9 c\u00e9d\u00e9e \u00e0 un autre acteur hexagonal de premier plan, <a title=\"News de la premi\u00e8re coop\u00e9rative laiti\u00e8re fran\u00e7aise Sodiaal\" href=\"https:\/\/www.usinenouvelle.com\/sodiaal\/\" rel=\"nofollow noopener\" target=\"\" class=\"lien-contextuel\">Sodiaal<\/a>, qui a ainsi r\u00e9cup\u00e9r\u00e9 Yoplait. L\u2019essentiel de la transaction a \u00e9t\u00e9 r\u00e9gl\u00e9 par Lactalis, qui n\u2019indique pas son montant pr\u00e9cis. L\u2019ancienne entit\u00e9 a r\u00e9alis\u00e9 un chiffre d\u2019affaires de 1,5 milliard de dollars, dont 1,2 milliard sur le march\u00e9 \u00e9tats-unien. Avec deux usines suppl\u00e9mentaires, Lactalis en poss\u00e8de d\u00e9sormais treize sur le sol am\u00e9ricain.<\/p>\n<p>&#13;<br \/>\n\t<a href=\"https:\/\/www.usinenouvelle.com\/l-usine-nouvelle-du-5-septembre-2025-n3746,7627\" target=\"_blank\" rel=\"nofollow noopener\"><img decoding=\"async\" alt=\"Couv 3746\" src=\"data:image\/gif;base64,R0lGODdhAQABAPAAAMPDwwAAACwAAAAAAQABAAACAkQBADs=\" data-original=\"https:\/\/www.usinenouvelle.com\/mediatheque\/7\/5\/9\/001530957_illustration_large.jpg\" style=\"height: 194px; width: 150px; margin: 5px; float: left;\"\/><\/a><strong>Vous lisez un article de L&rsquo;Usine Nouvelle 3746 &#8211; Septembre 2025<br \/>&#13;<br \/>\n\t<a href=\"https:\/\/www.usinenouvelle.com\/l-usine-nouvelle-du-5-septembre-2025-n3746,7627\" target=\"_blank\" rel=\"nofollow noopener\">Lire le sommaire<\/a><\/strong><\/p>\n<p class=\"editoTitleType1 editoTitleType1--lagoon is-uppercase\">S\u00e9lectionn\u00e9 <b>pour vous<\/b><\/p>\n<p>                                                                            <a class=\"editoCardType21__link editoCardType21__containerImage\" href=\"https:\/\/www.usinenouvelle.com\/article\/avec-sa-nouvelle-ligne-de-production-en-lorraine-st-hubert-veut-bousculer-le-marche-de-la-cremerie.N2239807\" data-xiti-name=\"2239807\" rel=\"nofollow noopener\" target=\"_blank\"><\/p>\n<p>                                                                                                                                                    <img decoding=\"async\" src=\"data:image\/gif;base64,R0lGODdhAQABAPAAAMPDwwAAACwAAAAAAQABAAACAkQBADs=\" data-original=\"\/mediatheque\/0\/8\/7\/001532780_256x170_c.jpeg\" alt=\"Avec sa nouvelle ligne de production en Lorraine, St Hubert veut bousculer le march\u00e9 de la cr\u00e8merie\"\/><\/p>\n<p>                            <\/a><\/p>\n","protected":false},"excerpt":{"rendered":"&#13; Annonc\u00e9 en septembre 2024, le rachat de l\u2019activit\u00e9 yaourts de General Mills a \u00e9t\u00e9 finalis\u00e9 d\u00e9but juillet&hellip;\n","protected":false},"author":2,"featured_media":475109,"comment_status":"","ping_status":"","sticky":false,"template":"","format":"standard","meta":{"footnotes":""},"categories":[1589],"tags":[11,2159,32846,17780,73,1866,59844,12,40292,1864,1865,1863,308],"class_list":{"0":"post-475108","1":"post","2":"type-post","3":"status-publish","4":"format-standard","5":"has-post-thumbnail","7":"category-etats-unis","8":"tag-actualites","9":"tag-agro","10":"tag-boissons","11":"tag-en-bref","12":"tag-etats-unis","13":"tag-etats-unis-damerique","14":"tag-lactalis","15":"tag-news","16":"tag-produits-alimentaires","17":"tag-united-states","18":"tag-united-states-of-america","19":"tag-us","20":"tag-usa"},"share_on_mastodon":{"url":"https:\/\/pubeurope.com\/@fr\/115401708327342624","error":""},"_links":{"self":[{"href":"https:\/\/www.europesays.com\/fr\/wp-json\/wp\/v2\/posts\/475108","targetHints":{"allow":["GET"]}}],"collection":[{"href":"https:\/\/www.europesays.com\/fr\/wp-json\/wp\/v2\/posts"}],"about":[{"href":"https:\/\/www.europesays.com\/fr\/wp-json\/wp\/v2\/types\/post"}],"author":[{"embeddable":true,"href":"https:\/\/www.europesays.com\/fr\/wp-json\/wp\/v2\/users\/2"}],"replies":[{"embeddable":true,"href":"https:\/\/www.europesays.com\/fr\/wp-json\/wp\/v2\/comments?post=475108"}],"version-history":[{"count":0,"href":"https:\/\/www.europesays.com\/fr\/wp-json\/wp\/v2\/posts\/475108\/revisions"}],"wp:featuredmedia":[{"embeddable":true,"href":"https:\/\/www.europesays.com\/fr\/wp-json\/wp\/v2\/media\/475109"}],"wp:attachment":[{"href":"https:\/\/www.europesays.com\/fr\/wp-json\/wp\/v2\/media?parent=475108"}],"wp:term":[{"taxonomy":"category","embeddable":true,"href":"https:\/\/www.europesays.com\/fr\/wp-json\/wp\/v2\/categories?post=475108"},{"taxonomy":"post_tag","embeddable":true,"href":"https:\/\/www.europesays.com\/fr\/wp-json\/wp\/v2\/tags?post=475108"}],"curies":[{"name":"wp","href":"https:\/\/api.w.org\/{rel}","templated":true}]}}