{"id":475111,"date":"2025-10-19T16:12:12","date_gmt":"2025-10-19T16:12:12","guid":{"rendered":"https:\/\/www.europesays.com\/fr\/475111\/"},"modified":"2025-10-19T16:12:12","modified_gmt":"2025-10-19T16:12:12","slug":"derriere-lessor-des-clubs-de-lecture-bien-plus-que-la-quete-de-bonnes-histoires","status":"publish","type":"post","link":"https:\/\/www.europesays.com\/fr\/475111\/","title":{"rendered":"Derri\u00e8re l\u2019essor des clubs de lecture, \u201cbien plus que la qu\u00eate de bonnes histoires\u201d"},"content":{"rendered":"\n<p>\u201cNous mangeons, nous buvons, nous fumons, nous discutons. Et nous lisons des livres.\u201d Alors que la Foire du livre se tiendra \u00e0 Francfort du 15\u00a0au 19\u00a0octobre, le quotidien conservateur <strong>Frankfurter Allgemeine Zeitung (FAZ)<\/strong> consacrait sa une du 12\u00a0octobre aux clubs de lecture, qui se multiplient en Allemagne. Une tendance n\u00e9e sur les r\u00e9seaux sociaux, inspir\u00e9e des \u201cbooks clubs\u201d britanniques, voire des \u201csalons litt\u00e9raires des Lumi\u00e8res\u201d, qui r\u00e9unit amateurs et amatrices de litt\u00e9rature, dans l\u2019intimit\u00e9 d\u2019un foyer ou dans des lieux publics, comme les biblioth\u00e8ques ou les librairies.<\/p>\n<p>\u201cL\u2019id\u00e9e de se r\u00e9unir pour d\u00e9battre d\u2019ouvrages n\u2019est pas nouvelle\u201d, <a class=\"ithalc\" data-ithal=\"lien_externe\" data-ithalc=\"[nav_article]\" target=\"_blank\" href=\"https:\/\/www.faz.net\/aktuell\/feuilleton\/debatten\/analoge-und-digitale-buchclubs-sind-populaer-wie-nie-zuvor-accg-110726499.html\" rel=\"noopener\">reconna\u00eet la FAZ<\/a>. Mais pour les jeunes de la g\u00e9n\u00e9ration Covid-19, ces cercles de lecture offrent un rem\u00e8de \u00e0 l\u2019isolement. Car \u201cla lecture cr\u00e9e du lien\u201d. Dans une soci\u00e9t\u00e9 allemande divis\u00e9e, cette \u201cqu\u00eate de points communs malgr\u00e9 toutes les divergences politiques\u201d est pr\u00e9cieuse\u00a0: \u201cUne discussion est lanc\u00e9e par le biais des livres.\u201d<\/p>\n<p>               La lecture d\u2019une autre mani\u00e8re       <\/p>\n<p>La discussion autour d\u2019un livre est aussi un moyen de montrer sa pr\u00e9sence, de faire entendre sa voix, sans forc\u00e9ment parler de soi. Et parfois, les discussions lanc\u00e9es lors de ces rencontres \u201couvrent de nouvelles perspectives\u201d.<\/p>\n<p>                                           <a href=\"https:\/\/focus.courrierinternational.com\/2025\/10\/13\/0\/0\/2363\/3351\/1280\/0\/60\/0\/d716ac4_upload-1-wbtws5o2qdpg-page-64007-1-page-0001.jpg\" data-pswp-width=\"1280\" data-pswp-height=\"1815\" target=\"_blank\" rel=\"noopener\">      <img decoding=\"async\" loading=\"lazy\" onerror=\"this.classList.add(`img--error`)\" src=\"https:\/\/www.europesays.com\/fr\/wp-content\/uploads\/2025\/10\/d716ac4_upload-1-wbtws5o2qdpg-page-64007-1-page-0001.jpg\"  width=\"640\" height=\"908\" alt=\"Une de la FAZ, parue le dimanche 12\u00a0octobre 2025.\"\/>     <\/a>      Une de la FAZ, parue le dimanche 12\u00a0octobre 2025.   FAZ               <\/p>\n<p>L\u2019auteur de l\u2019article qui fait la une du journal allemand relate notamment une s\u00e9ance lors de laquelle l\u2019imposant classique La Montagne magique, de Thomas Mann, \u00e9tait analys\u00e9 par les participants. \u201cUn m\u00e9decin sp\u00e9cialiste \u00e9tait pr\u00e9sent et a pu expliquer \u00e0 quel point Thomas Mann connaissait bien la tuberculose. Une \u00e9ducatrice savait \u00e0 quel point la psychanalyse \u00e9tait r\u00e9pandue vers 1924, lorsque le roman a \u00e9t\u00e9 \u00e9crit. Les sc\u00e9naristes parmi nous ont d\u00e9couvert des s\u00e9quences adapt\u00e9es au cin\u00e9ma [\u2026].\u201d<\/p>\n<p>Si \u201cl\u2019ampleur du ph\u00e9nom\u00e8ne en Allemagne reste difficilement quantifiable\u201d, l\u2019engouement des clubs de lecture se lit \u00e0 travers les r\u00e9seaux sociaux\u00a0: ainsi, plus de 11\u00a0000\u00a0lectrices suivent le compte M\u00e4dels, die lesen (\u201cLes filles qui lisent\u201d) sur Instagram. Ne manque plus qu\u2019une personnalit\u00e9 publique allemande qui viendrait promouvoir le concept, comme l\u2019ont fait au Royaume-Uni la reine consort Camilla Perker Bowles ou encore la chanteuse britannique Dua Lipa. \u00c0 d\u00e9faut de sauver le march\u00e9 du livre, les clubs de lecture pourraient donc bien faire perdurer la pratique de la lecture en Allemagne, d\u2019une autre mani\u00e8re.<\/p>\n","protected":false},"excerpt":{"rendered":"\u201cNous mangeons, nous buvons, nous fumons, nous discutons. Et nous lisons des livres.\u201d Alors que la Foire du&hellip;\n","protected":false},"author":2,"featured_media":475112,"comment_status":"","ping_status":"","sticky":false,"template":"","format":"standard","meta":{"footnotes":""},"categories":[1587],"tags":[11,672,1804,1805,1803,1777,674,1801,1380,12,1802,1857,18830],"class_list":{"0":"post-475111","1":"post","2":"type-post","3":"status-publish","4":"format-standard","5":"has-post-thumbnail","7":"category-allemagne","8":"tag-actualites","9":"tag-allemagne","10":"tag-bundesrepublik-deutschland","11":"tag-de","12":"tag-deutschland","13":"tag-eu","14":"tag-europe","15":"tag-germany","16":"tag-livres","17":"tag-news","18":"tag-republique-federale-dallemagne","19":"tag-sociu00e9tu00e9","20":"tag-tendances"},"share_on_mastodon":{"url":"https:\/\/pubeurope.com\/@fr\/115401716757994016","error":""},"_links":{"self":[{"href":"https:\/\/www.europesays.com\/fr\/wp-json\/wp\/v2\/posts\/475111","targetHints":{"allow":["GET"]}}],"collection":[{"href":"https:\/\/www.europesays.com\/fr\/wp-json\/wp\/v2\/posts"}],"about":[{"href":"https:\/\/www.europesays.com\/fr\/wp-json\/wp\/v2\/types\/post"}],"author":[{"embeddable":true,"href":"https:\/\/www.europesays.com\/fr\/wp-json\/wp\/v2\/users\/2"}],"replies":[{"embeddable":true,"href":"https:\/\/www.europesays.com\/fr\/wp-json\/wp\/v2\/comments?post=475111"}],"version-history":[{"count":0,"href":"https:\/\/www.europesays.com\/fr\/wp-json\/wp\/v2\/posts\/475111\/revisions"}],"wp:featuredmedia":[{"embeddable":true,"href":"https:\/\/www.europesays.com\/fr\/wp-json\/wp\/v2\/media\/475112"}],"wp:attachment":[{"href":"https:\/\/www.europesays.com\/fr\/wp-json\/wp\/v2\/media?parent=475111"}],"wp:term":[{"taxonomy":"category","embeddable":true,"href":"https:\/\/www.europesays.com\/fr\/wp-json\/wp\/v2\/categories?post=475111"},{"taxonomy":"post_tag","embeddable":true,"href":"https:\/\/www.europesays.com\/fr\/wp-json\/wp\/v2\/tags?post=475111"}],"curies":[{"name":"wp","href":"https:\/\/api.w.org\/{rel}","templated":true}]}}