{"id":475117,"date":"2025-10-19T16:15:14","date_gmt":"2025-10-19T16:15:14","guid":{"rendered":"https:\/\/www.europesays.com\/fr\/475117\/"},"modified":"2025-10-19T16:15:14","modified_gmt":"2025-10-19T16:15:14","slug":"captivants-sur-la-danse-libre-cizeron-et-fournier-beaudry-soffrent-lor","status":"publish","type":"post","link":"https:\/\/www.europesays.com\/fr\/475117\/","title":{"rendered":"captivants sur la danse libre, Cizeron et Fournier Beaudry s\u2019offrent l\u2019or"},"content":{"rendered":"<p>Pour leur premi\u00e8re comp\u00e9tition sur la sc\u00e8ne internationale, Guillaume Cizeron et sa nouvelle partenaire Laurence Fournier\u00a0Beaudry ont remport\u00e9 le Grand prix de France \u00e0 l\u2019issue d\u2019une danse libre captivante, dimanche 19\u00a0octobre 2025 \u00e0 Angers, laissant entrevoir un potentiel prometteur \u00e0 l\u2019approche des JO de Milan.<\/p>\n<p><a target=\"_self\" href=\"https:\/\/www.lanouvellerepublique.fr\/sports\/grand-prix-de-france-de-patinage-un-bon-apprentissage-pour-le-duo-cizeron-fournier-beaudry-1760817575\" rel=\"noopener\">Troisi\u00e8mes apr\u00e8s la danse rythmique malgr\u00e9 une chute en fin de programme<\/a>, ils ont r\u00e9ussi \u00e0 remonter au classement gr\u00e2ce \u00e0 une performance merveilleuse lors de la danse libre, patin\u00e9e sur la musique aux teintes myst\u00e9rieuses de la bande originale du film \u00ab\u00a0The Whale\u00a0\u00bb. Leur prestation du jour a \u00e9t\u00e9 r\u00e9compens\u00e9e de 133,02 points, un score d\u00e9j\u00e0 impressionnant pour un d\u00e9but de saison.\u00a0<\/p>\n<p><a target=\"_self\" href=\"https:\/\/www.lanouvellerepublique.fr\/sports\/papadakis-cizeron-le-bonheur-dore\" rel=\"noopener\">Champion olympique en 2022 aux c\u00f4t\u00e9s de Gabriella Papadakis<\/a>, Cizeron a fait son retour cette saison avec Laurence Fournier\u00a0Beaudry comme nouvelle partenaire. Leur premi\u00e8re apparition en comp\u00e9tition internationale \u00e9tait particuli\u00e8rement attendue, \u00e0 moins de quatre mois des JO de Milan.<\/p>\n<p>Leur reprise a toutefois \u00e9t\u00e9 plus mouvement\u00e9e que pr\u00e9vu et marqu\u00e9e notamment par un changement de musique de derni\u00e8re minute pour leur danse rythmique. Samedi, une erreur en toute fin de programme leur a co\u00fbt\u00e9 de pr\u00e9cieux points, mais le niveau d\u00e9montr\u00e9 dimanche leur a permis de rattraper leur retard et de s\u2019imposer pour 0,8 point.<\/p>\n<p>\u00ab\u00a0Un m\u00e9lange de plein d\u2019\u00e9motions, de peur, d\u2019excitation\u00a0\u00bb<\/p>\n<p>\u00ab\u00a0Il y a toujours de l\u2019appr\u00e9hension \u00e9videmment. C\u2019est toujours un m\u00e9lange de plein d\u2019\u00e9motions, de peur, d\u2019excitation, a reconnu Cizeron. Mais je pense qu\u2019on arrive, avec l\u2019exp\u00e9rience et l\u2019\u00e9nergie l\u2019un de l\u2019autre, \u00e0 d\u00e9crocher et \u00e0 rentrer un peu dans nos personnages et dans la magie du moment.\u00a0\u00bb Cette \u00ab\u00a0magie\u00a0\u00bb s\u2019est ressentie dimanche sur la glace de l\u2019IcePark d\u2019Angers, o\u00f9 les 3.000 spectateurs ont sembl\u00e9 envo\u00fbt\u00e9s par le duo. \u00ab\u00a0On la ressent beaucoup, on la ressent avant d\u2019embarquer, on la re\u00e7oit aussi \u00e9norm\u00e9ment\u00a0\u00bb, a d\u00e9crit Laurence Fournier\u00a0Beaudry.<\/p>\n<p>\u00ab\u00a0Ce programme libre, d\u00e8s le d\u00e9but, nous touche vraiment beaucoup, a compl\u00e9t\u00e9 Cizeron. \u00ab\u00a0La musique, je ne sais pas ce que \u00e7a nous fait, mais chaque mouvement a \u00e9t\u00e9 vraiment pens\u00e9, r\u00e9fl\u00e9chi. \u00c7a nous permet, je pense, un certain l\u00e2cher-prise et une sorte d\u2019abandon dans le mouvement et de d\u00e9passer la technique.\u00a0\u00bb<\/p>\n<p>\u00c0 l\u2019approche des Jeux de Milan-Cortina, o\u00f9 Guillaume Cizeron tentera de conserver son titre, cette premi\u00e8re victoire laisse entrevoir de belles promesses pour le duo, qui ne patine ensemble que depuis le d\u00e9but de l\u2019ann\u00e9e.\u00a0\u00c0 Angers, avec un total de 211,02 points, ils ont d\u00e9j\u00e0 fait mieux que Fear et Gibson (210,24\u00a0pt), m\u00e9daill\u00e9s de bronze aux derniers Mondiaux, et surpass\u00e9 les Italiens Marco Fabbri et Charl\u00e8ne Guignard, triples champions d\u2019Europe en titre et seulement quatri\u00e8mes (195,98\u00a0pt). Les Lituaniens Allison Reed et Saulius Ambrulevicius ont, eux, pris la troisi\u00e8me place (201,05\u00a0pt).<\/p>\n<p>Avant les Jeux, Guillaume Cizeron et Laurence Fournier Beaudry auront encore l\u2019occasion de r\u00f4der leurs programmes au Grand Prix de Finlande (21\u00a0au 23\u00a0novembre), certainement lors de la finale du circuit, d\u00e9but d\u00e9cembre au Japon, puis aux championnats de France et aux championnats d\u2019Europe en janvier.<\/p>\n<p>Ilia Malinin sacr\u00e9 devant le Fran\u00e7ais Adam Siao Him Fa<\/p>\n<p>Adam Siao Him Fa a apport\u00e9 \u00e0 la France une deuxi\u00e8me m\u00e9daille en s\u2019emparant de l\u2019argent chez les messieurs, derri\u00e8re l\u2019intouchable Ilia Malinin, grand favori pour le titre aux JO de Milan.<\/p>\n<p>Sur la retenue lors du programme court, le Bordelais, vainqueur des trois pr\u00e9c\u00e9dentes \u00e9ditions du Grand Prix de France, a r\u00e9ussi \u00e0 se rel\u00e2cher dans le libre pour produire une routine de haut niveau.<\/p>\n<p>Le Fran\u00e7ais de 24\u00a0ans avait pourtant bien mal d\u00e9but\u00e9 sa saison. M\u00e9connaissable lors de sa reprise fin ao\u00fbt \u00e0 Villard-de-Lans, la pire comp\u00e9tition de sa carri\u00e8re de son propre aveu, Siao Him Fa a montr\u00e9 un tout autre visage \u00e0 Angers, souriant et plein d\u2019\u00e9nergie.<\/p>\n","protected":false},"excerpt":{"rendered":"Pour leur premi\u00e8re comp\u00e9tition sur la sc\u00e8ne internationale, Guillaume Cizeron et sa nouvelle partenaire Laurence Fournier\u00a0Beaudry ont remport\u00e9&hellip;\n","protected":false},"author":2,"featured_media":475118,"comment_status":"","ping_status":"","sticky":false,"template":"","format":"standard","meta":{"footnotes":""},"categories":[2],"tags":[11,1011,27,12,41926,25,60],"class_list":{"0":"post-475117","1":"post","2":"type-post","3":"status-publish","4":"format-standard","5":"has-post-thumbnail","7":"category-actualites","8":"tag-actualites","9":"tag-fr","10":"tag-france","11":"tag-news","12":"tag-patinage-artistique","13":"tag-republique-francaise","14":"tag-sports"},"share_on_mastodon":{"url":"https:\/\/pubeurope.com\/@fr\/115401727968430976","error":""},"_links":{"self":[{"href":"https:\/\/www.europesays.com\/fr\/wp-json\/wp\/v2\/posts\/475117","targetHints":{"allow":["GET"]}}],"collection":[{"href":"https:\/\/www.europesays.com\/fr\/wp-json\/wp\/v2\/posts"}],"about":[{"href":"https:\/\/www.europesays.com\/fr\/wp-json\/wp\/v2\/types\/post"}],"author":[{"embeddable":true,"href":"https:\/\/www.europesays.com\/fr\/wp-json\/wp\/v2\/users\/2"}],"replies":[{"embeddable":true,"href":"https:\/\/www.europesays.com\/fr\/wp-json\/wp\/v2\/comments?post=475117"}],"version-history":[{"count":0,"href":"https:\/\/www.europesays.com\/fr\/wp-json\/wp\/v2\/posts\/475117\/revisions"}],"wp:featuredmedia":[{"embeddable":true,"href":"https:\/\/www.europesays.com\/fr\/wp-json\/wp\/v2\/media\/475118"}],"wp:attachment":[{"href":"https:\/\/www.europesays.com\/fr\/wp-json\/wp\/v2\/media?parent=475117"}],"wp:term":[{"taxonomy":"category","embeddable":true,"href":"https:\/\/www.europesays.com\/fr\/wp-json\/wp\/v2\/categories?post=475117"},{"taxonomy":"post_tag","embeddable":true,"href":"https:\/\/www.europesays.com\/fr\/wp-json\/wp\/v2\/tags?post=475117"}],"curies":[{"name":"wp","href":"https:\/\/api.w.org\/{rel}","templated":true}]}}