{"id":475126,"date":"2025-10-19T16:23:14","date_gmt":"2025-10-19T16:23:14","guid":{"rendered":"https:\/\/www.europesays.com\/fr\/475126\/"},"modified":"2025-10-19T16:23:14","modified_gmt":"2025-10-19T16:23:14","slug":"motogp-australie-j3-enea-bastianini-ktm-9-a-remonte-11-places-parfois-je-me-perds","status":"publish","type":"post","link":"https:\/\/www.europesays.com\/fr\/475126\/","title":{"rendered":"MotoGP Australie J3, Enea Bastianini (KTM\/9)\u00a0a remont\u00e9 11 places\u00a0: \u00ab\u00a0Parfois, je me perds\u00a0\u00bb"},"content":{"rendered":"<p><strong>En Australie, Enea Bastianini a connu un week-end<br \/>\n\u00e9trange. <a href=\"https:\/\/www.paddock-gp.com\/motogp-australie-j2-enea-bastianini-ktm-q20-s10-partir-daussi-loin-cest-nul\/\" target=\"_blank\" rel=\"noopener nofollow\">Qualifi\u00e9 seulement 20e<\/a>, il a<br \/>\nsign\u00e9 deux tr\u00e8s belles remont\u00e9es dans les deux courses, et en<br \/>\nparticulier dans celle disput\u00e9e aujourd\u2019hui, achev\u00e9e en neuvi\u00e8me<br \/>\nposition. Ce pilote est vraiment myst\u00e9rieux\u00a0: capable du<br \/>\nmeilleur comme du pire, il navigue entre les tr\u00e9fonds du classement<br \/>\net le podium, parfois sans raison. Tous ses probl\u00e8mes ne sont pas<br \/>\nr\u00e9solus pour autant, bien s\u00fbr, mais il y a de quoi \u00eatre positif<br \/>\napr\u00e8s ce Grand Prix.<\/strong><\/p>\n<p>L\u2019air frais de Phillip Island a plut\u00f4t bien r\u00e9ussi \u00e0<br \/>\n\u00ab\u00a0Bestia\u00a0\u00bb, m\u00eame s\u2019il regrette forc\u00e9ment d\u2019\u00eatre parti<br \/>\naussi loin. \u00ab\u00a0<strong>C\u2019\u00e9tait difficile. Partir vingti\u00e8me,<br \/>\nc\u2019est compliqu\u00e9, mais j\u2019avais un bon rythme<\/strong>. Aujourd\u2019hui,<br \/>\nnous avons confirm\u00e9 celui d\u2019hier. Je peux \u00eatre satisfait des<br \/>\ncourses, mais moins du week-end. J\u2019ai eu des difficult\u00e9s pendant<br \/>\nquelques tours \u00e0 chaque s\u00e9ance, mais ici, <strong>nous avons chang\u00e9<br \/>\nde strat\u00e9gie de frein moteur<\/strong>\u00a0\u00bb disait-il sur<br \/>\n<a href=\"https:\/\/sport.sky.it\/motogp\" target=\"_blank\" rel=\"noopener nofollow\">Sky Sport<\/a>.<\/p>\n<p>\u00a0<\/p>\n<p><img loading=\"lazy\" decoding=\"async\" aria-describedby=\"caption-attachment-1340497\" class=\"wp-image-1340497 size-full\" src=\"https:\/\/www.europesays.com\/fr\/wp-content\/uploads\/2025\/10\/Bestia-2-1-e1760867486169.jpg\" alt=\"Bastianini\" width=\"800\" height=\"534\"\/><\/p>\n<p id=\"caption-attachment-1340497\" class=\"wp-caption-text\">Photo :<br \/>\nTech3<\/p>\n<p>\u00a0<\/p>\n<p>On sait \u00e0 quel point Phillip Island est un circuit particulier,<br \/>\nbien entendu, et cela n\u2019a pas aid\u00e9 \u00e0 la compr\u00e9hension g\u00e9n\u00e9rale.<br \/>\n\u00ab<strong>\u00a0Nous venions de trac\u00e9s tr\u00e8s diff\u00e9rents<\/strong>.<br \/>\nPhillip Island est l\u2019un des circuits les plus rapides, et nous<br \/>\navons utilis\u00e9 le frein moteur presque partout, en plus de la<br \/>\npuissance. Quand je peux utiliser la moto, je vais vite, mais<br \/>\nparfois, <strong>je me perds<\/strong>. C\u2019est arriv\u00e9 en d\u00e9but de<br \/>\nsaison, puis apr\u00e8s Barcelone\u00a0\u00bb poursuivait-il.<\/p>\n<p>\u00a0<\/p>\n<p><img loading=\"lazy\" decoding=\"async\" aria-describedby=\"caption-attachment-1340499\" class=\"size-full wp-image-1340499\" src=\"https:\/\/www.europesays.com\/fr\/wp-content\/uploads\/2025\/10\/Bestia-3-e1760867536501.jpg\" alt=\"Bastianini\" width=\"800\" height=\"534\"\/><\/p>\n<p id=\"caption-attachment-1340499\" class=\"wp-caption-text\">Photo :<br \/>\nTech3<\/p>\n<p>\u00a0<\/p>\n<p>Bastianini d\u00e9sire tout de m\u00eame se baser sur les progr\u00e8s r\u00e9alis\u00e9s<br \/>\nici pour les derni\u00e8res manches de la saison 2025. Dans une semaine,<br \/>\nil disputera le GP de Malaisie, o\u00f9 il avait triomph\u00e9 en 2023, dans<br \/>\nune saison tr\u00e8s difficile \u00e9galement. \u00ab <strong>Je pense que<br \/>\nnous avons compris pourquoi, et nous allons essayer d\u2019\u00eatre plus<br \/>\nr\u00e9guliers \u00e0 partir de maintenant<\/strong>. Il faut \u00eatre r\u00e9gulier,<br \/>\ncar nous savons alors que nous pouvons faire de bonnes courses<br \/>\n\u00bb concluait-il.<\/p>\n<p>Voyez-vous Enea Bastianini revenir aux avant-postes lors des<br \/>\ntrois derni\u00e8res manches de cet exercice\u00a0?<br \/>\n<strong>Dites-le-nous en commentaires\u00a0!<\/strong><\/p>\n<p><strong>R\u00e9sultats du Grand Prix d\u2019Australie MotoGP<br \/>\n2025\u00a0:<\/strong><\/p>\n<p>\u00a0<\/p>\n<p><img loading=\"lazy\" decoding=\"async\" class=\"aligncenter size-full wp-image-1340383\" src=\"https:\/\/www.europesays.com\/fr\/wp-content\/uploads\/2025\/10\/Capture-decran-2025-10-19-070405.png\" alt=\"Grand Prix Australie\" width=\"801\" height=\"537\"  \/><\/p>\n<p>\u00a0<\/p>\n<p>Cr\u00e9dit classement\u00a0: <a href=\"https:\/\/www.motogp.com\/fr\/\" target=\"_blank\" rel=\"noopener nofollow\">MotoGP.com<\/a><\/p>\n<p>Photo de couverture : Tech3<\/p>\n","protected":false},"excerpt":{"rendered":"En Australie, Enea Bastianini a connu un week-end \u00e9trange. Qualifi\u00e9 seulement 20e, il a sign\u00e9 deux tr\u00e8s belles&hellip;\n","protected":false},"author":2,"featured_media":475127,"comment_status":"","ping_status":"","sticky":false,"template":"","format":"standard","meta":{"footnotes":""},"categories":[1413],"tags":[1011,27,1457,1456,60],"class_list":{"0":"post-475126","1":"post","2":"type-post","3":"status-publish","4":"format-standard","5":"has-post-thumbnail","7":"category-moto","8":"tag-fr","9":"tag-france","10":"tag-moto","11":"tag-motocycle","12":"tag-sports"},"share_on_mastodon":{"url":"https:\/\/pubeurope.com\/@fr\/115401760126892517","error":""},"_links":{"self":[{"href":"https:\/\/www.europesays.com\/fr\/wp-json\/wp\/v2\/posts\/475126","targetHints":{"allow":["GET"]}}],"collection":[{"href":"https:\/\/www.europesays.com\/fr\/wp-json\/wp\/v2\/posts"}],"about":[{"href":"https:\/\/www.europesays.com\/fr\/wp-json\/wp\/v2\/types\/post"}],"author":[{"embeddable":true,"href":"https:\/\/www.europesays.com\/fr\/wp-json\/wp\/v2\/users\/2"}],"replies":[{"embeddable":true,"href":"https:\/\/www.europesays.com\/fr\/wp-json\/wp\/v2\/comments?post=475126"}],"version-history":[{"count":0,"href":"https:\/\/www.europesays.com\/fr\/wp-json\/wp\/v2\/posts\/475126\/revisions"}],"wp:featuredmedia":[{"embeddable":true,"href":"https:\/\/www.europesays.com\/fr\/wp-json\/wp\/v2\/media\/475127"}],"wp:attachment":[{"href":"https:\/\/www.europesays.com\/fr\/wp-json\/wp\/v2\/media?parent=475126"}],"wp:term":[{"taxonomy":"category","embeddable":true,"href":"https:\/\/www.europesays.com\/fr\/wp-json\/wp\/v2\/categories?post=475126"},{"taxonomy":"post_tag","embeddable":true,"href":"https:\/\/www.europesays.com\/fr\/wp-json\/wp\/v2\/tags?post=475126"}],"curies":[{"name":"wp","href":"https:\/\/api.w.org\/{rel}","templated":true}]}}