{"id":475128,"date":"2025-10-19T16:24:13","date_gmt":"2025-10-19T16:24:13","guid":{"rendered":"https:\/\/www.europesays.com\/fr\/475128\/"},"modified":"2025-10-19T16:24:13","modified_gmt":"2025-10-19T16:24:13","slug":"linteressante-theorie-de-russell-sur-le-rythme-de-red-bull-et-verstappen-a-austin","status":"publish","type":"post","link":"https:\/\/www.europesays.com\/fr\/475128\/","title":{"rendered":"L&rsquo;int\u00e9ressante th\u00e9orie de Russell sur le rythme de Red Bull et Verstappen \u00e0 Austin"},"content":{"rendered":"<p>Seulement 25 milli\u00e8mes s\u00e9parent la quatri\u00e8me place de <a href=\"https:\/\/fr.motorsport.com\/driver\/george-russell\/96626\/\" target=\"_blank\" rel=\"noopener\">George Russell<\/a> \u00e0 la deuxi\u00e8me position de <a href=\"https:\/\/fr.motorsport.com\/driver\/lando-norris\/289708\/\" target=\"_blank\" rel=\"noopener\">Lando Norris<\/a> sur la grille de d\u00e9part du Grand Prix des Etats-Unis, <a href=\"https:\/\/fr.motorsport.com\/driver\/charles-leclerc\/109632\/\" target=\"_blank\" rel=\"noopener\">Charles Leclerc<\/a> \u00e9tant intercal\u00e9 entre les deux britanniques. D\u00e9\u00e7u de sa quatri\u00e8me position :\u00a0\u00ab\u00a0C&rsquo;est frustrant quand on est si proche de la deuxi\u00e8me place, je crois qu&rsquo;il y avait 20 milli\u00e8mes d&rsquo;\u00e9cart avec Lando\u00a0\u00bb,\u00a0le pilote Mercedes n&rsquo;est pas parvenu \u00e0 trouver le bon \u00e9quilibre pour pouvoir rivaliser sur l&rsquo;ensemble du tour avec <a href=\"https:\/\/fr.motorsport.com\/driver\/max-verstappen\/93029\/\" target=\"_blank\" rel=\"noopener\">Max Verstappen<\/a>, auteur de la pole position.<\/p>\n<p>\u00ab\u00a0C&rsquo;est un circuit tr\u00e8s difficile \u00e0 g\u00e9rer, avec les bosses, le vent, la vitesse, la d\u00e9gradation des pneus, il s&rsquo;agit juste de trouver le bon compromis\u00a0\u00bb, a expliqu\u00e9 Russell. \u00ab\u00a0J&rsquo;\u00e9tais dans un tr\u00e8s bon tour au d\u00e9but de la Q3, et puis j&rsquo;ai perdu, je pense, quatre dixi\u00e8mes sur Max dans le dernier secteur. Les pneus ont l\u00e2ch\u00e9. Puis dans mon dernier tour, j&rsquo;avais un dixi\u00e8me de moins dans le premier secteur, un dixi\u00e8me de moins dans le deuxi\u00e8me, mais j&rsquo;ai trouv\u00e9 trois dixi\u00e8mes ou plus dans le dernier secteur, il faut juste trouver le bon \u00e9quilibre.\u00a0\u00bb<\/p>\n<p>Loin de Max Verstappen en qualifications, George Russell a r\u00e9ussi \u00e0 rester au contact de la <a href=\"https:\/\/fr.motorsport.com\/team\/red-bull\/553\/\" target=\"_blank\" rel=\"noopener\">Red Bull<\/a> lors de la course sprint samedi, allant m\u00eame jusqu&rsquo;\u00e0 tenter une attaque dans le virage 12, en vain. Le pilote <a href=\"https:\/\/fr.motorsport.com\/team\/mercedes\/611\/\" target=\"_blank\" rel=\"noopener\">Mercedes<\/a> estime que malgr\u00e9 la domination de Max Verstappen en qualifications, il esp\u00e8re\u00a0pouvoir rivaliser avec le N\u00e9erlandais lors de la course.<\/p>\n<p>   <img decoding=\"async\" draggable=\"false\" src=\"https:\/\/www.europesays.com\/fr\/wp-content\/uploads\/2025\/10\/1760891053_201_max-verstappen-red-bull-racing.jpg\" alt=\"Max Verstappen et George Russell pendant le sprint.\" width=\"1200\" height=\"800\" loading=\"lazy\"\/> <\/p>\n<p class=\"title\">Max Verstappen et George Russell pendant le sprint.<\/p>\n<p class=\"photographer\">Photo de: Michael Potts \/ LAT Images via Getty Images<\/p>\n<p>\u00ab\u00a0Max \u00e9tait \u00e9videmment tr\u00e8s rapide, ce n&rsquo;est pas la premi\u00e8re fois que nous les voyons \u00eatre tr\u00e8s forts en qualifications sur les circuits \u00e0 grande vitesse\u00a0\u00bb, a ajout\u00e9 Russell. \u00ab\u00a0Ils ont \u00e9t\u00e9 en pole \u00e0 Silverstone, en pole \u00e0 Suzuka, en pole ici, et ils semblent avoir un tr\u00e8s bon appui quand la voiture est tr\u00e8s basse, comme dans les virages \u00e0 grande vitesse. Alors j&rsquo;esp\u00e8re qu&rsquo;en course, comme nous l&rsquo;avons vu aujourd&rsquo;hui, nous serons un peu plus proches.\u00a0\u00bb<\/p>\n<p>Lorsqu&rsquo;on lui demande s&rsquo;il a \u00e9t\u00e9 surpris de se retrouver aussi proche de la Red Bull en course, George Russell estime que la configuration de course avantage un peu plus l&rsquo;\u00e9quipe allemande : \u00ab\u00a0Comme je l&rsquo;ai dit, je pense que leur a\u00e9rodynamique est tr\u00e8s bon lorsque la voiture est tr\u00e8s basse par rapport au sol.\u00a0C&rsquo;est le cas dans les virages \u00e0 tr\u00e8s grande vitesse.\u00a0\u00bb<\/p>\n<p>\u00ab\u00a0Pour nous, c&rsquo;est le contraire, nous sommes tr\u00e8s mauvais dans ces conditions. Mais en course vous passez par ces virages \u00e0 grande vitesse, peut-\u00eatre 20 kilom\u00e8tres plus lentement, donc la voiture est plus haute, et tout converge.\u00a0\u00bb<\/p>\n<p>Estimant que son rythme de course sera meilleur qu&rsquo;en qualifications, George Russell pense que le podium est un objectif largement \u00e0 sa port\u00e9e. \u00ab\u00a0J&rsquo;esp\u00e8re que nous pourrons nous battre pour le podium, il y a \u00e9videmment beaucoup d&rsquo;\u00e9quipes diff\u00e9rentes autour de nous, Oscar [Piastri] n&rsquo;est pas en position, je m&rsquo;attends \u00e0 ce qu&rsquo;il soit rapide.\u00a0\u00bb<\/p>\n<p>Lire aussi :<\/p>\n<p>            Votre avis nous int\u00e9resse !<\/p>\n<p class=\"mt-auto\">Qu&rsquo;aimeriez-vous voir sur Motorsport.com ?<\/p>\n<p>            <a href=\"#\" class=\"ms-link text-link font-bold\">R\u00e9pondez \u00e0 notre enqu\u00eate de 5 minutes.<\/a><\/p>\n<p class=\"mt-1 font-info text-body\">&#8211; L&rsquo;\u00e9quipe Motorsport.com<\/p>\n","protected":false},"excerpt":{"rendered":"Seulement 25 milli\u00e8mes s\u00e9parent la quatri\u00e8me place de George Russell \u00e0 la deuxi\u00e8me position de Lando Norris sur&hellip;\n","protected":false},"author":2,"featured_media":475129,"comment_status":"","ping_status":"","sticky":false,"template":"","format":"standard","meta":{"footnotes":""},"categories":[1412],"tags":[2077,1451,1452,1453,1454,1455,1011,27,9124,59403,59845,4320,60],"class_list":{"0":"post-475128","1":"post","2":"type-post","3":"status-publish","4":"format-standard","5":"has-post-thumbnail","7":"category-f1","8":"tag-circuit-of-the-americas","9":"tag-f1","10":"tag-formula-1","11":"tag-formula1","12":"tag-formule-1","13":"tag-formule1","14":"tag-fr","15":"tag-france","16":"tag-george-russell","17":"tag-gp-des-u00c9tats-unis","18":"tag-lintu00e9ressante-thu00e9orie-de-russell-sur-le-rythme-de-red-bull-et-verstappen-u00e0-austin","19":"tag-mercedes","20":"tag-sports"},"share_on_mastodon":{"url":"https:\/\/pubeurope.com\/@fr\/115401763319205667","error":""},"_links":{"self":[{"href":"https:\/\/www.europesays.com\/fr\/wp-json\/wp\/v2\/posts\/475128","targetHints":{"allow":["GET"]}}],"collection":[{"href":"https:\/\/www.europesays.com\/fr\/wp-json\/wp\/v2\/posts"}],"about":[{"href":"https:\/\/www.europesays.com\/fr\/wp-json\/wp\/v2\/types\/post"}],"author":[{"embeddable":true,"href":"https:\/\/www.europesays.com\/fr\/wp-json\/wp\/v2\/users\/2"}],"replies":[{"embeddable":true,"href":"https:\/\/www.europesays.com\/fr\/wp-json\/wp\/v2\/comments?post=475128"}],"version-history":[{"count":0,"href":"https:\/\/www.europesays.com\/fr\/wp-json\/wp\/v2\/posts\/475128\/revisions"}],"wp:featuredmedia":[{"embeddable":true,"href":"https:\/\/www.europesays.com\/fr\/wp-json\/wp\/v2\/media\/475129"}],"wp:attachment":[{"href":"https:\/\/www.europesays.com\/fr\/wp-json\/wp\/v2\/media?parent=475128"}],"wp:term":[{"taxonomy":"category","embeddable":true,"href":"https:\/\/www.europesays.com\/fr\/wp-json\/wp\/v2\/categories?post=475128"},{"taxonomy":"post_tag","embeddable":true,"href":"https:\/\/www.europesays.com\/fr\/wp-json\/wp\/v2\/tags?post=475128"}],"curies":[{"name":"wp","href":"https:\/\/api.w.org\/{rel}","templated":true}]}}