{"id":475131,"date":"2025-10-19T16:27:10","date_gmt":"2025-10-19T16:27:10","guid":{"rendered":"https:\/\/www.europesays.com\/fr\/475131\/"},"modified":"2025-10-19T16:27:10","modified_gmt":"2025-10-19T16:27:10","slug":"jean-dujardin-pourquoi-son-oscar-est-la-plus-grande-arnaque-de-sa-vie","status":"publish","type":"post","link":"https:\/\/www.europesays.com\/fr\/475131\/","title":{"rendered":"Jean Dujardin : pourquoi son Oscar \u00ab\u00a0est la plus grande arnaque de sa vie\u00a0\u00bb"},"content":{"rendered":"<p>      R\u00e9sum\u00e9<\/p>\n<p>Jean Dujardin revient sur son Oscar de 2012, qualifi\u00e9 d&rsquo;\u00ab arnaque \u00bb, tout en poursuivant une carri\u00e8re internationale diversifi\u00e9e avant son retour en 2025 dans un film de science-fiction.<\/p>\n<p>        Sommaire<\/p>\n<p>On pourrait appeler \u00e7a le syndrome de l&rsquo;imposteur. Invit\u00e9 de RTL ce dimanche dans l&rsquo;\u00e9mission culturelle d&rsquo;Augustin Trapenard, <strong>Jean Dujardin est revenu sur l&rsquo;Oscar qu&rsquo;il a re\u00e7u en 2012<\/strong>, pour <a href=\"https:\/\/vsd.fr\/16287-le-cri-de-colere-dun-cineaste-on-ma-vole-the-artist\/\" target=\"_blank\" rel=\"noopener\">le film The Artist<\/a>. Une distinction qui l&rsquo;a \u00e9lev\u00e9 au rang international, et qui a totalement chang\u00e9 sa vie. Mais avec le recul, le h\u00e9ros d&rsquo;Un gars, une fille en reste convaincu : <strong>cet Oscar n&rsquo;\u00e9tait pas m\u00e9rit\u00e9<\/strong>\u2026<\/p>\n<p>\u00ab\u00a0Je me souviens d&rsquo;un truc : quand je termine l&rsquo;Oscar, quand je termine les interviews (\u2026) jusqu&rsquo;\u00e0 8 heures et demi du matin (\u2026) je rentre dans la chambre, il est 8 heures et demi du mat, je m&rsquo;enferme dans les toilettes de ma chambre. Je regarde cet Oscar et je ris tout seul et je me dis : c&rsquo;est la plus grande arnaque de ma vie. Et ce sera toujours la plus grande arnaque de ma vie !\u00a0\u00bb r\u00e9v\u00e8le ainsi Jean Dujardin au micro de RTL.<\/p>\n<p>Jean Dujardin <a href=\"https:\/\/www.public.fr\/diaporamas\/photos-jean-dujardin-encore-un-prix-pour-the-artist-qui-pourra-l-arreter\" target=\"_blank\" rel=\"noopener\">n&rsquo;a pourtant pas remport\u00e9 qu&rsquo;un Oscar pour The Artist<\/a>. Le film lui a \u00e9galement permis d&rsquo;obtenir le prix de l&rsquo;interpr\u00e9tation masculine de l&rsquo;ann\u00e9e au Festival de Cannes 2011. <strong>S&rsquo;en sont suivis le Golden Globe du meilleur acteur, le BAFTA du meilleur acteur<\/strong>, et d&rsquo;autres prix \u00e0 Santa Barbara, Sydney, Londres, Las Vegas, ou encore Phoenix.<\/p>\n<p>Jean Dujardin de retour dans \u00ab\u00a0L&rsquo;homme qui r\u00e9tr\u00e9cit\u00a0\u00bb<\/p>\n<p>Une \u00ab\u00a0grande arnaque\u00a0\u00bb qui permettra toutefois \u00e0 Jean Dujardin de devenir <strong>l&rsquo;un des plus grands acteurs fran\u00e7ais de sa g\u00e9n\u00e9ration<\/strong>. Car suite au succ\u00e8s triomphal de The Artist, l&rsquo;acteur encha\u00eenera les collaborations internationales. <strong>Il obtient des seconds r\u00f4les prestigieux<\/strong> dans diverses productions am\u00e9ricaines, <a href=\"https:\/\/www.public.fr\/diaporamas\/exclu-public-leonardo-dicaprio-avant-premiere-mondiale-du-loup-de-wall-street-public-y-etait\" target=\"_blank\" rel=\"noopener\">comme dans Le Loup de Wall Street de Martin Scorsese<\/a> puis Monuments Men de George Clooney. Il retrouvera le box-office fran\u00e7ais en jouant pour Claude Lelouch dans Un plus une, puis obtiendra des r\u00f4les plus m\u00e9diatiques. On l&rsquo;a notamment vu dans Le retour du h\u00e9ros et Novembre.<\/p>\n<p>Ce 22 octobre 2025, apr\u00e8s pr\u00e8s de trois ans d&rsquo;absence, il fait son retour au cin\u00e9ma dans L&rsquo;homme qui r\u00e9tr\u00e9cit. Dans ce film de science-fiction franco-belge r\u00e9alis\u00e9 par Jan Kounen, Jean Dujardin interpr\u00e8te Paul, <strong>un homme qui r\u00e9tr\u00e9cit peu \u00e0 peu apr\u00e8s avoir \u00e9t\u00e9 contamin\u00e9 par un myst\u00e9rieux produit<\/strong>. Il devient la proie des animaux et des insectes, et doit apprendre \u00e0 survivre dans un environnement devenu hostile. Un film adapt\u00e9 d&rsquo;un roman \u00e9ponyme de Richard Matheson, sorti en 1956, et <strong>au budget colossal de 21 millions d&rsquo;euros<\/strong>.<\/p>\n<p>      Mentionn\u00e9s dans cet article<\/p>\n<p>      Sur le m\u00eame sujet<\/p>\n","protected":false},"excerpt":{"rendered":"R\u00e9sum\u00e9 Jean Dujardin revient sur son Oscar de 2012, qualifi\u00e9 d&rsquo;\u00ab arnaque \u00bb, tout en poursuivant une carri\u00e8re&hellip;\n","protected":false},"author":2,"featured_media":475132,"comment_status":"","ping_status":"","sticky":false,"template":"","format":"standard","meta":{"footnotes":""},"categories":[1359],"tags":[36400,58,59,1011,27,218,15684,59846,973,59847],"class_list":{"0":"post-475131","1":"post","2":"type-post","3":"status-publish","4":"format-standard","5":"has-post-thumbnail","7":"category-people","8":"tag-berenice-bejo","9":"tag-divertissement","10":"tag-entertainment","11":"tag-fr","12":"tag-france","13":"tag-jean-dujardin","14":"tag-oscar","15":"tag-oscar-du-meilleur-acteur","16":"tag-people","17":"tag-the-artist"},"share_on_mastodon":{"url":"https:\/\/pubeurope.com\/@fr\/115401775218277703","error":""},"_links":{"self":[{"href":"https:\/\/www.europesays.com\/fr\/wp-json\/wp\/v2\/posts\/475131","targetHints":{"allow":["GET"]}}],"collection":[{"href":"https:\/\/www.europesays.com\/fr\/wp-json\/wp\/v2\/posts"}],"about":[{"href":"https:\/\/www.europesays.com\/fr\/wp-json\/wp\/v2\/types\/post"}],"author":[{"embeddable":true,"href":"https:\/\/www.europesays.com\/fr\/wp-json\/wp\/v2\/users\/2"}],"replies":[{"embeddable":true,"href":"https:\/\/www.europesays.com\/fr\/wp-json\/wp\/v2\/comments?post=475131"}],"version-history":[{"count":0,"href":"https:\/\/www.europesays.com\/fr\/wp-json\/wp\/v2\/posts\/475131\/revisions"}],"wp:featuredmedia":[{"embeddable":true,"href":"https:\/\/www.europesays.com\/fr\/wp-json\/wp\/v2\/media\/475132"}],"wp:attachment":[{"href":"https:\/\/www.europesays.com\/fr\/wp-json\/wp\/v2\/media?parent=475131"}],"wp:term":[{"taxonomy":"category","embeddable":true,"href":"https:\/\/www.europesays.com\/fr\/wp-json\/wp\/v2\/categories?post=475131"},{"taxonomy":"post_tag","embeddable":true,"href":"https:\/\/www.europesays.com\/fr\/wp-json\/wp\/v2\/tags?post=475131"}],"curies":[{"name":"wp","href":"https:\/\/api.w.org\/{rel}","templated":true}]}}