{"id":475135,"date":"2025-10-19T16:29:13","date_gmt":"2025-10-19T16:29:13","guid":{"rendered":"https:\/\/www.europesays.com\/fr\/475135\/"},"modified":"2025-10-19T16:29:13","modified_gmt":"2025-10-19T16:29:13","slug":"un-club-de-lecture-dedie-aux-adolescents-mordus-de-livres-en-cours-de-preparation-a-manosque","status":"publish","type":"post","link":"https:\/\/www.europesays.com\/fr\/475135\/","title":{"rendered":"Un club de lecture d\u00e9di\u00e9 aux adolescents mordus de livres en cours de pr\u00e9paration \u00e0 Manosque"},"content":{"rendered":"<p>Faire en sorte de rassembler les adolescents f\u00e9rus de lecture pour partager ses coups de c\u0153ur, \u00e9changer autour des livres, ou encore d\u00e9couvrir de nouvelles p\u00e9pites : Tel est l&rsquo;objectif derri\u00e8re ce \u00ab\u00a0Book Club Ado\u00a0\u00bb.<\/p>\n<p>Un projet de club de lecture d\u00e9di\u00e9 aux jeunes de 13 \u00e0 18 ans port\u00e9 par la m\u00e9diath\u00e8que d&rsquo;Herb\u00e8s \u00e0 Manosque (Alpes-de-Haute-Provence) et la librairie <a href=\"https:\/\/www.laprovence.com\/article\/region\/1000711121802315\/a-manosque-la-librairie-le-petit-pois-demenage-de-son-petit-local-pour-s-installer-place-du-terreau\" target=\"_blank\" rel=\"noopener\">Le Petit Pois<\/a> situ\u00e9 place du Terreau.<\/p>\n<p>Un questionnaire jusqu&rsquo;au 3 novembre 2025<\/p>\n<p>Pour qu&rsquo;il devienne r\u00e9alit\u00e9 au courant de l&rsquo;ann\u00e9e 2026, un questionnaire en ligne est ouvert pour recueillir les envies et les id\u00e9es des adolescents int\u00e9ress\u00e9s par cette animation culturelle.<\/p>\n<p>Un questionnaire \u00e0 retrouver sur la page Facebook de <a href=\"https:\/\/www.laprovence.com\/article\/societe\/83051165801309\/le-conseil-communautaire-des-jeunes-de-dlvagglo-ouvre-ses-candidatures-dans-les-alpes-de-haute-provence-et-le-var\" target=\"_blank\" rel=\"noopener\">Durance-Luberon-Verdon Agglom\u00e9ration<\/a> (DLVAgglo) jusqu&rsquo;au 3 novembre 2025.<\/p>\n","protected":false},"excerpt":{"rendered":"Faire en sorte de rassembler les adolescents f\u00e9rus de lecture pour partager ses coups de c\u0153ur, \u00e9changer autour&hellip;\n","protected":false},"author":2,"featured_media":475136,"comment_status":"","ping_status":"","sticky":false,"template":"","format":"standard","meta":{"footnotes":""},"categories":[1357],"tags":[17,3959,1007,1379,5244,9728,58,59,1011,27,2046,1380,59848,16],"class_list":{"0":"post-475135","1":"post","2":"type-post","3":"status-publish","4":"format-standard","5":"has-post-thumbnail","7":"category-livres","8":"tag-17","9":"tag-adolescents","10":"tag-aux","11":"tag-books","12":"tag-club","13":"tag-dedie","14":"tag-divertissement","15":"tag-entertainment","16":"tag-fr","17":"tag-france","18":"tag-lecture","19":"tag-livres","20":"tag-mordus","21":"tag-region"},"share_on_mastodon":{"url":"https:\/\/pubeurope.com\/@fr\/115401783007035293","error":""},"_links":{"self":[{"href":"https:\/\/www.europesays.com\/fr\/wp-json\/wp\/v2\/posts\/475135","targetHints":{"allow":["GET"]}}],"collection":[{"href":"https:\/\/www.europesays.com\/fr\/wp-json\/wp\/v2\/posts"}],"about":[{"href":"https:\/\/www.europesays.com\/fr\/wp-json\/wp\/v2\/types\/post"}],"author":[{"embeddable":true,"href":"https:\/\/www.europesays.com\/fr\/wp-json\/wp\/v2\/users\/2"}],"replies":[{"embeddable":true,"href":"https:\/\/www.europesays.com\/fr\/wp-json\/wp\/v2\/comments?post=475135"}],"version-history":[{"count":0,"href":"https:\/\/www.europesays.com\/fr\/wp-json\/wp\/v2\/posts\/475135\/revisions"}],"wp:featuredmedia":[{"embeddable":true,"href":"https:\/\/www.europesays.com\/fr\/wp-json\/wp\/v2\/media\/475136"}],"wp:attachment":[{"href":"https:\/\/www.europesays.com\/fr\/wp-json\/wp\/v2\/media?parent=475135"}],"wp:term":[{"taxonomy":"category","embeddable":true,"href":"https:\/\/www.europesays.com\/fr\/wp-json\/wp\/v2\/categories?post=475135"},{"taxonomy":"post_tag","embeddable":true,"href":"https:\/\/www.europesays.com\/fr\/wp-json\/wp\/v2\/tags?post=475135"}],"curies":[{"name":"wp","href":"https:\/\/api.w.org\/{rel}","templated":true}]}}