{"id":475158,"date":"2025-10-19T16:44:11","date_gmt":"2025-10-19T16:44:11","guid":{"rendered":"https:\/\/www.europesays.com\/fr\/475158\/"},"modified":"2025-10-19T16:44:11","modified_gmt":"2025-10-19T16:44:11","slug":"saint-etienne-les-medecins-pourront-prescrire-des-paniers-de-fruits-et-legumes-bio-aux-femmes-enceintes","status":"publish","type":"post","link":"https:\/\/www.europesays.com\/fr\/475158\/","title":{"rendered":"Saint-\u00c9tienne. Les m\u00e9decins pourront prescrire des paniers de fruits et l\u00e9gumes bio aux femmes enceintes"},"content":{"rendered":"<p>Imaginez\u2026 Vous allez chez le m\u00e9decin et ressortez avec une ordonnance pour manger bio. Cela para\u00eet invraisemblable, et pourtant\u2026 C\u2019est bien ce qui pourrait arriver, dans les prochains mois, \u00e0 certaines femmes enceintes st\u00e9phanoises.<\/p>\n<p>Le dispositif des \u00ab\u00a0Ordonnances vertes\u00a0\u00bb, lanc\u00e9 \u00e0 Strasbourg en 2022 et qui existe aujourd\u2019hui dans plusieurs villes en France, va \u00eatre exp\u00e9riment\u00e9 \u00e0 Saint-\u00c9tienne.\u00a0La Ville a sign\u00e9 un partenariat avec la communaut\u00e9 professionnelle territoriale de sant\u00e9 Grand Saint-\u00c9tienne (CPTS), qui coordonne les professionnels de sant\u00e9 lib\u00e9raux&#8230;<\/p>\n","protected":false},"excerpt":{"rendered":"Imaginez\u2026 Vous allez chez le m\u00e9decin et ressortez avec une ordonnance pour manger bio. Cela para\u00eet invraisemblable, et&hellip;\n","protected":false},"author":2,"featured_media":475159,"comment_status":"","ping_status":"","sticky":false,"template":"","format":"standard","meta":{"footnotes":""},"categories":[9653],"tags":[1111,11,2430,7539,1777,674,1011,27,3367,12,25,4001,7538,71,10806],"class_list":{"0":"post-475158","1":"post","2":"type-post","3":"status-publish","4":"format-standard","5":"has-post-thumbnail","7":"category-saint-etienne","8":"tag-actu","9":"tag-actualites","10":"tag-auvergne-rhone-alpes","11":"tag-edition-loire-sud","12":"tag-eu","13":"tag-europe","14":"tag-fr","15":"tag-france","16":"tag-loire","17":"tag-news","18":"tag-republique-francaise","19":"tag-saint-etienne","20":"tag-saint-etienne-ville","21":"tag-sante","22":"tag-selection-de-la-redaction-42"},"share_on_mastodon":{"url":"https:\/\/pubeurope.com\/@fr\/115401841934984013","error":""},"_links":{"self":[{"href":"https:\/\/www.europesays.com\/fr\/wp-json\/wp\/v2\/posts\/475158","targetHints":{"allow":["GET"]}}],"collection":[{"href":"https:\/\/www.europesays.com\/fr\/wp-json\/wp\/v2\/posts"}],"about":[{"href":"https:\/\/www.europesays.com\/fr\/wp-json\/wp\/v2\/types\/post"}],"author":[{"embeddable":true,"href":"https:\/\/www.europesays.com\/fr\/wp-json\/wp\/v2\/users\/2"}],"replies":[{"embeddable":true,"href":"https:\/\/www.europesays.com\/fr\/wp-json\/wp\/v2\/comments?post=475158"}],"version-history":[{"count":0,"href":"https:\/\/www.europesays.com\/fr\/wp-json\/wp\/v2\/posts\/475158\/revisions"}],"wp:featuredmedia":[{"embeddable":true,"href":"https:\/\/www.europesays.com\/fr\/wp-json\/wp\/v2\/media\/475159"}],"wp:attachment":[{"href":"https:\/\/www.europesays.com\/fr\/wp-json\/wp\/v2\/media?parent=475158"}],"wp:term":[{"taxonomy":"category","embeddable":true,"href":"https:\/\/www.europesays.com\/fr\/wp-json\/wp\/v2\/categories?post=475158"},{"taxonomy":"post_tag","embeddable":true,"href":"https:\/\/www.europesays.com\/fr\/wp-json\/wp\/v2\/tags?post=475158"}],"curies":[{"name":"wp","href":"https:\/\/api.w.org\/{rel}","templated":true}]}}