{"id":475179,"date":"2025-10-19T17:05:12","date_gmt":"2025-10-19T17:05:12","guid":{"rendered":"https:\/\/www.europesays.com\/fr\/475179\/"},"modified":"2025-10-19T17:05:12","modified_gmt":"2025-10-19T17:05:12","slug":"cette-ville-du-grand-est-est-la-deuxieme-de-france-a-avoir-le-plus-augmente-sa-taxe-fonciere-depuis-dix-ans","status":"publish","type":"post","link":"https:\/\/www.europesays.com\/fr\/475179\/","title":{"rendered":"Cette ville du Grand Est est la deuxi\u00e8me de France \u00e0 avoir le plus augment\u00e9 sa taxe fonci\u00e8re depuis dix ans"},"content":{"rendered":"<p>            Par<br \/>\n        <strong><br \/>\n            <a href=\"https:\/\/actu.fr\/auteur\/thomas-blanc\" title=\"Consulter tous les articles de Thomas Blanc\" target=\"_blank\" rel=\"noopener\">Thomas Blanc<\/a><br \/>\n        <\/strong><\/p>\n<p>        Publi\u00e9 le<\/p>\n<p>            19 oct. 2025 \u00e0 18h02        <\/p>\n<p>L\u2019Union nationale des propri\u00e9taires immobiliers (UNPI) a d\u00e9voil\u00e9 le 15\u00a0octobre 2025 son <a href=\"https:\/\/www.unpi.org\/fr\/1\/65\/observatoire-des-taxes-foncieres\/1.html\" target=\"_blank\" rel=\"noopener\">observatoire national des taxes fonci\u00e8res<\/a> qui donne <strong>un \u00e9tat des lieux de cette taxe ville par ville en France <\/strong>entre\u00a02014 et\u00a02024.<\/p>\n<p class=\" wall-content\">Mauvaise surprise\u2009: <strong>une commune du Grand Est figure sur le podium<\/strong> des grandes villes ayant le plus fait grimper la <a href=\"https:\/\/actu.fr\/tag\/taxe-fonciere\" target=\"_blank\" rel=\"noopener\">taxe fonci\u00e8re<\/a> depuis dix ans.<\/p>\n<p>Une augmentation de la taxe fonci\u00e8re en dix ans tr\u00e8s marqu\u00e9e dans cette ville du Grand Est<\/p>\n<p class=\" wall-content\">Tout d\u2019abord, <a href=\"https:\/\/actu.fr\/economie\/taxe-fonciere-pourquoi-a-t-elle-tant-augmente-cette-annee_53657954.html\" target=\"_blank\" rel=\"noopener\">l\u2019augmentation de la taxe fonci\u00e8re est un ph\u00e9nom\u00e8ne national<\/a>. \u00ab\u2009En moyenne, sur l\u2019ensemble du territoire, <strong>la taxe fonci\u00e8re a progress\u00e9 de 37,3\u2009% entre\u00a02014 et\u00a02024<\/strong>\u2009\u00bb, pr\u00e9cise l\u2019\u00e9tude.<\/p>\n<p class=\" wall-content\">Mais certaines mairies ont plus tir\u00e9 sur la corde que d\u2019autres. Parmi les 50 villes les plus<br \/>peupl\u00e9es de France, <strong>c\u2019est Paris qui a le plus fait augmenter sa taxe fonci\u00e8re depuis dix ans<\/strong>\u2009: avec +\u00a088\u2009%, aucune autre ville ne lui arrive \u00e0 la cheville. Mais vient juste apr\u00e8s elle\u2026 <strong>Strasbourg<\/strong>. La capitale alsacienne <strong>a en effet fait grimper la taxe fonci\u00e8re de ses r\u00e9sidents de 56\u2009%<\/strong> depuis 2014.<\/p>\n<p>    <img   decoding=\"async\" loading=\"lazy\" src=\"https:\/\/www.europesays.com\/fr\/wp-content\/uploads\/2025\/10\/capture-decran-2025-10-16-214252-960x640.png\" alt=\"Les plus grandes villes de France class\u00e9es en fonction de leur augmentation de taxe fonci\u00e8re depuis 2014\" width=\"960\" height=\"640\"\/><br \/>\n    Les plus grandes villes de France class\u00e9es en fonction de leur augmentation de la taxe fonci\u00e8re depuis 2014 (\u00a9UNPI)<\/p>\n<p class=\" wall-content\">L\u2019observatoire expose, pour justifier cette augmentation, que \u00ab\u2009les propri\u00e9taires ont subi la <strong>hausse du taux communal en 2021, <\/strong>mais\u00a0aussi celle du taux au profit de l\u2019<a href=\"https:\/\/actu.fr\/tag\/eurometropole-de-strasbourg\" target=\"_blank\" rel=\"noopener\">Eurom\u00e9tropole de Strasbourg<\/a> en 2022\u2009\u00bb.<\/p>\n<p class=\" wall-content\">Personnalisez votre actualit\u00e9 en ajoutant vos villes et m\u00e9dias en favori avec <a href=\"https:\/\/moncompte.actu.fr\" title=\"D\u00e9couvez Mon Actu\" rel=\"nofollow noopener\" data-trk=\"{&quot;cta&quot;:{&quot;action&quot;:&quot;https:\\\/\\\/moncompte.actu.fr&quot;,&quot;category&quot;:&quot;mon compte&quot;,&quot;from&quot;:&quot;article footer&quot;,&quot;name&quot;:&quot;Mon actu&quot;,&quot;type&quot;:&quot;cta&quot;}}\" target=\"_blank\">Mon Actu<\/a>.<\/p>\n","protected":false},"excerpt":{"rendered":"Par Thomas Blanc Publi\u00e9 le 19 oct. 2025 \u00e0 18h02 L\u2019Union nationale des propri\u00e9taires immobiliers (UNPI) a d\u00e9voil\u00e9&hellip;\n","protected":false},"author":2,"featured_media":302856,"comment_status":"","ping_status":"","sticky":false,"template":"","format":"standard","meta":{"footnotes":""},"categories":[2820],"tags":[1111,11,1261,33,1777,674,1011,27,775,1116,12,25,640,9908],"class_list":{"0":"post-475179","1":"post","2":"type-post","3":"status-publish","4":"format-standard","5":"has-post-thumbnail","7":"category-strasbourg","8":"tag-actu","9":"tag-actualites","10":"tag-argent","11":"tag-economie","12":"tag-eu","13":"tag-europe","14":"tag-fr","15":"tag-france","16":"tag-grand-est","17":"tag-immobilier","18":"tag-news","19":"tag-republique-francaise","20":"tag-strasbourg","21":"tag-taxe-fonciere"},"share_on_mastodon":{"url":"https:\/\/pubeurope.com\/@fr\/115401924664247828","error":""},"_links":{"self":[{"href":"https:\/\/www.europesays.com\/fr\/wp-json\/wp\/v2\/posts\/475179","targetHints":{"allow":["GET"]}}],"collection":[{"href":"https:\/\/www.europesays.com\/fr\/wp-json\/wp\/v2\/posts"}],"about":[{"href":"https:\/\/www.europesays.com\/fr\/wp-json\/wp\/v2\/types\/post"}],"author":[{"embeddable":true,"href":"https:\/\/www.europesays.com\/fr\/wp-json\/wp\/v2\/users\/2"}],"replies":[{"embeddable":true,"href":"https:\/\/www.europesays.com\/fr\/wp-json\/wp\/v2\/comments?post=475179"}],"version-history":[{"count":0,"href":"https:\/\/www.europesays.com\/fr\/wp-json\/wp\/v2\/posts\/475179\/revisions"}],"wp:featuredmedia":[{"embeddable":true,"href":"https:\/\/www.europesays.com\/fr\/wp-json\/wp\/v2\/media\/302856"}],"wp:attachment":[{"href":"https:\/\/www.europesays.com\/fr\/wp-json\/wp\/v2\/media?parent=475179"}],"wp:term":[{"taxonomy":"category","embeddable":true,"href":"https:\/\/www.europesays.com\/fr\/wp-json\/wp\/v2\/categories?post=475179"},{"taxonomy":"post_tag","embeddable":true,"href":"https:\/\/www.europesays.com\/fr\/wp-json\/wp\/v2\/tags?post=475179"}],"curies":[{"name":"wp","href":"https:\/\/api.w.org\/{rel}","templated":true}]}}